{"id":2217,"date":"2020-01-24T13:24:54","date_gmt":"2020-01-24T13:24:54","guid":{"rendered":"https:\/\/instituciones.gtm.sld.cu\/hppap\/?p=2217"},"modified":"2020-01-24T13:24:56","modified_gmt":"2020-01-24T13:24:56","slug":"biocen-trabaja-en-ensayos-para-elaborar-vacunas-de-segunda-generacion-contra-el-asma","status":"publish","type":"post","link":"https:\/\/instituciones.gtm.sld.cu\/hppap\/biocen-trabaja-en-ensayos-para-elaborar-vacunas-de-segunda-generacion-contra-el-asma\/","title":{"rendered":"BIOCEN trabaja en ensayos para elaborar vacunas de segunda generaci\u00f3n contra el asma"},"content":{"rendered":"\n<p>La Habana, 24 ene (RHC) Especialistas del Centro Nacional de \nBiopreparados, ubicado en Bejucal, municipio cubano de Mayabeque, \ntrabajan en vacunas de segunda generaci\u00f3n para el asma y reducir el \nn\u00famero de inyecciones, reporta Radio Reloj.<\/p>\n\n\n\n<p>Actualmente se ejecuta un ensayo cl\u00ednico fase dos promovido por ese \ncentro cient\u00edfico, en servicios de alergia de los hospitales capitalinos\n Calixto Garc\u00eda y Hermanos Ameijeiras, liderados por las doctoras Mirta \n\u00c1lvarez e Iglemis Figueroa.<\/p>\n\n\n\n<p>Durante a\u00f1os BIOC\u00c9N desarroll\u00f3 vacunas terap\u00e9uticas de tres especies \nde \u00e1caros, para el tratamiento del asma intermitente y persistente, de \nleve a moderada, por v\u00eda subcut\u00e1nea inyectable y sublingual en gotas.<\/p>\n\n\n\n<p>Las vacunas de al\u00e9rgenos se utilizan en las enfermedades al\u00e9rgicas  \nhace m\u00e1s de 100 a\u00f1os, son reconocidas internacionalmente como  \ntratamiento efectivo, seguro y se recomiendan por la Organizaci\u00f3n  \nMundial de la Salud.<\/p>\n\n\n\n<p>Fuente: <a href=\"http:\/\/www.radiohc.cu\/\">Radio Habana Cuba<\/a><\/p>\n","protected":false},"excerpt":{"rendered":"<p>La Habana, 24 ene (RHC) Especialistas del Centro Nacional de Biopreparados, ubicado en Bejucal, municipio cubano de Mayabeque, trabajan en vacunas de segunda generaci\u00f3n para el asma y reducir el n\u00famero de inyecciones, reporta Radio Reloj. Actualmente se ejecuta un ensayo cl\u00ednico fase dos promovido por ese centro cient\u00edfico, en servicios de alergia de los &hellip; <\/p>\n<p><a class=\"more-link btn\" href=\"https:\/\/instituciones.gtm.sld.cu\/hppap\/biocen-trabaja-en-ensayos-para-elaborar-vacunas-de-segunda-generacion-contra-el-asma\/\">Seguir leyendo<\/a><\/p>\n","protected":false},"author":40,"featured_media":2181,"comment_status":"open","ping_status":"open","sticky":false,"template":"","format":"standard","meta":{"ngg_post_thumbnail":0},"categories":[5],"tags":[],"yoast_head":"<!-- This site is optimized with the Yoast SEO plugin v21.8 - https:\/\/yoast.com\/wordpress\/plugins\/seo\/ -->\n<title>BIOCEN trabaja en ensayos para elaborar vacunas de segunda generaci\u00f3n contra el asma - Hospital Pedi\u00e1trico &quot;Pedro Agust\u00edn P\u00e9rez&quot;<\/title>\n<meta name=\"robots\" content=\"index, follow, max-snippet:-1, max-image-preview:large, max-video-preview:-1\" \/>\n<link rel=\"canonical\" href=\"https:\/\/instituciones.gtm.sld.cu\/hppap\/biocen-trabaja-en-ensayos-para-elaborar-vacunas-de-segunda-generacion-contra-el-asma\/\" \/>\n<meta property=\"og:locale\" content=\"es_ES\" \/>\n<meta property=\"og:type\" content=\"article\" \/>\n<meta property=\"og:title\" content=\"BIOCEN trabaja en ensayos para elaborar vacunas de segunda generaci\u00f3n contra el asma - Hospital Pedi\u00e1trico &quot;Pedro Agust\u00edn P\u00e9rez&quot;\" \/>\n<meta property=\"og:description\" content=\"La Habana, 24 ene (RHC) Especialistas del Centro Nacional de Biopreparados, ubicado en Bejucal, municipio cubano de Mayabeque, trabajan en vacunas de segunda generaci\u00f3n para el asma y reducir el n\u00famero de inyecciones, reporta Radio Reloj. Actualmente se ejecuta un ensayo cl\u00ednico fase dos promovido por ese centro cient\u00edfico, en servicios de alergia de los &hellip; Seguir leyendo\" \/>\n<meta property=\"og:url\" content=\"https:\/\/instituciones.gtm.sld.cu\/hppap\/biocen-trabaja-en-ensayos-para-elaborar-vacunas-de-segunda-generacion-contra-el-asma\/\" \/>\n<meta property=\"og:site_name\" content=\"Hospital Pedi\u00e1trico &quot;Pedro Agust\u00edn P\u00e9rez&quot;\" \/>\n<meta property=\"article:published_time\" content=\"2020-01-24T13:24:54+00:00\" \/>\n<meta property=\"article:modified_time\" content=\"2020-01-24T13:24:56+00:00\" \/>\n<meta property=\"og:image\" content=\"https:\/\/instituciones.gtm.sld.cu\/hppap\/wp-content\/uploads\/sites\/37\/2019\/12\/infomed-mini_2.png\" \/>\n\t<meta property=\"og:image:width\" content=\"63\" \/>\n\t<meta property=\"og:image:height\" content=\"84\" \/>\n\t<meta property=\"og:image:type\" content=\"image\/png\" \/>\n<meta name=\"twitter:card\" content=\"summary_large_image\" \/>\n<meta name=\"twitter:label1\" content=\"Escrito por\" \/>\n\t<meta name=\"twitter:data1\" content=\"\" \/>\n\t<meta name=\"twitter:label2\" content=\"Tiempo de lectura\" \/>\n\t<meta name=\"twitter:data2\" content=\"1 minuto\" \/>\n<script type=\"application\/ld+json\" class=\"yoast-schema-graph\">{\"@context\":\"https:\/\/schema.org\",\"@graph\":[{\"@type\":\"Article\",\"@id\":\"https:\/\/instituciones.gtm.sld.cu\/hppap\/biocen-trabaja-en-ensayos-para-elaborar-vacunas-de-segunda-generacion-contra-el-asma\/#article\",\"isPartOf\":{\"@id\":\"https:\/\/instituciones.gtm.sld.cu\/hppap\/biocen-trabaja-en-ensayos-para-elaborar-vacunas-de-segunda-generacion-contra-el-asma\/\"},\"author\":{\"name\":\"\",\"@id\":\"\"},\"headline\":\"BIOCEN trabaja en ensayos para elaborar vacunas de segunda generaci\u00f3n contra el asma\",\"datePublished\":\"2020-01-24T13:24:54+00:00\",\"dateModified\":\"2020-01-24T13:24:56+00:00\",\"mainEntityOfPage\":{\"@id\":\"https:\/\/instituciones.gtm.sld.cu\/hppap\/biocen-trabaja-en-ensayos-para-elaborar-vacunas-de-segunda-generacion-contra-el-asma\/\"},\"wordCount\":165,\"commentCount\":0,\"publisher\":{\"@id\":\"https:\/\/instituciones.gtm.sld.cu\/hppap\/#organization\"},\"articleSection\":[\"Noticias\"],\"inLanguage\":\"es\",\"potentialAction\":[{\"@type\":\"CommentAction\",\"name\":\"Comment\",\"target\":[\"https:\/\/instituciones.gtm.sld.cu\/hppap\/biocen-trabaja-en-ensayos-para-elaborar-vacunas-de-segunda-generacion-contra-el-asma\/#respond\"]}]},{\"@type\":\"WebPage\",\"@id\":\"https:\/\/instituciones.gtm.sld.cu\/hppap\/biocen-trabaja-en-ensayos-para-elaborar-vacunas-de-segunda-generacion-contra-el-asma\/\",\"url\":\"https:\/\/instituciones.gtm.sld.cu\/hppap\/biocen-trabaja-en-ensayos-para-elaborar-vacunas-de-segunda-generacion-contra-el-asma\/\",\"name\":\"BIOCEN trabaja en ensayos para elaborar vacunas de segunda generaci\u00f3n contra el asma - Hospital Pedi\u00e1trico &quot;Pedro Agust\u00edn P\u00e9rez&quot;\",\"isPartOf\":{\"@id\":\"https:\/\/instituciones.gtm.sld.cu\/hppap\/#website\"},\"datePublished\":\"2020-01-24T13:24:54+00:00\",\"dateModified\":\"2020-01-24T13:24:56+00:00\",\"breadcrumb\":{\"@id\":\"https:\/\/instituciones.gtm.sld.cu\/hppap\/biocen-trabaja-en-ensayos-para-elaborar-vacunas-de-segunda-generacion-contra-el-asma\/#breadcrumb\"},\"inLanguage\":\"es\",\"potentialAction\":[{\"@type\":\"ReadAction\",\"target\":[\"https:\/\/instituciones.gtm.sld.cu\/hppap\/biocen-trabaja-en-ensayos-para-elaborar-vacunas-de-segunda-generacion-contra-el-asma\/\"]}]},{\"@type\":\"BreadcrumbList\",\"@id\":\"https:\/\/instituciones.gtm.sld.cu\/hppap\/biocen-trabaja-en-ensayos-para-elaborar-vacunas-de-segunda-generacion-contra-el-asma\/#breadcrumb\",\"itemListElement\":[{\"@type\":\"ListItem\",\"position\":1,\"name\":\"Inicio\",\"item\":\"https:\/\/instituciones.gtm.sld.cu\/hppap\/\"},{\"@type\":\"ListItem\",\"position\":2,\"name\":\"BIOCEN trabaja en ensayos para elaborar vacunas de segunda generaci\u00f3n contra el asma\"}]},{\"@type\":\"WebSite\",\"@id\":\"https:\/\/instituciones.gtm.sld.cu\/hppap\/#website\",\"url\":\"https:\/\/instituciones.gtm.sld.cu\/hppap\/\",\"name\":\"Hospital Pedi\u00e1trico \\\"Pedro Agust\u00edn P\u00e9rez\\\"\",\"description\":\"\",\"publisher\":{\"@id\":\"https:\/\/instituciones.gtm.sld.cu\/hppap\/#organization\"},\"potentialAction\":[{\"@type\":\"SearchAction\",\"target\":{\"@type\":\"EntryPoint\",\"urlTemplate\":\"https:\/\/instituciones.gtm.sld.cu\/hppap\/?s={search_term_string}\"},\"query-input\":\"required name=search_term_string\"}],\"inLanguage\":\"es\"},{\"@type\":\"Organization\",\"@id\":\"https:\/\/instituciones.gtm.sld.cu\/hppap\/#organization\",\"name\":\"Hospital Pedi\u00e1trico \\\"Pedro Agust\u00edn P\u00e9rez\\\"\",\"url\":\"https:\/\/instituciones.gtm.sld.cu\/hppap\/\",\"logo\":{\"@type\":\"ImageObject\",\"inLanguage\":\"es\",\"@id\":\"https:\/\/instituciones.gtm.sld.cu\/hppap\/#\/schema\/logo\/image\/\",\"url\":\"https:\/\/instituciones.gtm.sld.cu\/hppap\/wp-content\/uploads\/sites\/37\/2024\/05\/299145640_582996300017682_8206920265837739482_n-1.jpg\",\"contentUrl\":\"https:\/\/instituciones.gtm.sld.cu\/hppap\/wp-content\/uploads\/sites\/37\/2024\/05\/299145640_582996300017682_8206920265837739482_n-1.jpg\",\"width\":960,\"height\":479,\"caption\":\"Hospital Pedi\u00e1trico \\\"Pedro Agust\u00edn P\u00e9rez\\\"\"},\"image\":{\"@id\":\"https:\/\/instituciones.gtm.sld.cu\/hppap\/#\/schema\/logo\/image\/\"}},{\"@type\":\"Person\",\"@id\":\"\",\"url\":\"https:\/\/instituciones.gtm.sld.cu\/hppap\/author\/\"}]}<\/script>\n<!-- \/ Yoast SEO plugin. -->","yoast_head_json":{"title":"BIOCEN trabaja en ensayos para elaborar vacunas de segunda generaci\u00f3n contra el asma - Hospital Pedi\u00e1trico &quot;Pedro Agust\u00edn P\u00e9rez&quot;","robots":{"index":"index","follow":"follow","max-snippet":"max-snippet:-1","max-image-preview":"max-image-preview:large","max-video-preview":"max-video-preview:-1"},"canonical":"https:\/\/instituciones.gtm.sld.cu\/hppap\/biocen-trabaja-en-ensayos-para-elaborar-vacunas-de-segunda-generacion-contra-el-asma\/","og_locale":"es_ES","og_type":"article","og_title":"BIOCEN trabaja en ensayos para elaborar vacunas de segunda generaci\u00f3n contra el asma - Hospital Pedi\u00e1trico &quot;Pedro Agust\u00edn P\u00e9rez&quot;","og_description":"La Habana, 24 ene (RHC) Especialistas del Centro Nacional de Biopreparados, ubicado en Bejucal, municipio cubano de Mayabeque, trabajan en vacunas de segunda generaci\u00f3n para el asma y reducir el n\u00famero de inyecciones, reporta Radio Reloj. Actualmente se ejecuta un ensayo cl\u00ednico fase dos promovido por ese centro cient\u00edfico, en servicios de alergia de los &hellip; Seguir leyendo","og_url":"https:\/\/instituciones.gtm.sld.cu\/hppap\/biocen-trabaja-en-ensayos-para-elaborar-vacunas-de-segunda-generacion-contra-el-asma\/","og_site_name":"Hospital Pedi\u00e1trico &quot;Pedro Agust\u00edn P\u00e9rez&quot;","article_published_time":"2020-01-24T13:24:54+00:00","article_modified_time":"2020-01-24T13:24:56+00:00","og_image":[{"width":63,"height":84,"url":"https:\/\/instituciones.gtm.sld.cu\/hppap\/wp-content\/uploads\/sites\/37\/2019\/12\/infomed-mini_2.png","type":"image\/png"}],"twitter_card":"summary_large_image","twitter_misc":{"Escrito por":"","Tiempo de lectura":"1 minuto"},"schema":{"@context":"https:\/\/schema.org","@graph":[{"@type":"Article","@id":"https:\/\/instituciones.gtm.sld.cu\/hppap\/biocen-trabaja-en-ensayos-para-elaborar-vacunas-de-segunda-generacion-contra-el-asma\/#article","isPartOf":{"@id":"https:\/\/instituciones.gtm.sld.cu\/hppap\/biocen-trabaja-en-ensayos-para-elaborar-vacunas-de-segunda-generacion-contra-el-asma\/"},"author":{"name":"","@id":""},"headline":"BIOCEN trabaja en ensayos para elaborar vacunas de segunda generaci\u00f3n contra el asma","datePublished":"2020-01-24T13:24:54+00:00","dateModified":"2020-01-24T13:24:56+00:00","mainEntityOfPage":{"@id":"https:\/\/instituciones.gtm.sld.cu\/hppap\/biocen-trabaja-en-ensayos-para-elaborar-vacunas-de-segunda-generacion-contra-el-asma\/"},"wordCount":165,"commentCount":0,"publisher":{"@id":"https:\/\/instituciones.gtm.sld.cu\/hppap\/#organization"},"articleSection":["Noticias"],"inLanguage":"es","potentialAction":[{"@type":"CommentAction","name":"Comment","target":["https:\/\/instituciones.gtm.sld.cu\/hppap\/biocen-trabaja-en-ensayos-para-elaborar-vacunas-de-segunda-generacion-contra-el-asma\/#respond"]}]},{"@type":"WebPage","@id":"https:\/\/instituciones.gtm.sld.cu\/hppap\/biocen-trabaja-en-ensayos-para-elaborar-vacunas-de-segunda-generacion-contra-el-asma\/","url":"https:\/\/instituciones.gtm.sld.cu\/hppap\/biocen-trabaja-en-ensayos-para-elaborar-vacunas-de-segunda-generacion-contra-el-asma\/","name":"BIOCEN trabaja en ensayos para elaborar vacunas de segunda generaci\u00f3n contra el asma - Hospital Pedi\u00e1trico &quot;Pedro Agust\u00edn P\u00e9rez&quot;","isPartOf":{"@id":"https:\/\/instituciones.gtm.sld.cu\/hppap\/#website"},"datePublished":"2020-01-24T13:24:54+00:00","dateModified":"2020-01-24T13:24:56+00:00","breadcrumb":{"@id":"https:\/\/instituciones.gtm.sld.cu\/hppap\/biocen-trabaja-en-ensayos-para-elaborar-vacunas-de-segunda-generacion-contra-el-asma\/#breadcrumb"},"inLanguage":"es","potentialAction":[{"@type":"ReadAction","target":["https:\/\/instituciones.gtm.sld.cu\/hppap\/biocen-trabaja-en-ensayos-para-elaborar-vacunas-de-segunda-generacion-contra-el-asma\/"]}]},{"@type":"BreadcrumbList","@id":"https:\/\/instituciones.gtm.sld.cu\/hppap\/biocen-trabaja-en-ensayos-para-elaborar-vacunas-de-segunda-generacion-contra-el-asma\/#breadcrumb","itemListElement":[{"@type":"ListItem","position":1,"name":"Inicio","item":"https:\/\/instituciones.gtm.sld.cu\/hppap\/"},{"@type":"ListItem","position":2,"name":"BIOCEN trabaja en ensayos para elaborar vacunas de segunda generaci\u00f3n contra el asma"}]},{"@type":"WebSite","@id":"https:\/\/instituciones.gtm.sld.cu\/hppap\/#website","url":"https:\/\/instituciones.gtm.sld.cu\/hppap\/","name":"Hospital Pedi\u00e1trico \"Pedro Agust\u00edn P\u00e9rez\"","description":"","publisher":{"@id":"https:\/\/instituciones.gtm.sld.cu\/hppap\/#organization"},"potentialAction":[{"@type":"SearchAction","target":{"@type":"EntryPoint","urlTemplate":"https:\/\/instituciones.gtm.sld.cu\/hppap\/?s={search_term_string}"},"query-input":"required name=search_term_string"}],"inLanguage":"es"},{"@type":"Organization","@id":"https:\/\/instituciones.gtm.sld.cu\/hppap\/#organization","name":"Hospital Pedi\u00e1trico \"Pedro Agust\u00edn P\u00e9rez\"","url":"https:\/\/instituciones.gtm.sld.cu\/hppap\/","logo":{"@type":"ImageObject","inLanguage":"es","@id":"https:\/\/instituciones.gtm.sld.cu\/hppap\/#\/schema\/logo\/image\/","url":"https:\/\/instituciones.gtm.sld.cu\/hppap\/wp-content\/uploads\/sites\/37\/2024\/05\/299145640_582996300017682_8206920265837739482_n-1.jpg","contentUrl":"https:\/\/instituciones.gtm.sld.cu\/hppap\/wp-content\/uploads\/sites\/37\/2024\/05\/299145640_582996300017682_8206920265837739482_n-1.jpg","width":960,"height":479,"caption":"Hospital Pedi\u00e1trico \"Pedro Agust\u00edn P\u00e9rez\""},"image":{"@id":"https:\/\/instituciones.gtm.sld.cu\/hppap\/#\/schema\/logo\/image\/"}},{"@type":"Person","@id":"","url":"https:\/\/instituciones.gtm.sld.cu\/hppap\/author\/"}]}},"jetpack_featured_media_url":"https:\/\/instituciones.gtm.sld.cu\/hppap\/wp-content\/uploads\/sites\/37\/2019\/12\/infomed-mini_2.png","_links":{"self":[{"href":"https:\/\/instituciones.gtm.sld.cu\/hppap\/wp-json\/wp\/v2\/posts\/2217"}],"collection":[{"href":"https:\/\/instituciones.gtm.sld.cu\/hppap\/wp-json\/wp\/v2\/posts"}],"about":[{"href":"https:\/\/instituciones.gtm.sld.cu\/hppap\/wp-json\/wp\/v2\/types\/post"}],"author":[{"embeddable":true,"href":"https:\/\/instituciones.gtm.sld.cu\/hppap\/wp-json\/wp\/v2\/users\/40"}],"replies":[{"embeddable":true,"href":"https:\/\/instituciones.gtm.sld.cu\/hppap\/wp-json\/wp\/v2\/comments?post=2217"}],"version-history":[{"count":1,"href":"https:\/\/instituciones.gtm.sld.cu\/hppap\/wp-json\/wp\/v2\/posts\/2217\/revisions"}],"predecessor-version":[{"id":2218,"href":"https:\/\/instituciones.gtm.sld.cu\/hppap\/wp-json\/wp\/v2\/posts\/2217\/revisions\/2218"}],"wp:featuredmedia":[{"embeddable":true,"href":"https:\/\/instituciones.gtm.sld.cu\/hppap\/wp-json\/wp\/v2\/media\/2181"}],"wp:attachment":[{"href":"https:\/\/instituciones.gtm.sld.cu\/hppap\/wp-json\/wp\/v2\/media?parent=2217"}],"wp:term":[{"taxonomy":"category","embeddable":true,"href":"https:\/\/instituciones.gtm.sld.cu\/hppap\/wp-json\/wp\/v2\/categories?post=2217"},{"taxonomy":"post_tag","embeddable":true,"href":"https:\/\/instituciones.gtm.sld.cu\/hppap\/wp-json\/wp\/v2\/tags?post=2217"}],"curies":[{"name":"wp","href":"https:\/\/api.w.org\/{rel}","templated":true}]}}