{"id":2257,"date":"2020-02-18T13:45:34","date_gmt":"2020-02-18T13:45:34","guid":{"rendered":"https:\/\/instituciones.gtm.sld.cu\/hppap\/?p=2257"},"modified":"2020-02-18T13:45:36","modified_gmt":"2020-02-18T13:45:36","slug":"organizacion-panamericana-de-la-salud-alerta-sobre-epidemia-de-dengue-en-america-latina-y-el-caribe","status":"publish","type":"post","link":"https:\/\/instituciones.gtm.sld.cu\/hppap\/organizacion-panamericana-de-la-salud-alerta-sobre-epidemia-de-dengue-en-america-latina-y-el-caribe\/","title":{"rendered":"Organizaci\u00f3n Panamericana de la Salud alerta sobre epidemia de dengue en Am\u00e9rica Latina y el Caribe"},"content":{"rendered":"\n<p>La Organizaci\u00f3n Panamericana de la Salud \n(OPS) alert\u00f3 que en apenas el primer mes del a\u00f1o en Am\u00e9rica Latina y el \nCaribe se han reportado 125 514 casos de dengue, incluidas 27 \ndefunciones por la enfermedad.<\/p>\n\n\n\n<p>La m\u00e1s reciente actualizaci\u00f3n \nepidemiol\u00f3gica publicada por la entidad sanitaria internacional notific\u00f3\n que pa\u00edses como M\u00e9xico, Bolivia, Honduras y Paraguay reportan un \nincremento de dos a tres veces m\u00e1s casos en las primeras cuatro semanas \nde 2020, en comparaci\u00f3n con el mismo periodo del a\u00f1o anterior.<\/p>\n\n\n\n<p>La ops indic\u00f3 que en 2019 la regi\u00f3n de las \nAm\u00e9ricas registr\u00f3 m\u00e1s de tres millones de casos, la mayor cifra \nreconocida hasta la actualidad como consecuencia del padecimiento que se\n contagia con la picadura del mosquito hembra de la especie&nbsp;<em>Aedes Aegypti<\/em>.<\/p>\n\n\n\n<p>Al respecto, el informe presentado por el \norganismo adscrito a la Organizaci\u00f3n Mundial de la Salud rese\u00f1\u00f3 que las \ncifras actuales superan los 2,4 millones de casos notificados en 2015, \na\u00f1o donde se desat\u00f3 la epidemia de dengue m\u00e1s grande de la historia, la \ncual cobr\u00f3 la vida de casi 1 400 personas.<\/p>\n\n\n\n<p>En ese sentido, el director del \nDepartamento de Enfermedades Transmisibles y Determinantes Ambientales \nde la ops, Marcos Espinal, precis\u00f3 que a pesar del incremento en el \nn\u00famero de casos en 2019, el intenso trabajo de los pa\u00edses consigui\u00f3 \nmantener la tasa de letalidad por debajo del 1 % esperado.<\/p>\n\n\n\n<p>El pasado a\u00f1o Brasil tuvo 2 241 974 casos, \n70 % del total reportado en la regi\u00f3n, mientras M\u00e9xico present\u00f3 268 458,\n Nicaragua tuvo 186 173, Colombia 127 553 y Honduras 112 708 enfermos.<\/p>\n\n\n\n<p>Para evitar que el n\u00famero de casos aumente \ndurante el periodo actual, la OPS recomend\u00f3 a la poblaci\u00f3n de las \u00e1reas \ndonde est\u00e1 circulando la enfermedad evitar automedicarse, mantener las \nmedidas de higiene y acudir con un m\u00e9dico ante la menor sospecha de \npadecimiento de dengue.<\/p>\n\n\n\n<p>Asimismo, record\u00f3 que los s\u00edntomas de la \nenfermedad son fiebre alta y repentina, dolor de cabeza y detr\u00e1s de los \nojos, dolor corporal generalizado y malestar general.<\/p>\n\n\n\n<p>Por otra parte, inst\u00f3 a fortalecer la  vigilancia, revisar los planes de emergencia y garantizar la  capacitaci\u00f3n adecuada para que los profesionales de la salud  diagnostiquen oportunamente en cada pa\u00eds.<\/p>\n\n\n\n<p>Fuente : <a rel=\"noreferrer noopener\" href=\"http:\/\/www.solvision.cu\/es\/salud\/16443-organizacion-panamericana-de-la-salud-alerta-sobre-epidemia-de-dengue-en-america-latina-y-el-caribe\" target=\"_blank\">Telecentro Solvision<\/a> <\/p>\n","protected":false},"excerpt":{"rendered":"<p>La Organizaci\u00f3n Panamericana de la Salud (OPS) alert\u00f3 que en apenas el primer mes del a\u00f1o en Am\u00e9rica Latina y el Caribe se han reportado 125 514 casos de dengue, incluidas 27 defunciones por la enfermedad. La m\u00e1s reciente actualizaci\u00f3n epidemiol\u00f3gica publicada por la entidad sanitaria internacional notific\u00f3 que pa\u00edses como M\u00e9xico, Bolivia, Honduras y &hellip; <\/p>\n<p><a class=\"more-link btn\" href=\"https:\/\/instituciones.gtm.sld.cu\/hppap\/organizacion-panamericana-de-la-salud-alerta-sobre-epidemia-de-dengue-en-america-latina-y-el-caribe\/\">Seguir leyendo<\/a><\/p>\n","protected":false},"author":40,"featured_media":2234,"comment_status":"open","ping_status":"open","sticky":false,"template":"","format":"standard","meta":{"ngg_post_thumbnail":0},"categories":[5],"tags":[],"yoast_head":"<!-- This site is optimized with the Yoast SEO plugin v21.8 - https:\/\/yoast.com\/wordpress\/plugins\/seo\/ -->\n<title>Organizaci\u00f3n Panamericana de la Salud alerta sobre epidemia de dengue en Am\u00e9rica Latina y el Caribe - Hospital Pedi\u00e1trico &quot;Pedro Agust\u00edn P\u00e9rez&quot;<\/title>\n<meta name=\"robots\" content=\"index, follow, max-snippet:-1, max-image-preview:large, max-video-preview:-1\" \/>\n<link rel=\"canonical\" href=\"https:\/\/instituciones.gtm.sld.cu\/hppap\/organizacion-panamericana-de-la-salud-alerta-sobre-epidemia-de-dengue-en-america-latina-y-el-caribe\/\" \/>\n<meta property=\"og:locale\" content=\"es_ES\" \/>\n<meta property=\"og:type\" content=\"article\" \/>\n<meta property=\"og:title\" content=\"Organizaci\u00f3n Panamericana de la Salud alerta sobre epidemia de dengue en Am\u00e9rica Latina y el Caribe - Hospital Pedi\u00e1trico &quot;Pedro Agust\u00edn P\u00e9rez&quot;\" \/>\n<meta property=\"og:description\" content=\"La Organizaci\u00f3n Panamericana de la Salud (OPS) alert\u00f3 que en apenas el primer mes del a\u00f1o en Am\u00e9rica Latina y el Caribe se han reportado 125 514 casos de dengue, incluidas 27 defunciones por la enfermedad. La m\u00e1s reciente actualizaci\u00f3n epidemiol\u00f3gica publicada por la entidad sanitaria internacional notific\u00f3 que pa\u00edses como M\u00e9xico, Bolivia, Honduras y &hellip; Seguir leyendo\" \/>\n<meta property=\"og:url\" content=\"https:\/\/instituciones.gtm.sld.cu\/hppap\/organizacion-panamericana-de-la-salud-alerta-sobre-epidemia-de-dengue-en-america-latina-y-el-caribe\/\" \/>\n<meta property=\"og:site_name\" content=\"Hospital Pedi\u00e1trico &quot;Pedro Agust\u00edn P\u00e9rez&quot;\" \/>\n<meta property=\"article:published_time\" content=\"2020-02-18T13:45:34+00:00\" \/>\n<meta property=\"article:modified_time\" content=\"2020-02-18T13:45:36+00:00\" \/>\n<meta property=\"og:image\" content=\"https:\/\/instituciones.gtm.sld.cu\/hppap\/wp-content\/uploads\/sites\/37\/2020\/02\/minsap_mini_arreglada_28.jpg\" \/>\n\t<meta property=\"og:image:width\" content=\"63\" \/>\n\t<meta property=\"og:image:height\" content=\"84\" \/>\n\t<meta property=\"og:image:type\" content=\"image\/jpeg\" \/>\n<meta name=\"twitter:card\" content=\"summary_large_image\" \/>\n<meta name=\"twitter:label1\" content=\"Escrito por\" \/>\n\t<meta name=\"twitter:data1\" content=\"\" \/>\n\t<meta name=\"twitter:label2\" content=\"Tiempo de lectura\" \/>\n\t<meta name=\"twitter:data2\" content=\"2 minutos\" \/>\n<script type=\"application\/ld+json\" class=\"yoast-schema-graph\">{\"@context\":\"https:\/\/schema.org\",\"@graph\":[{\"@type\":\"Article\",\"@id\":\"https:\/\/instituciones.gtm.sld.cu\/hppap\/organizacion-panamericana-de-la-salud-alerta-sobre-epidemia-de-dengue-en-america-latina-y-el-caribe\/#article\",\"isPartOf\":{\"@id\":\"https:\/\/instituciones.gtm.sld.cu\/hppap\/organizacion-panamericana-de-la-salud-alerta-sobre-epidemia-de-dengue-en-america-latina-y-el-caribe\/\"},\"author\":{\"name\":\"\",\"@id\":\"\"},\"headline\":\"Organizaci\u00f3n Panamericana de la Salud alerta sobre epidemia de dengue en Am\u00e9rica Latina y el Caribe\",\"datePublished\":\"2020-02-18T13:45:34+00:00\",\"dateModified\":\"2020-02-18T13:45:36+00:00\",\"mainEntityOfPage\":{\"@id\":\"https:\/\/instituciones.gtm.sld.cu\/hppap\/organizacion-panamericana-de-la-salud-alerta-sobre-epidemia-de-dengue-en-america-latina-y-el-caribe\/\"},\"wordCount\":390,\"commentCount\":0,\"publisher\":{\"@id\":\"https:\/\/instituciones.gtm.sld.cu\/hppap\/#organization\"},\"articleSection\":[\"Noticias\"],\"inLanguage\":\"es\",\"potentialAction\":[{\"@type\":\"CommentAction\",\"name\":\"Comment\",\"target\":[\"https:\/\/instituciones.gtm.sld.cu\/hppap\/organizacion-panamericana-de-la-salud-alerta-sobre-epidemia-de-dengue-en-america-latina-y-el-caribe\/#respond\"]}]},{\"@type\":\"WebPage\",\"@id\":\"https:\/\/instituciones.gtm.sld.cu\/hppap\/organizacion-panamericana-de-la-salud-alerta-sobre-epidemia-de-dengue-en-america-latina-y-el-caribe\/\",\"url\":\"https:\/\/instituciones.gtm.sld.cu\/hppap\/organizacion-panamericana-de-la-salud-alerta-sobre-epidemia-de-dengue-en-america-latina-y-el-caribe\/\",\"name\":\"Organizaci\u00f3n Panamericana de la Salud alerta sobre epidemia de dengue en Am\u00e9rica Latina y el Caribe - Hospital Pedi\u00e1trico &quot;Pedro Agust\u00edn P\u00e9rez&quot;\",\"isPartOf\":{\"@id\":\"https:\/\/instituciones.gtm.sld.cu\/hppap\/#website\"},\"datePublished\":\"2020-02-18T13:45:34+00:00\",\"dateModified\":\"2020-02-18T13:45:36+00:00\",\"breadcrumb\":{\"@id\":\"https:\/\/instituciones.gtm.sld.cu\/hppap\/organizacion-panamericana-de-la-salud-alerta-sobre-epidemia-de-dengue-en-america-latina-y-el-caribe\/#breadcrumb\"},\"inLanguage\":\"es\",\"potentialAction\":[{\"@type\":\"ReadAction\",\"target\":[\"https:\/\/instituciones.gtm.sld.cu\/hppap\/organizacion-panamericana-de-la-salud-alerta-sobre-epidemia-de-dengue-en-america-latina-y-el-caribe\/\"]}]},{\"@type\":\"BreadcrumbList\",\"@id\":\"https:\/\/instituciones.gtm.sld.cu\/hppap\/organizacion-panamericana-de-la-salud-alerta-sobre-epidemia-de-dengue-en-america-latina-y-el-caribe\/#breadcrumb\",\"itemListElement\":[{\"@type\":\"ListItem\",\"position\":1,\"name\":\"Inicio\",\"item\":\"https:\/\/instituciones.gtm.sld.cu\/hppap\/\"},{\"@type\":\"ListItem\",\"position\":2,\"name\":\"Organizaci\u00f3n Panamericana de la Salud alerta sobre epidemia de dengue en Am\u00e9rica Latina y el Caribe\"}]},{\"@type\":\"WebSite\",\"@id\":\"https:\/\/instituciones.gtm.sld.cu\/hppap\/#website\",\"url\":\"https:\/\/instituciones.gtm.sld.cu\/hppap\/\",\"name\":\"Hospital Pedi\u00e1trico \\\"Pedro Agust\u00edn P\u00e9rez\\\"\",\"description\":\"\",\"publisher\":{\"@id\":\"https:\/\/instituciones.gtm.sld.cu\/hppap\/#organization\"},\"potentialAction\":[{\"@type\":\"SearchAction\",\"target\":{\"@type\":\"EntryPoint\",\"urlTemplate\":\"https:\/\/instituciones.gtm.sld.cu\/hppap\/?s={search_term_string}\"},\"query-input\":\"required name=search_term_string\"}],\"inLanguage\":\"es\"},{\"@type\":\"Organization\",\"@id\":\"https:\/\/instituciones.gtm.sld.cu\/hppap\/#organization\",\"name\":\"Hospital Pedi\u00e1trico \\\"Pedro Agust\u00edn P\u00e9rez\\\"\",\"url\":\"https:\/\/instituciones.gtm.sld.cu\/hppap\/\",\"logo\":{\"@type\":\"ImageObject\",\"inLanguage\":\"es\",\"@id\":\"https:\/\/instituciones.gtm.sld.cu\/hppap\/#\/schema\/logo\/image\/\",\"url\":\"https:\/\/instituciones.gtm.sld.cu\/hppap\/wp-content\/uploads\/sites\/37\/2024\/05\/299145640_582996300017682_8206920265837739482_n-1.jpg\",\"contentUrl\":\"https:\/\/instituciones.gtm.sld.cu\/hppap\/wp-content\/uploads\/sites\/37\/2024\/05\/299145640_582996300017682_8206920265837739482_n-1.jpg\",\"width\":960,\"height\":479,\"caption\":\"Hospital Pedi\u00e1trico \\\"Pedro Agust\u00edn P\u00e9rez\\\"\"},\"image\":{\"@id\":\"https:\/\/instituciones.gtm.sld.cu\/hppap\/#\/schema\/logo\/image\/\"}},{\"@type\":\"Person\",\"@id\":\"\",\"url\":\"https:\/\/instituciones.gtm.sld.cu\/hppap\/author\/\"}]}<\/script>\n<!-- \/ Yoast SEO plugin. -->","yoast_head_json":{"title":"Organizaci\u00f3n Panamericana de la Salud alerta sobre epidemia de dengue en Am\u00e9rica Latina y el Caribe - Hospital Pedi\u00e1trico &quot;Pedro Agust\u00edn P\u00e9rez&quot;","robots":{"index":"index","follow":"follow","max-snippet":"max-snippet:-1","max-image-preview":"max-image-preview:large","max-video-preview":"max-video-preview:-1"},"canonical":"https:\/\/instituciones.gtm.sld.cu\/hppap\/organizacion-panamericana-de-la-salud-alerta-sobre-epidemia-de-dengue-en-america-latina-y-el-caribe\/","og_locale":"es_ES","og_type":"article","og_title":"Organizaci\u00f3n Panamericana de la Salud alerta sobre epidemia de dengue en Am\u00e9rica Latina y el Caribe - Hospital Pedi\u00e1trico &quot;Pedro Agust\u00edn P\u00e9rez&quot;","og_description":"La Organizaci\u00f3n Panamericana de la Salud (OPS) alert\u00f3 que en apenas el primer mes del a\u00f1o en Am\u00e9rica Latina y el Caribe se han reportado 125 514 casos de dengue, incluidas 27 defunciones por la enfermedad. La m\u00e1s reciente actualizaci\u00f3n epidemiol\u00f3gica publicada por la entidad sanitaria internacional notific\u00f3 que pa\u00edses como M\u00e9xico, Bolivia, Honduras y &hellip; Seguir leyendo","og_url":"https:\/\/instituciones.gtm.sld.cu\/hppap\/organizacion-panamericana-de-la-salud-alerta-sobre-epidemia-de-dengue-en-america-latina-y-el-caribe\/","og_site_name":"Hospital Pedi\u00e1trico &quot;Pedro Agust\u00edn P\u00e9rez&quot;","article_published_time":"2020-02-18T13:45:34+00:00","article_modified_time":"2020-02-18T13:45:36+00:00","og_image":[{"width":63,"height":84,"url":"https:\/\/instituciones.gtm.sld.cu\/hppap\/wp-content\/uploads\/sites\/37\/2020\/02\/minsap_mini_arreglada_28.jpg","type":"image\/jpeg"}],"twitter_card":"summary_large_image","twitter_misc":{"Escrito por":"","Tiempo de lectura":"2 minutos"},"schema":{"@context":"https:\/\/schema.org","@graph":[{"@type":"Article","@id":"https:\/\/instituciones.gtm.sld.cu\/hppap\/organizacion-panamericana-de-la-salud-alerta-sobre-epidemia-de-dengue-en-america-latina-y-el-caribe\/#article","isPartOf":{"@id":"https:\/\/instituciones.gtm.sld.cu\/hppap\/organizacion-panamericana-de-la-salud-alerta-sobre-epidemia-de-dengue-en-america-latina-y-el-caribe\/"},"author":{"name":"","@id":""},"headline":"Organizaci\u00f3n Panamericana de la Salud alerta sobre epidemia de dengue en Am\u00e9rica Latina y el Caribe","datePublished":"2020-02-18T13:45:34+00:00","dateModified":"2020-02-18T13:45:36+00:00","mainEntityOfPage":{"@id":"https:\/\/instituciones.gtm.sld.cu\/hppap\/organizacion-panamericana-de-la-salud-alerta-sobre-epidemia-de-dengue-en-america-latina-y-el-caribe\/"},"wordCount":390,"commentCount":0,"publisher":{"@id":"https:\/\/instituciones.gtm.sld.cu\/hppap\/#organization"},"articleSection":["Noticias"],"inLanguage":"es","potentialAction":[{"@type":"CommentAction","name":"Comment","target":["https:\/\/instituciones.gtm.sld.cu\/hppap\/organizacion-panamericana-de-la-salud-alerta-sobre-epidemia-de-dengue-en-america-latina-y-el-caribe\/#respond"]}]},{"@type":"WebPage","@id":"https:\/\/instituciones.gtm.sld.cu\/hppap\/organizacion-panamericana-de-la-salud-alerta-sobre-epidemia-de-dengue-en-america-latina-y-el-caribe\/","url":"https:\/\/instituciones.gtm.sld.cu\/hppap\/organizacion-panamericana-de-la-salud-alerta-sobre-epidemia-de-dengue-en-america-latina-y-el-caribe\/","name":"Organizaci\u00f3n Panamericana de la Salud alerta sobre epidemia de dengue en Am\u00e9rica Latina y el Caribe - Hospital Pedi\u00e1trico &quot;Pedro Agust\u00edn P\u00e9rez&quot;","isPartOf":{"@id":"https:\/\/instituciones.gtm.sld.cu\/hppap\/#website"},"datePublished":"2020-02-18T13:45:34+00:00","dateModified":"2020-02-18T13:45:36+00:00","breadcrumb":{"@id":"https:\/\/instituciones.gtm.sld.cu\/hppap\/organizacion-panamericana-de-la-salud-alerta-sobre-epidemia-de-dengue-en-america-latina-y-el-caribe\/#breadcrumb"},"inLanguage":"es","potentialAction":[{"@type":"ReadAction","target":["https:\/\/instituciones.gtm.sld.cu\/hppap\/organizacion-panamericana-de-la-salud-alerta-sobre-epidemia-de-dengue-en-america-latina-y-el-caribe\/"]}]},{"@type":"BreadcrumbList","@id":"https:\/\/instituciones.gtm.sld.cu\/hppap\/organizacion-panamericana-de-la-salud-alerta-sobre-epidemia-de-dengue-en-america-latina-y-el-caribe\/#breadcrumb","itemListElement":[{"@type":"ListItem","position":1,"name":"Inicio","item":"https:\/\/instituciones.gtm.sld.cu\/hppap\/"},{"@type":"ListItem","position":2,"name":"Organizaci\u00f3n Panamericana de la Salud alerta sobre epidemia de dengue en Am\u00e9rica Latina y el Caribe"}]},{"@type":"WebSite","@id":"https:\/\/instituciones.gtm.sld.cu\/hppap\/#website","url":"https:\/\/instituciones.gtm.sld.cu\/hppap\/","name":"Hospital Pedi\u00e1trico \"Pedro Agust\u00edn P\u00e9rez\"","description":"","publisher":{"@id":"https:\/\/instituciones.gtm.sld.cu\/hppap\/#organization"},"potentialAction":[{"@type":"SearchAction","target":{"@type":"EntryPoint","urlTemplate":"https:\/\/instituciones.gtm.sld.cu\/hppap\/?s={search_term_string}"},"query-input":"required name=search_term_string"}],"inLanguage":"es"},{"@type":"Organization","@id":"https:\/\/instituciones.gtm.sld.cu\/hppap\/#organization","name":"Hospital Pedi\u00e1trico \"Pedro Agust\u00edn P\u00e9rez\"","url":"https:\/\/instituciones.gtm.sld.cu\/hppap\/","logo":{"@type":"ImageObject","inLanguage":"es","@id":"https:\/\/instituciones.gtm.sld.cu\/hppap\/#\/schema\/logo\/image\/","url":"https:\/\/instituciones.gtm.sld.cu\/hppap\/wp-content\/uploads\/sites\/37\/2024\/05\/299145640_582996300017682_8206920265837739482_n-1.jpg","contentUrl":"https:\/\/instituciones.gtm.sld.cu\/hppap\/wp-content\/uploads\/sites\/37\/2024\/05\/299145640_582996300017682_8206920265837739482_n-1.jpg","width":960,"height":479,"caption":"Hospital Pedi\u00e1trico \"Pedro Agust\u00edn P\u00e9rez\""},"image":{"@id":"https:\/\/instituciones.gtm.sld.cu\/hppap\/#\/schema\/logo\/image\/"}},{"@type":"Person","@id":"","url":"https:\/\/instituciones.gtm.sld.cu\/hppap\/author\/"}]}},"jetpack_featured_media_url":"https:\/\/instituciones.gtm.sld.cu\/hppap\/wp-content\/uploads\/sites\/37\/2020\/02\/minsap_mini_arreglada_28.jpg","_links":{"self":[{"href":"https:\/\/instituciones.gtm.sld.cu\/hppap\/wp-json\/wp\/v2\/posts\/2257"}],"collection":[{"href":"https:\/\/instituciones.gtm.sld.cu\/hppap\/wp-json\/wp\/v2\/posts"}],"about":[{"href":"https:\/\/instituciones.gtm.sld.cu\/hppap\/wp-json\/wp\/v2\/types\/post"}],"author":[{"embeddable":true,"href":"https:\/\/instituciones.gtm.sld.cu\/hppap\/wp-json\/wp\/v2\/users\/40"}],"replies":[{"embeddable":true,"href":"https:\/\/instituciones.gtm.sld.cu\/hppap\/wp-json\/wp\/v2\/comments?post=2257"}],"version-history":[{"count":1,"href":"https:\/\/instituciones.gtm.sld.cu\/hppap\/wp-json\/wp\/v2\/posts\/2257\/revisions"}],"predecessor-version":[{"id":2258,"href":"https:\/\/instituciones.gtm.sld.cu\/hppap\/wp-json\/wp\/v2\/posts\/2257\/revisions\/2258"}],"wp:featuredmedia":[{"embeddable":true,"href":"https:\/\/instituciones.gtm.sld.cu\/hppap\/wp-json\/wp\/v2\/media\/2234"}],"wp:attachment":[{"href":"https:\/\/instituciones.gtm.sld.cu\/hppap\/wp-json\/wp\/v2\/media?parent=2257"}],"wp:term":[{"taxonomy":"category","embeddable":true,"href":"https:\/\/instituciones.gtm.sld.cu\/hppap\/wp-json\/wp\/v2\/categories?post=2257"},{"taxonomy":"post_tag","embeddable":true,"href":"https:\/\/instituciones.gtm.sld.cu\/hppap\/wp-json\/wp\/v2\/tags?post=2257"}],"curies":[{"name":"wp","href":"https:\/\/api.w.org\/{rel}","templated":true}]}}