{"id":2270,"date":"2020-03-06T14:27:09","date_gmt":"2020-03-06T14:27:09","guid":{"rendered":"https:\/\/instituciones.gtm.sld.cu\/hppap\/?p=2270"},"modified":"2020-03-06T14:27:11","modified_gmt":"2020-03-06T14:27:11","slug":"recomendaciones-de-la-oms-para-prevenir-el-contagio-y-la-propagacion-del-coronavirus","status":"publish","type":"post","link":"https:\/\/instituciones.gtm.sld.cu\/hppap\/recomendaciones-de-la-oms-para-prevenir-el-contagio-y-la-propagacion-del-coronavirus\/","title":{"rendered":"Recomendaciones de la OMS para prevenir el contagio y la propagaci\u00f3n del coronavirus"},"content":{"rendered":"\n<p>\nCon el prop\u00f3sito de protegerse y prevenir la propagaci\u00f3n del \ncoronavirus, la Organizaci\u00f3n Mundial de la Salud nos brinda una serie de\n medidas a tener en cuenta.\n&nbsp;\n<\/p>\n\n\n\n<ul><li>\n\n<ul><li>\nMant\u00e9ngase al d\u00eda de la informaci\u00f3n m\u00e1s reciente sobre el brote de Covid-19.\n<\/li><li>\nL\u00e1vese las manos a fondo y con frecuencia, usando un desinfectante a base de alcohol o con agua y jab\u00f3n.\n<\/li><li>\nMantenga una distancia m\u00ednima de un metro (tres pies) entre usted y cualquier persona que tosa o estornude.\n<\/li><li>\nEvite tocarse los ojos, la nariz y la boca.\n<\/li><li>\nTanto usted como las personas que le rodean deben asegurarse de \nmantener una buena higiene de las v\u00edas respiratorias: cubrirse la boca y\n la nariz con el codo doblado o con un pa\u00f1uelo de papel al toser o \nestornudar. El pa\u00f1uelo usado debe desecharse de inmediato.\n<\/li><li>\nPermanezca en casa si no se encuentra bien. Si tiene fiebre, tos y dificultad para respirar, busque atenci\u00f3n m\u00e9dica.\n<\/li><li>\nSiga las indicaciones de las autoridades sanitarias pertinentes a \nnivel nacional y local o de su empleador sobre la forma de protegerse a \ns\u00ed mismo y a los dem\u00e1s.\n<\/li><\/ul>\nLa OMS detalla adem\u00e1s las siguientes medidas de protecci\u00f3n para las\n personas que se encuentran en zonas donde se est\u00e1 propagando la \nCovid-19 o que las han visitado recientemente (en los \u00faltimos 14 d\u00edas):\n<ul><li>\nSiga las orientaciones antes expuestas.\n<\/li><li>\nPermanezca en casa si empieza a encontrarse mal, aunque se trate de\n s\u00edntomas leves como dolor de cabeza y rinorrea, hasta que se recupere.\n<\/li><li>\nSi tiene fiebre, tos y dificultad para respirar, busque r\u00e1pidamente\n asesoramiento m\u00e9dico, ya que podr\u00eda deberse a una infecci\u00f3n \nrespiratoria u otra afecci\u00f3n grave.\n<\/li><li>\nLlame con antelaci\u00f3n e informe a su \u00e1rea de atenci\u00f3n de salud sobre\n cualquier viaje que haya realizado recientemente o cualquier contacto \nque haya mantenido con viajeros.\n<\/li><\/ul>\n\n<\/li><\/ul>\n\n\n\n<p>\nTomado de Sitio Prvincial de la <a href=\"http:\/\/www.radioguantanamo.icrt.cu\/noticias\/salud\/9577-recomendaciones-de-la-oms-para-prevenir-el-contagio-y-la-propagacion-del-coronavirus\" target=\"_blank\" rel=\"noreferrer noopener\">Radio Guant\u00e1namo<\/a><\/p>\n","protected":false},"excerpt":{"rendered":"<p>Con el prop\u00f3sito de protegerse y prevenir la propagaci\u00f3n del coronavirus, la Organizaci\u00f3n Mundial de la Salud nos brinda una serie de medidas a tener en cuenta. &nbsp; Mant\u00e9ngase al d\u00eda de la informaci\u00f3n m\u00e1s reciente sobre el brote de Covid-19. L\u00e1vese las manos a fondo y con frecuencia, usando un desinfectante a base de &hellip; <\/p>\n<p><a class=\"more-link btn\" href=\"https:\/\/instituciones.gtm.sld.cu\/hppap\/recomendaciones-de-la-oms-para-prevenir-el-contagio-y-la-propagacion-del-coronavirus\/\">Seguir leyendo<\/a><\/p>\n","protected":false},"author":40,"featured_media":2271,"comment_status":"open","ping_status":"open","sticky":false,"template":"","format":"standard","meta":{"ngg_post_thumbnail":0},"categories":[5],"tags":[],"yoast_head":"<!-- This site is optimized with the Yoast SEO plugin v21.8 - https:\/\/yoast.com\/wordpress\/plugins\/seo\/ -->\n<title>Recomendaciones de la OMS para prevenir el contagio y la propagaci\u00f3n del coronavirus - Hospital Pedi\u00e1trico &quot;Pedro Agust\u00edn P\u00e9rez&quot;<\/title>\n<meta name=\"robots\" content=\"index, follow, max-snippet:-1, max-image-preview:large, max-video-preview:-1\" \/>\n<link rel=\"canonical\" href=\"https:\/\/instituciones.gtm.sld.cu\/hppap\/recomendaciones-de-la-oms-para-prevenir-el-contagio-y-la-propagacion-del-coronavirus\/\" \/>\n<meta property=\"og:locale\" content=\"es_ES\" \/>\n<meta property=\"og:type\" content=\"article\" \/>\n<meta property=\"og:title\" content=\"Recomendaciones de la OMS para prevenir el contagio y la propagaci\u00f3n del coronavirus - Hospital Pedi\u00e1trico &quot;Pedro Agust\u00edn P\u00e9rez&quot;\" \/>\n<meta property=\"og:description\" content=\"Con el prop\u00f3sito de protegerse y prevenir la propagaci\u00f3n del coronavirus, la Organizaci\u00f3n Mundial de la Salud nos brinda una serie de medidas a tener en cuenta. &nbsp; Mant\u00e9ngase al d\u00eda de la informaci\u00f3n m\u00e1s reciente sobre el brote de Covid-19. L\u00e1vese las manos a fondo y con frecuencia, usando un desinfectante a base de &hellip; Seguir leyendo\" \/>\n<meta property=\"og:url\" content=\"https:\/\/instituciones.gtm.sld.cu\/hppap\/recomendaciones-de-la-oms-para-prevenir-el-contagio-y-la-propagacion-del-coronavirus\/\" \/>\n<meta property=\"og:site_name\" content=\"Hospital Pedi\u00e1trico &quot;Pedro Agust\u00edn P\u00e9rez&quot;\" \/>\n<meta property=\"article:published_time\" content=\"2020-03-06T14:27:09+00:00\" \/>\n<meta property=\"article:modified_time\" content=\"2020-03-06T14:27:11+00:00\" \/>\n<meta property=\"og:image\" content=\"https:\/\/instituciones.gtm.sld.cu\/hppap\/wp-content\/uploads\/sites\/37\/2020\/03\/coronavirus_covid-area-1.jpg\" \/>\n\t<meta property=\"og:image:width\" content=\"84\" \/>\n\t<meta property=\"og:image:height\" content=\"47\" \/>\n\t<meta property=\"og:image:type\" content=\"image\/jpeg\" \/>\n<meta name=\"twitter:card\" content=\"summary_large_image\" \/>\n<meta name=\"twitter:label1\" content=\"Escrito por\" \/>\n\t<meta name=\"twitter:data1\" content=\"\" \/>\n\t<meta name=\"twitter:label2\" content=\"Tiempo de lectura\" \/>\n\t<meta name=\"twitter:data2\" content=\"2 minutos\" \/>\n<script type=\"application\/ld+json\" class=\"yoast-schema-graph\">{\"@context\":\"https:\/\/schema.org\",\"@graph\":[{\"@type\":\"Article\",\"@id\":\"https:\/\/instituciones.gtm.sld.cu\/hppap\/recomendaciones-de-la-oms-para-prevenir-el-contagio-y-la-propagacion-del-coronavirus\/#article\",\"isPartOf\":{\"@id\":\"https:\/\/instituciones.gtm.sld.cu\/hppap\/recomendaciones-de-la-oms-para-prevenir-el-contagio-y-la-propagacion-del-coronavirus\/\"},\"author\":{\"name\":\"\",\"@id\":\"\"},\"headline\":\"Recomendaciones de la OMS para prevenir el contagio y la propagaci\u00f3n del coronavirus\",\"datePublished\":\"2020-03-06T14:27:09+00:00\",\"dateModified\":\"2020-03-06T14:27:11+00:00\",\"mainEntityOfPage\":{\"@id\":\"https:\/\/instituciones.gtm.sld.cu\/hppap\/recomendaciones-de-la-oms-para-prevenir-el-contagio-y-la-propagacion-del-coronavirus\/\"},\"wordCount\":345,\"commentCount\":0,\"publisher\":{\"@id\":\"https:\/\/instituciones.gtm.sld.cu\/hppap\/#organization\"},\"articleSection\":[\"Noticias\"],\"inLanguage\":\"es\",\"potentialAction\":[{\"@type\":\"CommentAction\",\"name\":\"Comment\",\"target\":[\"https:\/\/instituciones.gtm.sld.cu\/hppap\/recomendaciones-de-la-oms-para-prevenir-el-contagio-y-la-propagacion-del-coronavirus\/#respond\"]}]},{\"@type\":\"WebPage\",\"@id\":\"https:\/\/instituciones.gtm.sld.cu\/hppap\/recomendaciones-de-la-oms-para-prevenir-el-contagio-y-la-propagacion-del-coronavirus\/\",\"url\":\"https:\/\/instituciones.gtm.sld.cu\/hppap\/recomendaciones-de-la-oms-para-prevenir-el-contagio-y-la-propagacion-del-coronavirus\/\",\"name\":\"Recomendaciones de la OMS para prevenir el contagio y la propagaci\u00f3n del coronavirus - Hospital Pedi\u00e1trico &quot;Pedro Agust\u00edn P\u00e9rez&quot;\",\"isPartOf\":{\"@id\":\"https:\/\/instituciones.gtm.sld.cu\/hppap\/#website\"},\"datePublished\":\"2020-03-06T14:27:09+00:00\",\"dateModified\":\"2020-03-06T14:27:11+00:00\",\"breadcrumb\":{\"@id\":\"https:\/\/instituciones.gtm.sld.cu\/hppap\/recomendaciones-de-la-oms-para-prevenir-el-contagio-y-la-propagacion-del-coronavirus\/#breadcrumb\"},\"inLanguage\":\"es\",\"potentialAction\":[{\"@type\":\"ReadAction\",\"target\":[\"https:\/\/instituciones.gtm.sld.cu\/hppap\/recomendaciones-de-la-oms-para-prevenir-el-contagio-y-la-propagacion-del-coronavirus\/\"]}]},{\"@type\":\"BreadcrumbList\",\"@id\":\"https:\/\/instituciones.gtm.sld.cu\/hppap\/recomendaciones-de-la-oms-para-prevenir-el-contagio-y-la-propagacion-del-coronavirus\/#breadcrumb\",\"itemListElement\":[{\"@type\":\"ListItem\",\"position\":1,\"name\":\"Inicio\",\"item\":\"https:\/\/instituciones.gtm.sld.cu\/hppap\/\"},{\"@type\":\"ListItem\",\"position\":2,\"name\":\"Recomendaciones de la OMS para prevenir el contagio y la propagaci\u00f3n del coronavirus\"}]},{\"@type\":\"WebSite\",\"@id\":\"https:\/\/instituciones.gtm.sld.cu\/hppap\/#website\",\"url\":\"https:\/\/instituciones.gtm.sld.cu\/hppap\/\",\"name\":\"Hospital Pedi\u00e1trico \\\"Pedro Agust\u00edn P\u00e9rez\\\"\",\"description\":\"\",\"publisher\":{\"@id\":\"https:\/\/instituciones.gtm.sld.cu\/hppap\/#organization\"},\"potentialAction\":[{\"@type\":\"SearchAction\",\"target\":{\"@type\":\"EntryPoint\",\"urlTemplate\":\"https:\/\/instituciones.gtm.sld.cu\/hppap\/?s={search_term_string}\"},\"query-input\":\"required name=search_term_string\"}],\"inLanguage\":\"es\"},{\"@type\":\"Organization\",\"@id\":\"https:\/\/instituciones.gtm.sld.cu\/hppap\/#organization\",\"name\":\"Hospital Pedi\u00e1trico \\\"Pedro Agust\u00edn P\u00e9rez\\\"\",\"url\":\"https:\/\/instituciones.gtm.sld.cu\/hppap\/\",\"logo\":{\"@type\":\"ImageObject\",\"inLanguage\":\"es\",\"@id\":\"https:\/\/instituciones.gtm.sld.cu\/hppap\/#\/schema\/logo\/image\/\",\"url\":\"https:\/\/instituciones.gtm.sld.cu\/hppap\/wp-content\/uploads\/sites\/37\/2024\/05\/299145640_582996300017682_8206920265837739482_n-1.jpg\",\"contentUrl\":\"https:\/\/instituciones.gtm.sld.cu\/hppap\/wp-content\/uploads\/sites\/37\/2024\/05\/299145640_582996300017682_8206920265837739482_n-1.jpg\",\"width\":960,\"height\":479,\"caption\":\"Hospital Pedi\u00e1trico \\\"Pedro Agust\u00edn P\u00e9rez\\\"\"},\"image\":{\"@id\":\"https:\/\/instituciones.gtm.sld.cu\/hppap\/#\/schema\/logo\/image\/\"}},{\"@type\":\"Person\",\"@id\":\"\",\"url\":\"https:\/\/instituciones.gtm.sld.cu\/hppap\/author\/\"}]}<\/script>\n<!-- \/ Yoast SEO plugin. -->","yoast_head_json":{"title":"Recomendaciones de la OMS para prevenir el contagio y la propagaci\u00f3n del coronavirus - Hospital Pedi\u00e1trico &quot;Pedro Agust\u00edn P\u00e9rez&quot;","robots":{"index":"index","follow":"follow","max-snippet":"max-snippet:-1","max-image-preview":"max-image-preview:large","max-video-preview":"max-video-preview:-1"},"canonical":"https:\/\/instituciones.gtm.sld.cu\/hppap\/recomendaciones-de-la-oms-para-prevenir-el-contagio-y-la-propagacion-del-coronavirus\/","og_locale":"es_ES","og_type":"article","og_title":"Recomendaciones de la OMS para prevenir el contagio y la propagaci\u00f3n del coronavirus - Hospital Pedi\u00e1trico &quot;Pedro Agust\u00edn P\u00e9rez&quot;","og_description":"Con el prop\u00f3sito de protegerse y prevenir la propagaci\u00f3n del coronavirus, la Organizaci\u00f3n Mundial de la Salud nos brinda una serie de medidas a tener en cuenta. &nbsp; Mant\u00e9ngase al d\u00eda de la informaci\u00f3n m\u00e1s reciente sobre el brote de Covid-19. L\u00e1vese las manos a fondo y con frecuencia, usando un desinfectante a base de &hellip; Seguir leyendo","og_url":"https:\/\/instituciones.gtm.sld.cu\/hppap\/recomendaciones-de-la-oms-para-prevenir-el-contagio-y-la-propagacion-del-coronavirus\/","og_site_name":"Hospital Pedi\u00e1trico &quot;Pedro Agust\u00edn P\u00e9rez&quot;","article_published_time":"2020-03-06T14:27:09+00:00","article_modified_time":"2020-03-06T14:27:11+00:00","og_image":[{"width":84,"height":47,"url":"https:\/\/instituciones.gtm.sld.cu\/hppap\/wp-content\/uploads\/sites\/37\/2020\/03\/coronavirus_covid-area-1.jpg","type":"image\/jpeg"}],"twitter_card":"summary_large_image","twitter_misc":{"Escrito por":"","Tiempo de lectura":"2 minutos"},"schema":{"@context":"https:\/\/schema.org","@graph":[{"@type":"Article","@id":"https:\/\/instituciones.gtm.sld.cu\/hppap\/recomendaciones-de-la-oms-para-prevenir-el-contagio-y-la-propagacion-del-coronavirus\/#article","isPartOf":{"@id":"https:\/\/instituciones.gtm.sld.cu\/hppap\/recomendaciones-de-la-oms-para-prevenir-el-contagio-y-la-propagacion-del-coronavirus\/"},"author":{"name":"","@id":""},"headline":"Recomendaciones de la OMS para prevenir el contagio y la propagaci\u00f3n del coronavirus","datePublished":"2020-03-06T14:27:09+00:00","dateModified":"2020-03-06T14:27:11+00:00","mainEntityOfPage":{"@id":"https:\/\/instituciones.gtm.sld.cu\/hppap\/recomendaciones-de-la-oms-para-prevenir-el-contagio-y-la-propagacion-del-coronavirus\/"},"wordCount":345,"commentCount":0,"publisher":{"@id":"https:\/\/instituciones.gtm.sld.cu\/hppap\/#organization"},"articleSection":["Noticias"],"inLanguage":"es","potentialAction":[{"@type":"CommentAction","name":"Comment","target":["https:\/\/instituciones.gtm.sld.cu\/hppap\/recomendaciones-de-la-oms-para-prevenir-el-contagio-y-la-propagacion-del-coronavirus\/#respond"]}]},{"@type":"WebPage","@id":"https:\/\/instituciones.gtm.sld.cu\/hppap\/recomendaciones-de-la-oms-para-prevenir-el-contagio-y-la-propagacion-del-coronavirus\/","url":"https:\/\/instituciones.gtm.sld.cu\/hppap\/recomendaciones-de-la-oms-para-prevenir-el-contagio-y-la-propagacion-del-coronavirus\/","name":"Recomendaciones de la OMS para prevenir el contagio y la propagaci\u00f3n del coronavirus - Hospital Pedi\u00e1trico &quot;Pedro Agust\u00edn P\u00e9rez&quot;","isPartOf":{"@id":"https:\/\/instituciones.gtm.sld.cu\/hppap\/#website"},"datePublished":"2020-03-06T14:27:09+00:00","dateModified":"2020-03-06T14:27:11+00:00","breadcrumb":{"@id":"https:\/\/instituciones.gtm.sld.cu\/hppap\/recomendaciones-de-la-oms-para-prevenir-el-contagio-y-la-propagacion-del-coronavirus\/#breadcrumb"},"inLanguage":"es","potentialAction":[{"@type":"ReadAction","target":["https:\/\/instituciones.gtm.sld.cu\/hppap\/recomendaciones-de-la-oms-para-prevenir-el-contagio-y-la-propagacion-del-coronavirus\/"]}]},{"@type":"BreadcrumbList","@id":"https:\/\/instituciones.gtm.sld.cu\/hppap\/recomendaciones-de-la-oms-para-prevenir-el-contagio-y-la-propagacion-del-coronavirus\/#breadcrumb","itemListElement":[{"@type":"ListItem","position":1,"name":"Inicio","item":"https:\/\/instituciones.gtm.sld.cu\/hppap\/"},{"@type":"ListItem","position":2,"name":"Recomendaciones de la OMS para prevenir el contagio y la propagaci\u00f3n del coronavirus"}]},{"@type":"WebSite","@id":"https:\/\/instituciones.gtm.sld.cu\/hppap\/#website","url":"https:\/\/instituciones.gtm.sld.cu\/hppap\/","name":"Hospital Pedi\u00e1trico \"Pedro Agust\u00edn P\u00e9rez\"","description":"","publisher":{"@id":"https:\/\/instituciones.gtm.sld.cu\/hppap\/#organization"},"potentialAction":[{"@type":"SearchAction","target":{"@type":"EntryPoint","urlTemplate":"https:\/\/instituciones.gtm.sld.cu\/hppap\/?s={search_term_string}"},"query-input":"required name=search_term_string"}],"inLanguage":"es"},{"@type":"Organization","@id":"https:\/\/instituciones.gtm.sld.cu\/hppap\/#organization","name":"Hospital Pedi\u00e1trico \"Pedro Agust\u00edn P\u00e9rez\"","url":"https:\/\/instituciones.gtm.sld.cu\/hppap\/","logo":{"@type":"ImageObject","inLanguage":"es","@id":"https:\/\/instituciones.gtm.sld.cu\/hppap\/#\/schema\/logo\/image\/","url":"https:\/\/instituciones.gtm.sld.cu\/hppap\/wp-content\/uploads\/sites\/37\/2024\/05\/299145640_582996300017682_8206920265837739482_n-1.jpg","contentUrl":"https:\/\/instituciones.gtm.sld.cu\/hppap\/wp-content\/uploads\/sites\/37\/2024\/05\/299145640_582996300017682_8206920265837739482_n-1.jpg","width":960,"height":479,"caption":"Hospital Pedi\u00e1trico \"Pedro Agust\u00edn P\u00e9rez\""},"image":{"@id":"https:\/\/instituciones.gtm.sld.cu\/hppap\/#\/schema\/logo\/image\/"}},{"@type":"Person","@id":"","url":"https:\/\/instituciones.gtm.sld.cu\/hppap\/author\/"}]}},"jetpack_featured_media_url":"https:\/\/instituciones.gtm.sld.cu\/hppap\/wp-content\/uploads\/sites\/37\/2020\/03\/coronavirus_covid-area-1.jpg","_links":{"self":[{"href":"https:\/\/instituciones.gtm.sld.cu\/hppap\/wp-json\/wp\/v2\/posts\/2270"}],"collection":[{"href":"https:\/\/instituciones.gtm.sld.cu\/hppap\/wp-json\/wp\/v2\/posts"}],"about":[{"href":"https:\/\/instituciones.gtm.sld.cu\/hppap\/wp-json\/wp\/v2\/types\/post"}],"author":[{"embeddable":true,"href":"https:\/\/instituciones.gtm.sld.cu\/hppap\/wp-json\/wp\/v2\/users\/40"}],"replies":[{"embeddable":true,"href":"https:\/\/instituciones.gtm.sld.cu\/hppap\/wp-json\/wp\/v2\/comments?post=2270"}],"version-history":[{"count":1,"href":"https:\/\/instituciones.gtm.sld.cu\/hppap\/wp-json\/wp\/v2\/posts\/2270\/revisions"}],"predecessor-version":[{"id":2272,"href":"https:\/\/instituciones.gtm.sld.cu\/hppap\/wp-json\/wp\/v2\/posts\/2270\/revisions\/2272"}],"wp:featuredmedia":[{"embeddable":true,"href":"https:\/\/instituciones.gtm.sld.cu\/hppap\/wp-json\/wp\/v2\/media\/2271"}],"wp:attachment":[{"href":"https:\/\/instituciones.gtm.sld.cu\/hppap\/wp-json\/wp\/v2\/media?parent=2270"}],"wp:term":[{"taxonomy":"category","embeddable":true,"href":"https:\/\/instituciones.gtm.sld.cu\/hppap\/wp-json\/wp\/v2\/categories?post=2270"},{"taxonomy":"post_tag","embeddable":true,"href":"https:\/\/instituciones.gtm.sld.cu\/hppap\/wp-json\/wp\/v2\/tags?post=2270"}],"curies":[{"name":"wp","href":"https:\/\/api.w.org\/{rel}","templated":true}]}}