{"id":2390,"date":"2020-04-01T12:48:31","date_gmt":"2020-04-01T12:48:31","guid":{"rendered":"https:\/\/instituciones.gtm.sld.cu\/hppap\/?p=2390"},"modified":"2020-04-01T12:52:59","modified_gmt":"2020-04-01T12:52:59","slug":"mantiene-guantanamo-un-solo-paciente-positivo-a-la-covid-19","status":"publish","type":"post","link":"https:\/\/instituciones.gtm.sld.cu\/hppap\/mantiene-guantanamo-un-solo-paciente-positivo-a-la-covid-19\/","title":{"rendered":"Mantiene Guant\u00e1namo un solo paciente positivo a la Covid-19"},"content":{"rendered":"\n<figure class=\"wp-block-image\"><img fetchpriority=\"high\" decoding=\"async\" width=\"748\" height=\"498\" src=\"https:\/\/instituciones.gtm.sld.cu\/hppap\/wp-content\/uploads\/sites\/37\/2020\/04\/Coronavirus-prueba-positiva.jpg\" alt=\"\" class=\"wp-image-2391\" srcset=\"https:\/\/instituciones.gtm.sld.cu\/hppap\/wp-content\/uploads\/sites\/37\/2020\/04\/Coronavirus-prueba-positiva.jpg 748w, https:\/\/instituciones.gtm.sld.cu\/hppap\/wp-content\/uploads\/sites\/37\/2020\/04\/Coronavirus-prueba-positiva-300x200.jpg 300w\" sizes=\"(max-width: 748px) 100vw, 748px\" \/><\/figure>\n\n\n\n<p>Guant\u00e1namo.- Hasta el cierre de esta  nota, en Guant\u00e1namo no se han reportado nuevos casos positivos al SARS  -COV 2. Cerca de 40 muestras fueron enviadas a los laboratorios  nacionales destinados para este fin, y solo tres quedan pendientes de  resultado.<\/p>\n\n\n\n<p>Autoridades\n sanitarias del territorio confirman la seguridad de la salud de la \npoblaci\u00f3n guantanamera ante la aparici\u00f3n de la primera paciente \ninfectada. Adem\u00e1s, aseguran que se cuenta con los recursos humanos y \nlog\u00edsticos necesarios para afrontar cualquier eventualidad que surja en \nalguna de las etapas epidemiol\u00f3gicas establecidas en el pa\u00eds.<\/p>\n\n\n\n<p>En  relaci\u00f3n a las preocupaciones y rumores que circulan por Internet en  torno a este primer caso, reiteran que la joven arrib\u00f3 a la provincia  antes del 23 de marzo, momento en el que a\u00fan no se hab\u00eda decidido en  Cuba mantener en centros de aislamiento, a viajeros cubanos y  extranjeros reci\u00e9n llegados.<\/p>\n\n\n\n<p>Por ese \nmotivo, la muchacha, permaneci\u00f3 en su residencia, ubicada en el \nmunicipio Manuel Tames, y no fue hasta la medianoche del quinto d\u00eda de \nsu estancia (25 de marzo), que present\u00f3 fiebre o otros s\u00edntomas \nreferidos a la enfermedad.<\/p>\n\n\n\n<p>En horas \nde la ma\u00f1ana del siguiente d\u00eda ingres\u00f3. El 29 de marzo se le hizo la \nprueba, confirm\u00e1ndose horas m\u00e1s tarde, su contagio. En ning\u00fan momento \nhubo fallos en el protocolo m\u00e9dico, y no hay posibilidad de propagaci\u00f3n \nde la enfermedad en la provincia. Aunque la primera informaci\u00f3n publicada en los medios de.comunicaci\u00f3n refer\u00eda solo 15 contactos, las investigaciones contin\u00faan. <\/p>\n\n\n\n<p>Hasta la \nfecha se cuantifican 25, y se indaga con las personas que pudieran tener\n alg\u00fan v\u00ednculo o acercamiento con los que estuvieron cerca de ella. Tambi\u00e9n agregan que la joven estuvo en Guant\u00e1namo meses antes, en diciembre, para participar en un festejo familiar.<\/p>\n\n\n\n<p>En la  provincia permanecen bajo vigilancia epidemiol\u00f3gica en sus domicilios  m\u00e1s de 300 viajeros, quienes arribaron antes del 23 de marzo. En la  comunidad son visitados por el m\u00e9dico y enfermera de la familia,  representantes de las organizaciones pol\u00edticas y de masas, as\u00ed como  especialistas del Centro de Higiene y Epidemiolog\u00eda. Quienes violan  estas medidas sanitarias son sancionados seg\u00fan lo establece la ley, por  contribuir a la propagaci\u00f3n de epidemias.<\/p>\n\n\n\n<p>Fuente: Solvisi\u00f3n <\/p>\n","protected":false},"excerpt":{"rendered":"<p>Guant\u00e1namo.- Hasta el cierre de esta nota, en Guant\u00e1namo no se han reportado nuevos casos positivos al SARS -COV 2. Cerca de 40 muestras fueron enviadas a los laboratorios nacionales destinados para este fin, y solo tres quedan pendientes de resultado. Autoridades sanitarias del territorio confirman la seguridad de la salud de la poblaci\u00f3n guantanamera &hellip; <\/p>\n<p><a class=\"more-link btn\" href=\"https:\/\/instituciones.gtm.sld.cu\/hppap\/mantiene-guantanamo-un-solo-paciente-positivo-a-la-covid-19\/\">Seguir leyendo<\/a><\/p>\n","protected":false},"author":40,"featured_media":2280,"comment_status":"open","ping_status":"open","sticky":false,"template":"","format":"standard","meta":{"ngg_post_thumbnail":0},"categories":[5],"tags":[],"yoast_head":"<!-- This site is optimized with the Yoast SEO plugin v21.8 - https:\/\/yoast.com\/wordpress\/plugins\/seo\/ -->\n<title>Mantiene Guant\u00e1namo un solo paciente positivo a la Covid-19 - Hospital Pedi\u00e1trico &quot;Pedro Agust\u00edn P\u00e9rez&quot;<\/title>\n<meta name=\"robots\" content=\"index, follow, max-snippet:-1, max-image-preview:large, max-video-preview:-1\" \/>\n<link rel=\"canonical\" href=\"https:\/\/instituciones.gtm.sld.cu\/hppap\/mantiene-guantanamo-un-solo-paciente-positivo-a-la-covid-19\/\" \/>\n<meta property=\"og:locale\" content=\"es_ES\" \/>\n<meta property=\"og:type\" content=\"article\" \/>\n<meta property=\"og:title\" content=\"Mantiene Guant\u00e1namo un solo paciente positivo a la Covid-19 - Hospital Pedi\u00e1trico &quot;Pedro Agust\u00edn P\u00e9rez&quot;\" \/>\n<meta property=\"og:description\" content=\"Guant\u00e1namo.- Hasta el cierre de esta nota, en Guant\u00e1namo no se han reportado nuevos casos positivos al SARS -COV 2. Cerca de 40 muestras fueron enviadas a los laboratorios nacionales destinados para este fin, y solo tres quedan pendientes de resultado. Autoridades sanitarias del territorio confirman la seguridad de la salud de la poblaci\u00f3n guantanamera &hellip; Seguir leyendo\" \/>\n<meta property=\"og:url\" content=\"https:\/\/instituciones.gtm.sld.cu\/hppap\/mantiene-guantanamo-un-solo-paciente-positivo-a-la-covid-19\/\" \/>\n<meta property=\"og:site_name\" content=\"Hospital Pedi\u00e1trico &quot;Pedro Agust\u00edn P\u00e9rez&quot;\" \/>\n<meta property=\"article:published_time\" content=\"2020-04-01T12:48:31+00:00\" \/>\n<meta property=\"article:modified_time\" content=\"2020-04-01T12:52:59+00:00\" \/>\n<meta property=\"og:image\" content=\"https:\/\/instituciones.gtm.sld.cu\/hppap\/wp-content\/uploads\/sites\/37\/2020\/03\/virus-mini.jpg\" \/>\n\t<meta property=\"og:image:width\" content=\"63\" \/>\n\t<meta property=\"og:image:height\" content=\"84\" \/>\n\t<meta property=\"og:image:type\" content=\"image\/jpeg\" \/>\n<meta name=\"twitter:card\" content=\"summary_large_image\" \/>\n<meta name=\"twitter:label1\" content=\"Escrito por\" \/>\n\t<meta name=\"twitter:data1\" content=\"\" \/>\n\t<meta name=\"twitter:label2\" content=\"Tiempo de lectura\" \/>\n\t<meta name=\"twitter:data2\" content=\"2 minutos\" \/>\n<script type=\"application\/ld+json\" class=\"yoast-schema-graph\">{\"@context\":\"https:\/\/schema.org\",\"@graph\":[{\"@type\":\"Article\",\"@id\":\"https:\/\/instituciones.gtm.sld.cu\/hppap\/mantiene-guantanamo-un-solo-paciente-positivo-a-la-covid-19\/#article\",\"isPartOf\":{\"@id\":\"https:\/\/instituciones.gtm.sld.cu\/hppap\/mantiene-guantanamo-un-solo-paciente-positivo-a-la-covid-19\/\"},\"author\":{\"name\":\"\",\"@id\":\"\"},\"headline\":\"Mantiene Guant\u00e1namo un solo paciente positivo a la Covid-19\",\"datePublished\":\"2020-04-01T12:48:31+00:00\",\"dateModified\":\"2020-04-01T12:52:59+00:00\",\"mainEntityOfPage\":{\"@id\":\"https:\/\/instituciones.gtm.sld.cu\/hppap\/mantiene-guantanamo-un-solo-paciente-positivo-a-la-covid-19\/\"},\"wordCount\":401,\"commentCount\":0,\"publisher\":{\"@id\":\"https:\/\/instituciones.gtm.sld.cu\/hppap\/#organization\"},\"articleSection\":[\"Noticias\"],\"inLanguage\":\"es\",\"potentialAction\":[{\"@type\":\"CommentAction\",\"name\":\"Comment\",\"target\":[\"https:\/\/instituciones.gtm.sld.cu\/hppap\/mantiene-guantanamo-un-solo-paciente-positivo-a-la-covid-19\/#respond\"]}]},{\"@type\":\"WebPage\",\"@id\":\"https:\/\/instituciones.gtm.sld.cu\/hppap\/mantiene-guantanamo-un-solo-paciente-positivo-a-la-covid-19\/\",\"url\":\"https:\/\/instituciones.gtm.sld.cu\/hppap\/mantiene-guantanamo-un-solo-paciente-positivo-a-la-covid-19\/\",\"name\":\"Mantiene Guant\u00e1namo un solo paciente positivo a la Covid-19 - Hospital Pedi\u00e1trico &quot;Pedro Agust\u00edn P\u00e9rez&quot;\",\"isPartOf\":{\"@id\":\"https:\/\/instituciones.gtm.sld.cu\/hppap\/#website\"},\"datePublished\":\"2020-04-01T12:48:31+00:00\",\"dateModified\":\"2020-04-01T12:52:59+00:00\",\"breadcrumb\":{\"@id\":\"https:\/\/instituciones.gtm.sld.cu\/hppap\/mantiene-guantanamo-un-solo-paciente-positivo-a-la-covid-19\/#breadcrumb\"},\"inLanguage\":\"es\",\"potentialAction\":[{\"@type\":\"ReadAction\",\"target\":[\"https:\/\/instituciones.gtm.sld.cu\/hppap\/mantiene-guantanamo-un-solo-paciente-positivo-a-la-covid-19\/\"]}]},{\"@type\":\"BreadcrumbList\",\"@id\":\"https:\/\/instituciones.gtm.sld.cu\/hppap\/mantiene-guantanamo-un-solo-paciente-positivo-a-la-covid-19\/#breadcrumb\",\"itemListElement\":[{\"@type\":\"ListItem\",\"position\":1,\"name\":\"Inicio\",\"item\":\"https:\/\/instituciones.gtm.sld.cu\/hppap\/\"},{\"@type\":\"ListItem\",\"position\":2,\"name\":\"Mantiene Guant\u00e1namo un solo paciente positivo a la Covid-19\"}]},{\"@type\":\"WebSite\",\"@id\":\"https:\/\/instituciones.gtm.sld.cu\/hppap\/#website\",\"url\":\"https:\/\/instituciones.gtm.sld.cu\/hppap\/\",\"name\":\"Hospital Pedi\u00e1trico \\\"Pedro Agust\u00edn P\u00e9rez\\\"\",\"description\":\"\",\"publisher\":{\"@id\":\"https:\/\/instituciones.gtm.sld.cu\/hppap\/#organization\"},\"potentialAction\":[{\"@type\":\"SearchAction\",\"target\":{\"@type\":\"EntryPoint\",\"urlTemplate\":\"https:\/\/instituciones.gtm.sld.cu\/hppap\/?s={search_term_string}\"},\"query-input\":\"required name=search_term_string\"}],\"inLanguage\":\"es\"},{\"@type\":\"Organization\",\"@id\":\"https:\/\/instituciones.gtm.sld.cu\/hppap\/#organization\",\"name\":\"Hospital Pedi\u00e1trico \\\"Pedro Agust\u00edn P\u00e9rez\\\"\",\"url\":\"https:\/\/instituciones.gtm.sld.cu\/hppap\/\",\"logo\":{\"@type\":\"ImageObject\",\"inLanguage\":\"es\",\"@id\":\"https:\/\/instituciones.gtm.sld.cu\/hppap\/#\/schema\/logo\/image\/\",\"url\":\"https:\/\/instituciones.gtm.sld.cu\/hppap\/wp-content\/uploads\/sites\/37\/2024\/05\/299145640_582996300017682_8206920265837739482_n-1.jpg\",\"contentUrl\":\"https:\/\/instituciones.gtm.sld.cu\/hppap\/wp-content\/uploads\/sites\/37\/2024\/05\/299145640_582996300017682_8206920265837739482_n-1.jpg\",\"width\":960,\"height\":479,\"caption\":\"Hospital Pedi\u00e1trico \\\"Pedro Agust\u00edn P\u00e9rez\\\"\"},\"image\":{\"@id\":\"https:\/\/instituciones.gtm.sld.cu\/hppap\/#\/schema\/logo\/image\/\"}},{\"@type\":\"Person\",\"@id\":\"\",\"url\":\"https:\/\/instituciones.gtm.sld.cu\/hppap\/author\/\"}]}<\/script>\n<!-- \/ Yoast SEO plugin. -->","yoast_head_json":{"title":"Mantiene Guant\u00e1namo un solo paciente positivo a la Covid-19 - Hospital Pedi\u00e1trico &quot;Pedro Agust\u00edn P\u00e9rez&quot;","robots":{"index":"index","follow":"follow","max-snippet":"max-snippet:-1","max-image-preview":"max-image-preview:large","max-video-preview":"max-video-preview:-1"},"canonical":"https:\/\/instituciones.gtm.sld.cu\/hppap\/mantiene-guantanamo-un-solo-paciente-positivo-a-la-covid-19\/","og_locale":"es_ES","og_type":"article","og_title":"Mantiene Guant\u00e1namo un solo paciente positivo a la Covid-19 - Hospital Pedi\u00e1trico &quot;Pedro Agust\u00edn P\u00e9rez&quot;","og_description":"Guant\u00e1namo.- Hasta el cierre de esta nota, en Guant\u00e1namo no se han reportado nuevos casos positivos al SARS -COV 2. Cerca de 40 muestras fueron enviadas a los laboratorios nacionales destinados para este fin, y solo tres quedan pendientes de resultado. Autoridades sanitarias del territorio confirman la seguridad de la salud de la poblaci\u00f3n guantanamera &hellip; Seguir leyendo","og_url":"https:\/\/instituciones.gtm.sld.cu\/hppap\/mantiene-guantanamo-un-solo-paciente-positivo-a-la-covid-19\/","og_site_name":"Hospital Pedi\u00e1trico &quot;Pedro Agust\u00edn P\u00e9rez&quot;","article_published_time":"2020-04-01T12:48:31+00:00","article_modified_time":"2020-04-01T12:52:59+00:00","og_image":[{"width":63,"height":84,"url":"https:\/\/instituciones.gtm.sld.cu\/hppap\/wp-content\/uploads\/sites\/37\/2020\/03\/virus-mini.jpg","type":"image\/jpeg"}],"twitter_card":"summary_large_image","twitter_misc":{"Escrito por":"","Tiempo de lectura":"2 minutos"},"schema":{"@context":"https:\/\/schema.org","@graph":[{"@type":"Article","@id":"https:\/\/instituciones.gtm.sld.cu\/hppap\/mantiene-guantanamo-un-solo-paciente-positivo-a-la-covid-19\/#article","isPartOf":{"@id":"https:\/\/instituciones.gtm.sld.cu\/hppap\/mantiene-guantanamo-un-solo-paciente-positivo-a-la-covid-19\/"},"author":{"name":"","@id":""},"headline":"Mantiene Guant\u00e1namo un solo paciente positivo a la Covid-19","datePublished":"2020-04-01T12:48:31+00:00","dateModified":"2020-04-01T12:52:59+00:00","mainEntityOfPage":{"@id":"https:\/\/instituciones.gtm.sld.cu\/hppap\/mantiene-guantanamo-un-solo-paciente-positivo-a-la-covid-19\/"},"wordCount":401,"commentCount":0,"publisher":{"@id":"https:\/\/instituciones.gtm.sld.cu\/hppap\/#organization"},"articleSection":["Noticias"],"inLanguage":"es","potentialAction":[{"@type":"CommentAction","name":"Comment","target":["https:\/\/instituciones.gtm.sld.cu\/hppap\/mantiene-guantanamo-un-solo-paciente-positivo-a-la-covid-19\/#respond"]}]},{"@type":"WebPage","@id":"https:\/\/instituciones.gtm.sld.cu\/hppap\/mantiene-guantanamo-un-solo-paciente-positivo-a-la-covid-19\/","url":"https:\/\/instituciones.gtm.sld.cu\/hppap\/mantiene-guantanamo-un-solo-paciente-positivo-a-la-covid-19\/","name":"Mantiene Guant\u00e1namo un solo paciente positivo a la Covid-19 - Hospital Pedi\u00e1trico &quot;Pedro Agust\u00edn P\u00e9rez&quot;","isPartOf":{"@id":"https:\/\/instituciones.gtm.sld.cu\/hppap\/#website"},"datePublished":"2020-04-01T12:48:31+00:00","dateModified":"2020-04-01T12:52:59+00:00","breadcrumb":{"@id":"https:\/\/instituciones.gtm.sld.cu\/hppap\/mantiene-guantanamo-un-solo-paciente-positivo-a-la-covid-19\/#breadcrumb"},"inLanguage":"es","potentialAction":[{"@type":"ReadAction","target":["https:\/\/instituciones.gtm.sld.cu\/hppap\/mantiene-guantanamo-un-solo-paciente-positivo-a-la-covid-19\/"]}]},{"@type":"BreadcrumbList","@id":"https:\/\/instituciones.gtm.sld.cu\/hppap\/mantiene-guantanamo-un-solo-paciente-positivo-a-la-covid-19\/#breadcrumb","itemListElement":[{"@type":"ListItem","position":1,"name":"Inicio","item":"https:\/\/instituciones.gtm.sld.cu\/hppap\/"},{"@type":"ListItem","position":2,"name":"Mantiene Guant\u00e1namo un solo paciente positivo a la Covid-19"}]},{"@type":"WebSite","@id":"https:\/\/instituciones.gtm.sld.cu\/hppap\/#website","url":"https:\/\/instituciones.gtm.sld.cu\/hppap\/","name":"Hospital Pedi\u00e1trico \"Pedro Agust\u00edn P\u00e9rez\"","description":"","publisher":{"@id":"https:\/\/instituciones.gtm.sld.cu\/hppap\/#organization"},"potentialAction":[{"@type":"SearchAction","target":{"@type":"EntryPoint","urlTemplate":"https:\/\/instituciones.gtm.sld.cu\/hppap\/?s={search_term_string}"},"query-input":"required name=search_term_string"}],"inLanguage":"es"},{"@type":"Organization","@id":"https:\/\/instituciones.gtm.sld.cu\/hppap\/#organization","name":"Hospital Pedi\u00e1trico \"Pedro Agust\u00edn P\u00e9rez\"","url":"https:\/\/instituciones.gtm.sld.cu\/hppap\/","logo":{"@type":"ImageObject","inLanguage":"es","@id":"https:\/\/instituciones.gtm.sld.cu\/hppap\/#\/schema\/logo\/image\/","url":"https:\/\/instituciones.gtm.sld.cu\/hppap\/wp-content\/uploads\/sites\/37\/2024\/05\/299145640_582996300017682_8206920265837739482_n-1.jpg","contentUrl":"https:\/\/instituciones.gtm.sld.cu\/hppap\/wp-content\/uploads\/sites\/37\/2024\/05\/299145640_582996300017682_8206920265837739482_n-1.jpg","width":960,"height":479,"caption":"Hospital Pedi\u00e1trico \"Pedro Agust\u00edn P\u00e9rez\""},"image":{"@id":"https:\/\/instituciones.gtm.sld.cu\/hppap\/#\/schema\/logo\/image\/"}},{"@type":"Person","@id":"","url":"https:\/\/instituciones.gtm.sld.cu\/hppap\/author\/"}]}},"jetpack_featured_media_url":"https:\/\/instituciones.gtm.sld.cu\/hppap\/wp-content\/uploads\/sites\/37\/2020\/03\/virus-mini.jpg","_links":{"self":[{"href":"https:\/\/instituciones.gtm.sld.cu\/hppap\/wp-json\/wp\/v2\/posts\/2390"}],"collection":[{"href":"https:\/\/instituciones.gtm.sld.cu\/hppap\/wp-json\/wp\/v2\/posts"}],"about":[{"href":"https:\/\/instituciones.gtm.sld.cu\/hppap\/wp-json\/wp\/v2\/types\/post"}],"author":[{"embeddable":true,"href":"https:\/\/instituciones.gtm.sld.cu\/hppap\/wp-json\/wp\/v2\/users\/40"}],"replies":[{"embeddable":true,"href":"https:\/\/instituciones.gtm.sld.cu\/hppap\/wp-json\/wp\/v2\/comments?post=2390"}],"version-history":[{"count":2,"href":"https:\/\/instituciones.gtm.sld.cu\/hppap\/wp-json\/wp\/v2\/posts\/2390\/revisions"}],"predecessor-version":[{"id":2393,"href":"https:\/\/instituciones.gtm.sld.cu\/hppap\/wp-json\/wp\/v2\/posts\/2390\/revisions\/2393"}],"wp:featuredmedia":[{"embeddable":true,"href":"https:\/\/instituciones.gtm.sld.cu\/hppap\/wp-json\/wp\/v2\/media\/2280"}],"wp:attachment":[{"href":"https:\/\/instituciones.gtm.sld.cu\/hppap\/wp-json\/wp\/v2\/media?parent=2390"}],"wp:term":[{"taxonomy":"category","embeddable":true,"href":"https:\/\/instituciones.gtm.sld.cu\/hppap\/wp-json\/wp\/v2\/categories?post=2390"},{"taxonomy":"post_tag","embeddable":true,"href":"https:\/\/instituciones.gtm.sld.cu\/hppap\/wp-json\/wp\/v2\/tags?post=2390"}],"curies":[{"name":"wp","href":"https:\/\/api.w.org\/{rel}","templated":true}]}}