{"id":2446,"date":"2020-04-23T12:42:16","date_gmt":"2020-04-23T12:42:16","guid":{"rendered":"https:\/\/instituciones.gtm.sld.cu\/hppap\/?p=2446"},"modified":"2020-04-23T12:42:19","modified_gmt":"2020-04-23T12:42:19","slug":"dia-de-la-lengua-espanola-la-onu-tambien-habla-con-n","status":"publish","type":"post","link":"https:\/\/instituciones.gtm.sld.cu\/hppap\/dia-de-la-lengua-espanola-la-onu-tambien-habla-con-n\/","title":{"rendered":"D\u00eda de la Lengua Espa\u00f1ola: la ONU tambi\u00e9n habla con \u00d1"},"content":{"rendered":"\n<figure class=\"wp-block-image\"><img decoding=\"async\" width=\"190\" height=\"242\" src=\"https:\/\/instituciones.gtm.sld.cu\/hppap\/wp-content\/uploads\/sites\/37\/2020\/04\/23-de-abril-dia-de-la-lengua-espanola_0.jpg\" alt=\"\" class=\"wp-image-2447\" \/><\/figure>\n\n\n\n<p>Cada 23 de abril, la <a href=\"http:\/\/www.un.org\/es\/index.html\" target=\"_blank\" rel=\"noreferrer noopener\">Organizaci\u00f3n de las Naciones Unidas (ONU)<\/a> celebra el <a href=\"https:\/\/www.un.org\/es\/observances\/spanish-language-day\" target=\"_blank\" rel=\"noreferrer noopener\">D\u00eda del Idioma Espa\u00f1ol <\/a>(o\n tambi\u00e9n, D\u00eda de la Lengua Espa\u00f1ola). Se escoge esta fecha en honor al \nescritor Miguel de Cervantes Saavedra, que muri\u00f3 ese mismo d\u00eda pero del \na\u00f1o 1616, y que contribuy\u00f3 grandemente al crecimiento y desarrollo del \nidioma. Su libro, \u00abEl ingenioso Hidalgo don Quijote de la Mancha\u00bb, est\u00e1 \nconsiderado la obra cumbre de la lengua espa\u00f1ola y es una de las m\u00e1s \ntraducidas.<\/p>\n\n\n\n<p>Las Naciones Unidas siempre han buscado maneras creativas de promover\n los idiomas oficiales en todas las esferas de su labor, entre las que \npor supuesto no podr\u00eda faltar el espa\u00f1ol.<\/p>\n\n\n\n<p>La Secretar\u00eda utiliza medios formales e informales para llegar tanto \nal p\u00fablico mundial como a su personal. Desde los servicios de \ninterpretaci\u00f3n y traducci\u00f3n, pasando por los <a href=\"https:\/\/hr.un.org\/unhq\/languages\/spanish\">programas de lenguas y comunicaci\u00f3n<\/a> para sus empleados o los servicios de comunicaci\u00f3n externa multiling\u00fces (<a href=\"https:\/\/www.un.org\/es\/\">web<\/a>, <a href=\"https:\/\/news.un.org\/es\/\">noticias<\/a> y <a href=\"https:\/\/www.un.org\/es\/sections\/about-website\/un-social-media\/\">redes sociales<\/a>).<\/p>\n\n\n\n<p>En el caso del espa\u00f1ol tambi\u00e9n se cuenta con otra herramienta extraordinaria: el <a href=\"https:\/\/twitter.com\/gaeonuny?lang=en\">Grupo de Amigos del Espa\u00f1ol<\/a>,\n un equipo fundado en 2013 por los 20 Estados miembros de habla hispana \npara coordinar y realizar actividades dirigidas a promocionar el uso y \nla difusi\u00f3n del espa\u00f1ol en la labor de la ONU.<\/p>\n\n\n\n<p><strong>Multiling\u00fcismo o c\u00f3mo \u201cllegar al coraz\u00f3n\u201d<\/strong><\/p>\n\n\n\n<p>Nelson Mandela afirmaba que \u00absi hablas a un hombre en una lengua que \nentiende, el mensaje llega a su cabeza. Si le hablas en su lengua, le \nllega a su coraz\u00f3n\u00bb.<\/p>\n\n\n\n<p>Esta premisa ha estado presente en las Naciones Unidas desde su \nfundaci\u00f3n, m\u00e1xime teniendo en cuenta su esp\u00edritu de paz, reconciliaci\u00f3n y\n entendimiento tras un periodo de guerra.<\/p>\n\n\n\n<p>De esta forma, la Organizaci\u00f3n apost\u00f3 por el <a href=\"https:\/\/www.un.org\/es\/sections\/observances\/celebrating-multilingualism\/index.html\">multiling\u00fcismo<\/a>\n con el reconocimiento del \u00e1rabe, el chino, el espa\u00f1ol, el franc\u00e9s, el \ningl\u00e9s y el ruso como idiomas oficiales; mientras, el franc\u00e9s y el \ningl\u00e9s ser\u00edan los idiomas de trabajo de la Secretar\u00eda de las Naciones \nUnidas, lo cual persiste en la actualidad.<\/p>\n\n\n\n<p>En 2010, la Organizaci\u00f3n dio otro paso m\u00e1s hacia su apuesta \nmultiling\u00fcista y decidi\u00f3 celebrar su diversidad cultural a trav\u00e9s del \nestablecimiento de los \u00abD\u00edas de las lenguas\u00bb para sus seis idiomas \noficiales.<\/p>\n\n\n\n<p>Las fechas se eligieron por su simbolismo o importancia hist\u00f3rica para cada uno de los idiomas.<\/p>\n\n\n\n<p>Un a\u00f1o m\u00e1s tarde, en 2011, las Naciones Unidas propugnaron el \nmultiling\u00fcismo como medio para promover, proteger, y preservar la \ndiversidad de idiomas y culturas en todo el mundo, lo que implicaba a su\n vez el fomento del respeto de la diversidad cultural, el di\u00e1logo \nintercultural y una participaci\u00f3n m\u00e1s amplia y efectiva de todos dentro \nde la Organizaci\u00f3n.<\/p>\n\n\n\n<p>A prop\u00f3sito del D\u00eda de la Lengua Espa\u00f1ola, la <a href=\"http:\/\/www.bvscuba.sld.cu\">Biblioteca Virtual en Salud (BVS-Cuba)<\/a> propone revisar el art\u00edculo <a href=\"http:\/\/scielo.sld.cu\/scielo.php?script=sci_arttext&amp;pid=S0034-74932017000300006&amp;nrm=iso\" target=\"_blank\" rel=\"noreferrer noopener\">\u00abLos falsos amigos en el lenguaje de la medicina\u00bb<\/a>, publicado en la <a href=\"http:\/\/scielo.sld.cu\/scielo.php?script=sci_serial&amp;pid=0034-7493&amp;lng=es&amp;nrm=iso\">Revista Cubana de Cirug\u00eda<\/a>.<\/p>\n\n\n\n<p>&nbsp;Fuente: <a href=\"http:\/\/www.sld.cu\/anuncio\/2020\/04\/23\/dia-de-la-lengua-espanola-la-onu-tambien-habla-con-n\">Infomed<\/a><\/p>\n","protected":false},"excerpt":{"rendered":"<p>Cada 23 de abril, la Organizaci\u00f3n de las Naciones Unidas (ONU) celebra el D\u00eda del Idioma Espa\u00f1ol (o tambi\u00e9n, D\u00eda de la Lengua Espa\u00f1ola). Se escoge esta fecha en honor al escritor Miguel de Cervantes Saavedra, que muri\u00f3 ese mismo d\u00eda pero del a\u00f1o 1616, y que contribuy\u00f3 grandemente al crecimiento y desarrollo del idioma. &hellip; <\/p>\n<p><a class=\"more-link btn\" href=\"https:\/\/instituciones.gtm.sld.cu\/hppap\/dia-de-la-lengua-espanola-la-onu-tambien-habla-con-n\/\">Seguir leyendo<\/a><\/p>\n","protected":false},"author":40,"featured_media":2448,"comment_status":"open","ping_status":"open","sticky":false,"template":"","format":"standard","meta":{"ngg_post_thumbnail":0},"categories":[5],"tags":[],"yoast_head":"<!-- This site is optimized with the Yoast SEO plugin v21.8 - https:\/\/yoast.com\/wordpress\/plugins\/seo\/ -->\n<title>D\u00eda de la Lengua Espa\u00f1ola: la ONU tambi\u00e9n habla con \u00d1 - Hospital Pedi\u00e1trico &quot;Pedro Agust\u00edn P\u00e9rez&quot;<\/title>\n<meta name=\"robots\" content=\"index, follow, max-snippet:-1, max-image-preview:large, max-video-preview:-1\" \/>\n<link rel=\"canonical\" href=\"https:\/\/instituciones.gtm.sld.cu\/hppap\/dia-de-la-lengua-espanola-la-onu-tambien-habla-con-n\/\" \/>\n<meta property=\"og:locale\" content=\"es_ES\" \/>\n<meta property=\"og:type\" content=\"article\" \/>\n<meta property=\"og:title\" content=\"D\u00eda de la Lengua Espa\u00f1ola: la ONU tambi\u00e9n habla con \u00d1 - Hospital Pedi\u00e1trico &quot;Pedro Agust\u00edn P\u00e9rez&quot;\" \/>\n<meta property=\"og:description\" content=\"Cada 23 de abril, la Organizaci\u00f3n de las Naciones Unidas (ONU) celebra el D\u00eda del Idioma Espa\u00f1ol (o tambi\u00e9n, D\u00eda de la Lengua Espa\u00f1ola). Se escoge esta fecha en honor al escritor Miguel de Cervantes Saavedra, que muri\u00f3 ese mismo d\u00eda pero del a\u00f1o 1616, y que contribuy\u00f3 grandemente al crecimiento y desarrollo del idioma. &hellip; Seguir leyendo\" \/>\n<meta property=\"og:url\" content=\"https:\/\/instituciones.gtm.sld.cu\/hppap\/dia-de-la-lengua-espanola-la-onu-tambien-habla-con-n\/\" \/>\n<meta property=\"og:site_name\" content=\"Hospital Pedi\u00e1trico &quot;Pedro Agust\u00edn P\u00e9rez&quot;\" \/>\n<meta property=\"article:published_time\" content=\"2020-04-23T12:42:16+00:00\" \/>\n<meta property=\"article:modified_time\" content=\"2020-04-23T12:42:19+00:00\" \/>\n<meta property=\"og:image\" content=\"https:\/\/instituciones.gtm.sld.cu\/hppap\/wp-content\/uploads\/sites\/37\/2020\/04\/onu_mini_2_0.jpg\" \/>\n\t<meta property=\"og:image:width\" content=\"63\" \/>\n\t<meta property=\"og:image:height\" content=\"84\" \/>\n\t<meta property=\"og:image:type\" content=\"image\/jpeg\" \/>\n<meta name=\"twitter:card\" content=\"summary_large_image\" \/>\n<meta name=\"twitter:label1\" content=\"Escrito por\" \/>\n\t<meta name=\"twitter:data1\" content=\"\" \/>\n\t<meta name=\"twitter:label2\" content=\"Tiempo de lectura\" \/>\n\t<meta name=\"twitter:data2\" content=\"3 minutos\" \/>\n<script type=\"application\/ld+json\" class=\"yoast-schema-graph\">{\"@context\":\"https:\/\/schema.org\",\"@graph\":[{\"@type\":\"Article\",\"@id\":\"https:\/\/instituciones.gtm.sld.cu\/hppap\/dia-de-la-lengua-espanola-la-onu-tambien-habla-con-n\/#article\",\"isPartOf\":{\"@id\":\"https:\/\/instituciones.gtm.sld.cu\/hppap\/dia-de-la-lengua-espanola-la-onu-tambien-habla-con-n\/\"},\"author\":{\"name\":\"\",\"@id\":\"\"},\"headline\":\"D\u00eda de la Lengua Espa\u00f1ola: la ONU tambi\u00e9n habla con \u00d1\",\"datePublished\":\"2020-04-23T12:42:16+00:00\",\"dateModified\":\"2020-04-23T12:42:19+00:00\",\"mainEntityOfPage\":{\"@id\":\"https:\/\/instituciones.gtm.sld.cu\/hppap\/dia-de-la-lengua-espanola-la-onu-tambien-habla-con-n\/\"},\"wordCount\":538,\"commentCount\":0,\"publisher\":{\"@id\":\"https:\/\/instituciones.gtm.sld.cu\/hppap\/#organization\"},\"articleSection\":[\"Noticias\"],\"inLanguage\":\"es\",\"potentialAction\":[{\"@type\":\"CommentAction\",\"name\":\"Comment\",\"target\":[\"https:\/\/instituciones.gtm.sld.cu\/hppap\/dia-de-la-lengua-espanola-la-onu-tambien-habla-con-n\/#respond\"]}]},{\"@type\":\"WebPage\",\"@id\":\"https:\/\/instituciones.gtm.sld.cu\/hppap\/dia-de-la-lengua-espanola-la-onu-tambien-habla-con-n\/\",\"url\":\"https:\/\/instituciones.gtm.sld.cu\/hppap\/dia-de-la-lengua-espanola-la-onu-tambien-habla-con-n\/\",\"name\":\"D\u00eda de la Lengua Espa\u00f1ola: la ONU tambi\u00e9n habla con \u00d1 - Hospital Pedi\u00e1trico &quot;Pedro Agust\u00edn P\u00e9rez&quot;\",\"isPartOf\":{\"@id\":\"https:\/\/instituciones.gtm.sld.cu\/hppap\/#website\"},\"datePublished\":\"2020-04-23T12:42:16+00:00\",\"dateModified\":\"2020-04-23T12:42:19+00:00\",\"breadcrumb\":{\"@id\":\"https:\/\/instituciones.gtm.sld.cu\/hppap\/dia-de-la-lengua-espanola-la-onu-tambien-habla-con-n\/#breadcrumb\"},\"inLanguage\":\"es\",\"potentialAction\":[{\"@type\":\"ReadAction\",\"target\":[\"https:\/\/instituciones.gtm.sld.cu\/hppap\/dia-de-la-lengua-espanola-la-onu-tambien-habla-con-n\/\"]}]},{\"@type\":\"BreadcrumbList\",\"@id\":\"https:\/\/instituciones.gtm.sld.cu\/hppap\/dia-de-la-lengua-espanola-la-onu-tambien-habla-con-n\/#breadcrumb\",\"itemListElement\":[{\"@type\":\"ListItem\",\"position\":1,\"name\":\"Inicio\",\"item\":\"https:\/\/instituciones.gtm.sld.cu\/hppap\/\"},{\"@type\":\"ListItem\",\"position\":2,\"name\":\"D\u00eda de la Lengua Espa\u00f1ola: la ONU tambi\u00e9n habla con \u00d1\"}]},{\"@type\":\"WebSite\",\"@id\":\"https:\/\/instituciones.gtm.sld.cu\/hppap\/#website\",\"url\":\"https:\/\/instituciones.gtm.sld.cu\/hppap\/\",\"name\":\"Hospital Pedi\u00e1trico \\\"Pedro Agust\u00edn P\u00e9rez\\\"\",\"description\":\"\",\"publisher\":{\"@id\":\"https:\/\/instituciones.gtm.sld.cu\/hppap\/#organization\"},\"potentialAction\":[{\"@type\":\"SearchAction\",\"target\":{\"@type\":\"EntryPoint\",\"urlTemplate\":\"https:\/\/instituciones.gtm.sld.cu\/hppap\/?s={search_term_string}\"},\"query-input\":\"required name=search_term_string\"}],\"inLanguage\":\"es\"},{\"@type\":\"Organization\",\"@id\":\"https:\/\/instituciones.gtm.sld.cu\/hppap\/#organization\",\"name\":\"Hospital Pedi\u00e1trico \\\"Pedro Agust\u00edn P\u00e9rez\\\"\",\"url\":\"https:\/\/instituciones.gtm.sld.cu\/hppap\/\",\"logo\":{\"@type\":\"ImageObject\",\"inLanguage\":\"es\",\"@id\":\"https:\/\/instituciones.gtm.sld.cu\/hppap\/#\/schema\/logo\/image\/\",\"url\":\"https:\/\/instituciones.gtm.sld.cu\/hppap\/wp-content\/uploads\/sites\/37\/2024\/05\/299145640_582996300017682_8206920265837739482_n-1.jpg\",\"contentUrl\":\"https:\/\/instituciones.gtm.sld.cu\/hppap\/wp-content\/uploads\/sites\/37\/2024\/05\/299145640_582996300017682_8206920265837739482_n-1.jpg\",\"width\":960,\"height\":479,\"caption\":\"Hospital Pedi\u00e1trico \\\"Pedro Agust\u00edn P\u00e9rez\\\"\"},\"image\":{\"@id\":\"https:\/\/instituciones.gtm.sld.cu\/hppap\/#\/schema\/logo\/image\/\"}},{\"@type\":\"Person\",\"@id\":\"\",\"url\":\"https:\/\/instituciones.gtm.sld.cu\/hppap\/author\/\"}]}<\/script>\n<!-- \/ Yoast SEO plugin. -->","yoast_head_json":{"title":"D\u00eda de la Lengua Espa\u00f1ola: la ONU tambi\u00e9n habla con \u00d1 - Hospital Pedi\u00e1trico &quot;Pedro Agust\u00edn P\u00e9rez&quot;","robots":{"index":"index","follow":"follow","max-snippet":"max-snippet:-1","max-image-preview":"max-image-preview:large","max-video-preview":"max-video-preview:-1"},"canonical":"https:\/\/instituciones.gtm.sld.cu\/hppap\/dia-de-la-lengua-espanola-la-onu-tambien-habla-con-n\/","og_locale":"es_ES","og_type":"article","og_title":"D\u00eda de la Lengua Espa\u00f1ola: la ONU tambi\u00e9n habla con \u00d1 - Hospital Pedi\u00e1trico &quot;Pedro Agust\u00edn P\u00e9rez&quot;","og_description":"Cada 23 de abril, la Organizaci\u00f3n de las Naciones Unidas (ONU) celebra el D\u00eda del Idioma Espa\u00f1ol (o tambi\u00e9n, D\u00eda de la Lengua Espa\u00f1ola). Se escoge esta fecha en honor al escritor Miguel de Cervantes Saavedra, que muri\u00f3 ese mismo d\u00eda pero del a\u00f1o 1616, y que contribuy\u00f3 grandemente al crecimiento y desarrollo del idioma. &hellip; Seguir leyendo","og_url":"https:\/\/instituciones.gtm.sld.cu\/hppap\/dia-de-la-lengua-espanola-la-onu-tambien-habla-con-n\/","og_site_name":"Hospital Pedi\u00e1trico &quot;Pedro Agust\u00edn P\u00e9rez&quot;","article_published_time":"2020-04-23T12:42:16+00:00","article_modified_time":"2020-04-23T12:42:19+00:00","og_image":[{"width":63,"height":84,"url":"https:\/\/instituciones.gtm.sld.cu\/hppap\/wp-content\/uploads\/sites\/37\/2020\/04\/onu_mini_2_0.jpg","type":"image\/jpeg"}],"twitter_card":"summary_large_image","twitter_misc":{"Escrito por":"","Tiempo de lectura":"3 minutos"},"schema":{"@context":"https:\/\/schema.org","@graph":[{"@type":"Article","@id":"https:\/\/instituciones.gtm.sld.cu\/hppap\/dia-de-la-lengua-espanola-la-onu-tambien-habla-con-n\/#article","isPartOf":{"@id":"https:\/\/instituciones.gtm.sld.cu\/hppap\/dia-de-la-lengua-espanola-la-onu-tambien-habla-con-n\/"},"author":{"name":"","@id":""},"headline":"D\u00eda de la Lengua Espa\u00f1ola: la ONU tambi\u00e9n habla con \u00d1","datePublished":"2020-04-23T12:42:16+00:00","dateModified":"2020-04-23T12:42:19+00:00","mainEntityOfPage":{"@id":"https:\/\/instituciones.gtm.sld.cu\/hppap\/dia-de-la-lengua-espanola-la-onu-tambien-habla-con-n\/"},"wordCount":538,"commentCount":0,"publisher":{"@id":"https:\/\/instituciones.gtm.sld.cu\/hppap\/#organization"},"articleSection":["Noticias"],"inLanguage":"es","potentialAction":[{"@type":"CommentAction","name":"Comment","target":["https:\/\/instituciones.gtm.sld.cu\/hppap\/dia-de-la-lengua-espanola-la-onu-tambien-habla-con-n\/#respond"]}]},{"@type":"WebPage","@id":"https:\/\/instituciones.gtm.sld.cu\/hppap\/dia-de-la-lengua-espanola-la-onu-tambien-habla-con-n\/","url":"https:\/\/instituciones.gtm.sld.cu\/hppap\/dia-de-la-lengua-espanola-la-onu-tambien-habla-con-n\/","name":"D\u00eda de la Lengua Espa\u00f1ola: la ONU tambi\u00e9n habla con \u00d1 - Hospital Pedi\u00e1trico &quot;Pedro Agust\u00edn P\u00e9rez&quot;","isPartOf":{"@id":"https:\/\/instituciones.gtm.sld.cu\/hppap\/#website"},"datePublished":"2020-04-23T12:42:16+00:00","dateModified":"2020-04-23T12:42:19+00:00","breadcrumb":{"@id":"https:\/\/instituciones.gtm.sld.cu\/hppap\/dia-de-la-lengua-espanola-la-onu-tambien-habla-con-n\/#breadcrumb"},"inLanguage":"es","potentialAction":[{"@type":"ReadAction","target":["https:\/\/instituciones.gtm.sld.cu\/hppap\/dia-de-la-lengua-espanola-la-onu-tambien-habla-con-n\/"]}]},{"@type":"BreadcrumbList","@id":"https:\/\/instituciones.gtm.sld.cu\/hppap\/dia-de-la-lengua-espanola-la-onu-tambien-habla-con-n\/#breadcrumb","itemListElement":[{"@type":"ListItem","position":1,"name":"Inicio","item":"https:\/\/instituciones.gtm.sld.cu\/hppap\/"},{"@type":"ListItem","position":2,"name":"D\u00eda de la Lengua Espa\u00f1ola: la ONU tambi\u00e9n habla con \u00d1"}]},{"@type":"WebSite","@id":"https:\/\/instituciones.gtm.sld.cu\/hppap\/#website","url":"https:\/\/instituciones.gtm.sld.cu\/hppap\/","name":"Hospital Pedi\u00e1trico \"Pedro Agust\u00edn P\u00e9rez\"","description":"","publisher":{"@id":"https:\/\/instituciones.gtm.sld.cu\/hppap\/#organization"},"potentialAction":[{"@type":"SearchAction","target":{"@type":"EntryPoint","urlTemplate":"https:\/\/instituciones.gtm.sld.cu\/hppap\/?s={search_term_string}"},"query-input":"required name=search_term_string"}],"inLanguage":"es"},{"@type":"Organization","@id":"https:\/\/instituciones.gtm.sld.cu\/hppap\/#organization","name":"Hospital Pedi\u00e1trico \"Pedro Agust\u00edn P\u00e9rez\"","url":"https:\/\/instituciones.gtm.sld.cu\/hppap\/","logo":{"@type":"ImageObject","inLanguage":"es","@id":"https:\/\/instituciones.gtm.sld.cu\/hppap\/#\/schema\/logo\/image\/","url":"https:\/\/instituciones.gtm.sld.cu\/hppap\/wp-content\/uploads\/sites\/37\/2024\/05\/299145640_582996300017682_8206920265837739482_n-1.jpg","contentUrl":"https:\/\/instituciones.gtm.sld.cu\/hppap\/wp-content\/uploads\/sites\/37\/2024\/05\/299145640_582996300017682_8206920265837739482_n-1.jpg","width":960,"height":479,"caption":"Hospital Pedi\u00e1trico \"Pedro Agust\u00edn P\u00e9rez\""},"image":{"@id":"https:\/\/instituciones.gtm.sld.cu\/hppap\/#\/schema\/logo\/image\/"}},{"@type":"Person","@id":"","url":"https:\/\/instituciones.gtm.sld.cu\/hppap\/author\/"}]}},"jetpack_featured_media_url":"https:\/\/instituciones.gtm.sld.cu\/hppap\/wp-content\/uploads\/sites\/37\/2020\/04\/onu_mini_2_0.jpg","_links":{"self":[{"href":"https:\/\/instituciones.gtm.sld.cu\/hppap\/wp-json\/wp\/v2\/posts\/2446"}],"collection":[{"href":"https:\/\/instituciones.gtm.sld.cu\/hppap\/wp-json\/wp\/v2\/posts"}],"about":[{"href":"https:\/\/instituciones.gtm.sld.cu\/hppap\/wp-json\/wp\/v2\/types\/post"}],"author":[{"embeddable":true,"href":"https:\/\/instituciones.gtm.sld.cu\/hppap\/wp-json\/wp\/v2\/users\/40"}],"replies":[{"embeddable":true,"href":"https:\/\/instituciones.gtm.sld.cu\/hppap\/wp-json\/wp\/v2\/comments?post=2446"}],"version-history":[{"count":1,"href":"https:\/\/instituciones.gtm.sld.cu\/hppap\/wp-json\/wp\/v2\/posts\/2446\/revisions"}],"predecessor-version":[{"id":2449,"href":"https:\/\/instituciones.gtm.sld.cu\/hppap\/wp-json\/wp\/v2\/posts\/2446\/revisions\/2449"}],"wp:featuredmedia":[{"embeddable":true,"href":"https:\/\/instituciones.gtm.sld.cu\/hppap\/wp-json\/wp\/v2\/media\/2448"}],"wp:attachment":[{"href":"https:\/\/instituciones.gtm.sld.cu\/hppap\/wp-json\/wp\/v2\/media?parent=2446"}],"wp:term":[{"taxonomy":"category","embeddable":true,"href":"https:\/\/instituciones.gtm.sld.cu\/hppap\/wp-json\/wp\/v2\/categories?post=2446"},{"taxonomy":"post_tag","embeddable":true,"href":"https:\/\/instituciones.gtm.sld.cu\/hppap\/wp-json\/wp\/v2\/tags?post=2446"}],"curies":[{"name":"wp","href":"https:\/\/api.w.org\/{rel}","templated":true}]}}