{"id":2501,"date":"2021-09-07T13:41:49","date_gmt":"2021-09-07T13:41:49","guid":{"rendered":"https:\/\/instituciones.gtm.sld.cu\/hppap\/?p=2501"},"modified":"2021-09-07T13:41:49","modified_gmt":"2021-09-07T13:41:49","slug":"feliz-dia-fisioterapeuta","status":"publish","type":"post","link":"https:\/\/instituciones.gtm.sld.cu\/hppap\/feliz-dia-fisioterapeuta\/","title":{"rendered":"Feliz D\u00eda Fisioterapeuta"},"content":{"rendered":"<p>D\u00eda Mundial de la Fisioterapia. En 1996 laConfederaci\u00f3n Mundial de Fisioterapeutas(World Confederation for Physical Therapy, WCPT) design\u00f3 el 8 de septiembre como D\u00eda Mundial de la Fisioterapia, fecha en que se fund\u00f3 la WCPT en 1951. El d\u00eda celebra la unidad y solidaridad de la comunidad global de fisioterapeutas. Es una oportunidad para reconocer la contribuci\u00f3n que hacen los fisioterapeutas por el bienestar de sus pacientes y la comunidad al mantener a las personas en buen estado, activos e independientes. Con esta celebraci\u00f3n, la WCPT tiene por objetivo apoyar las organizaciones miembros en sus esfuerzos por promover y desarrollar la profesi\u00f3n.La actividad f\u00edsica es una herramienta econ\u00f3mica y eficaz cuando es bien aplicada, peligrosa para la salud cuando se realiza mal o indiferente cuando sudosificaci\u00f3n es insuficiente. Cuando se habla del cuidado de la salud de las personas, hablamos de evidencia cient\u00edfica, de evaluaci\u00f3n, de cuidado, de atenci\u00f3n y de profesionales de la salud. Las actividades f\u00edsicas dirigidas a intervenir directamente sobre la salud de las personas deben ser programadas y supervisadas por un fisioterapeuta, m\u00e1s a\u00fansi las personas que las realizan presentan factores de riesgo asociados a la edad, obesidad u otras patolog\u00edas de base.Es necesario combatir el sedentarismo enla poblaci\u00f3n de forma intersectorial, involucrando a todas las administraciones y desde diferentes niveles de intervenci\u00f3n. El fisioterapeuta ocupa un papel fundamental para alcanzar esta meta. La evidencia cient\u00edfica demuestra la utilidad de los programas de actividad f\u00edsica dirigidos por los fisioterapeutas en el tratamiento de diferentes patolog\u00edas relacionadas con el sedentarismo.La participaci\u00f3n de fisioterapeutas en programas de actividad f\u00edsica dirigidos directamente sobre la salud en grupos espec\u00edficos de poblaci\u00f3n, aporta eficacia, seguridad y una adecuaci\u00f3n de la actividad a las necesidades de salud . De especial importancia es la participaci\u00f3n del fisioterapeuta en las actividades dirigidas a personas mayores y a personas condiscapacidad.<\/p>\n<p>Fuente : Tomado de <span id=\"page528R_mcid2\" class=\"markedContent\"><span dir=\"ltr\" role=\"presentation\">Bolet\u00edn Efem\u00e9rides M\u00e9dicas<\/span> <br role=\"presentation\" \/><span dir=\"ltr\" role=\"presentation\">Septiembre<\/span> <span dir=\"ltr\" role=\"presentation\">de 201<\/span><span dir=\"ltr\" role=\"presentation\">8<\/span> <\/span><\/p>\n<p>&nbsp;<\/p>\n","protected":false},"excerpt":{"rendered":"<p>D\u00eda Mundial de la Fisioterapia. En 1996 laConfederaci\u00f3n Mundial de Fisioterapeutas(World Confederation for Physical Therapy, WCPT) design\u00f3 el 8 de septiembre como D\u00eda Mundial de la Fisioterapia, fecha en que se fund\u00f3 la WCPT en 1951. El d\u00eda celebra la unidad y solidaridad de la comunidad global de fisioterapeutas. Es una oportunidad para reconocer la &hellip; <\/p>\n<p><a class=\"more-link btn\" href=\"https:\/\/instituciones.gtm.sld.cu\/hppap\/feliz-dia-fisioterapeuta\/\">Seguir leyendo<\/a><\/p>\n","protected":false},"author":40,"featured_media":2181,"comment_status":"open","ping_status":"open","sticky":false,"template":"","format":"standard","meta":{"ngg_post_thumbnail":0},"categories":[5],"tags":[],"yoast_head":"<!-- This site is optimized with the Yoast SEO plugin v21.8 - https:\/\/yoast.com\/wordpress\/plugins\/seo\/ -->\n<title>Feliz D\u00eda Fisioterapeuta - Hospital Pedi\u00e1trico &quot;Pedro Agust\u00edn P\u00e9rez&quot;<\/title>\n<meta name=\"robots\" content=\"index, follow, max-snippet:-1, max-image-preview:large, max-video-preview:-1\" \/>\n<link rel=\"canonical\" href=\"https:\/\/instituciones.gtm.sld.cu\/hppap\/feliz-dia-fisioterapeuta\/\" \/>\n<meta property=\"og:locale\" content=\"es_ES\" \/>\n<meta property=\"og:type\" content=\"article\" \/>\n<meta property=\"og:title\" content=\"Feliz D\u00eda Fisioterapeuta - Hospital Pedi\u00e1trico &quot;Pedro Agust\u00edn P\u00e9rez&quot;\" \/>\n<meta property=\"og:description\" content=\"D\u00eda Mundial de la Fisioterapia. En 1996 laConfederaci\u00f3n Mundial de Fisioterapeutas(World Confederation for Physical Therapy, WCPT) design\u00f3 el 8 de septiembre como D\u00eda Mundial de la Fisioterapia, fecha en que se fund\u00f3 la WCPT en 1951. El d\u00eda celebra la unidad y solidaridad de la comunidad global de fisioterapeutas. Es una oportunidad para reconocer la &hellip; Seguir leyendo\" \/>\n<meta property=\"og:url\" content=\"https:\/\/instituciones.gtm.sld.cu\/hppap\/feliz-dia-fisioterapeuta\/\" \/>\n<meta property=\"og:site_name\" content=\"Hospital Pedi\u00e1trico &quot;Pedro Agust\u00edn P\u00e9rez&quot;\" \/>\n<meta property=\"article:published_time\" content=\"2021-09-07T13:41:49+00:00\" \/>\n<meta property=\"og:image\" content=\"https:\/\/instituciones.gtm.sld.cu\/hppap\/wp-content\/uploads\/sites\/37\/2019\/12\/infomed-mini_2.png\" \/>\n\t<meta property=\"og:image:width\" content=\"63\" \/>\n\t<meta property=\"og:image:height\" content=\"84\" \/>\n\t<meta property=\"og:image:type\" content=\"image\/png\" \/>\n<meta name=\"twitter:card\" content=\"summary_large_image\" \/>\n<meta name=\"twitter:label1\" content=\"Escrito por\" \/>\n\t<meta name=\"twitter:data1\" content=\"\" \/>\n\t<meta name=\"twitter:label2\" content=\"Tiempo de lectura\" \/>\n\t<meta name=\"twitter:data2\" content=\"2 minutos\" \/>\n<script type=\"application\/ld+json\" class=\"yoast-schema-graph\">{\"@context\":\"https:\/\/schema.org\",\"@graph\":[{\"@type\":\"Article\",\"@id\":\"https:\/\/instituciones.gtm.sld.cu\/hppap\/feliz-dia-fisioterapeuta\/#article\",\"isPartOf\":{\"@id\":\"https:\/\/instituciones.gtm.sld.cu\/hppap\/feliz-dia-fisioterapeuta\/\"},\"author\":{\"name\":\"\",\"@id\":\"\"},\"headline\":\"Feliz D\u00eda Fisioterapeuta\",\"datePublished\":\"2021-09-07T13:41:49+00:00\",\"dateModified\":\"2021-09-07T13:41:49+00:00\",\"mainEntityOfPage\":{\"@id\":\"https:\/\/instituciones.gtm.sld.cu\/hppap\/feliz-dia-fisioterapeuta\/\"},\"wordCount\":348,\"commentCount\":0,\"publisher\":{\"@id\":\"https:\/\/instituciones.gtm.sld.cu\/hppap\/#organization\"},\"articleSection\":[\"Noticias\"],\"inLanguage\":\"es\",\"potentialAction\":[{\"@type\":\"CommentAction\",\"name\":\"Comment\",\"target\":[\"https:\/\/instituciones.gtm.sld.cu\/hppap\/feliz-dia-fisioterapeuta\/#respond\"]}]},{\"@type\":\"WebPage\",\"@id\":\"https:\/\/instituciones.gtm.sld.cu\/hppap\/feliz-dia-fisioterapeuta\/\",\"url\":\"https:\/\/instituciones.gtm.sld.cu\/hppap\/feliz-dia-fisioterapeuta\/\",\"name\":\"Feliz D\u00eda Fisioterapeuta - Hospital Pedi\u00e1trico &quot;Pedro Agust\u00edn P\u00e9rez&quot;\",\"isPartOf\":{\"@id\":\"https:\/\/instituciones.gtm.sld.cu\/hppap\/#website\"},\"datePublished\":\"2021-09-07T13:41:49+00:00\",\"dateModified\":\"2021-09-07T13:41:49+00:00\",\"breadcrumb\":{\"@id\":\"https:\/\/instituciones.gtm.sld.cu\/hppap\/feliz-dia-fisioterapeuta\/#breadcrumb\"},\"inLanguage\":\"es\",\"potentialAction\":[{\"@type\":\"ReadAction\",\"target\":[\"https:\/\/instituciones.gtm.sld.cu\/hppap\/feliz-dia-fisioterapeuta\/\"]}]},{\"@type\":\"BreadcrumbList\",\"@id\":\"https:\/\/instituciones.gtm.sld.cu\/hppap\/feliz-dia-fisioterapeuta\/#breadcrumb\",\"itemListElement\":[{\"@type\":\"ListItem\",\"position\":1,\"name\":\"Inicio\",\"item\":\"https:\/\/instituciones.gtm.sld.cu\/hppap\/\"},{\"@type\":\"ListItem\",\"position\":2,\"name\":\"Feliz D\u00eda Fisioterapeuta\"}]},{\"@type\":\"WebSite\",\"@id\":\"https:\/\/instituciones.gtm.sld.cu\/hppap\/#website\",\"url\":\"https:\/\/instituciones.gtm.sld.cu\/hppap\/\",\"name\":\"Hospital Pedi\u00e1trico \\\"Pedro Agust\u00edn P\u00e9rez\\\"\",\"description\":\"\",\"publisher\":{\"@id\":\"https:\/\/instituciones.gtm.sld.cu\/hppap\/#organization\"},\"potentialAction\":[{\"@type\":\"SearchAction\",\"target\":{\"@type\":\"EntryPoint\",\"urlTemplate\":\"https:\/\/instituciones.gtm.sld.cu\/hppap\/?s={search_term_string}\"},\"query-input\":\"required name=search_term_string\"}],\"inLanguage\":\"es\"},{\"@type\":\"Organization\",\"@id\":\"https:\/\/instituciones.gtm.sld.cu\/hppap\/#organization\",\"name\":\"Hospital Pedi\u00e1trico \\\"Pedro Agust\u00edn P\u00e9rez\\\"\",\"url\":\"https:\/\/instituciones.gtm.sld.cu\/hppap\/\",\"logo\":{\"@type\":\"ImageObject\",\"inLanguage\":\"es\",\"@id\":\"https:\/\/instituciones.gtm.sld.cu\/hppap\/#\/schema\/logo\/image\/\",\"url\":\"https:\/\/instituciones.gtm.sld.cu\/hppap\/wp-content\/uploads\/sites\/37\/2024\/05\/299145640_582996300017682_8206920265837739482_n-1.jpg\",\"contentUrl\":\"https:\/\/instituciones.gtm.sld.cu\/hppap\/wp-content\/uploads\/sites\/37\/2024\/05\/299145640_582996300017682_8206920265837739482_n-1.jpg\",\"width\":960,\"height\":479,\"caption\":\"Hospital Pedi\u00e1trico \\\"Pedro Agust\u00edn P\u00e9rez\\\"\"},\"image\":{\"@id\":\"https:\/\/instituciones.gtm.sld.cu\/hppap\/#\/schema\/logo\/image\/\"}},{\"@type\":\"Person\",\"@id\":\"\",\"url\":\"https:\/\/instituciones.gtm.sld.cu\/hppap\/author\/\"}]}<\/script>\n<!-- \/ Yoast SEO plugin. -->","yoast_head_json":{"title":"Feliz D\u00eda Fisioterapeuta - Hospital Pedi\u00e1trico &quot;Pedro Agust\u00edn P\u00e9rez&quot;","robots":{"index":"index","follow":"follow","max-snippet":"max-snippet:-1","max-image-preview":"max-image-preview:large","max-video-preview":"max-video-preview:-1"},"canonical":"https:\/\/instituciones.gtm.sld.cu\/hppap\/feliz-dia-fisioterapeuta\/","og_locale":"es_ES","og_type":"article","og_title":"Feliz D\u00eda Fisioterapeuta - Hospital Pedi\u00e1trico &quot;Pedro Agust\u00edn P\u00e9rez&quot;","og_description":"D\u00eda Mundial de la Fisioterapia. En 1996 laConfederaci\u00f3n Mundial de Fisioterapeutas(World Confederation for Physical Therapy, WCPT) design\u00f3 el 8 de septiembre como D\u00eda Mundial de la Fisioterapia, fecha en que se fund\u00f3 la WCPT en 1951. El d\u00eda celebra la unidad y solidaridad de la comunidad global de fisioterapeutas. Es una oportunidad para reconocer la &hellip; Seguir leyendo","og_url":"https:\/\/instituciones.gtm.sld.cu\/hppap\/feliz-dia-fisioterapeuta\/","og_site_name":"Hospital Pedi\u00e1trico &quot;Pedro Agust\u00edn P\u00e9rez&quot;","article_published_time":"2021-09-07T13:41:49+00:00","og_image":[{"width":63,"height":84,"url":"https:\/\/instituciones.gtm.sld.cu\/hppap\/wp-content\/uploads\/sites\/37\/2019\/12\/infomed-mini_2.png","type":"image\/png"}],"twitter_card":"summary_large_image","twitter_misc":{"Escrito por":"","Tiempo de lectura":"2 minutos"},"schema":{"@context":"https:\/\/schema.org","@graph":[{"@type":"Article","@id":"https:\/\/instituciones.gtm.sld.cu\/hppap\/feliz-dia-fisioterapeuta\/#article","isPartOf":{"@id":"https:\/\/instituciones.gtm.sld.cu\/hppap\/feliz-dia-fisioterapeuta\/"},"author":{"name":"","@id":""},"headline":"Feliz D\u00eda Fisioterapeuta","datePublished":"2021-09-07T13:41:49+00:00","dateModified":"2021-09-07T13:41:49+00:00","mainEntityOfPage":{"@id":"https:\/\/instituciones.gtm.sld.cu\/hppap\/feliz-dia-fisioterapeuta\/"},"wordCount":348,"commentCount":0,"publisher":{"@id":"https:\/\/instituciones.gtm.sld.cu\/hppap\/#organization"},"articleSection":["Noticias"],"inLanguage":"es","potentialAction":[{"@type":"CommentAction","name":"Comment","target":["https:\/\/instituciones.gtm.sld.cu\/hppap\/feliz-dia-fisioterapeuta\/#respond"]}]},{"@type":"WebPage","@id":"https:\/\/instituciones.gtm.sld.cu\/hppap\/feliz-dia-fisioterapeuta\/","url":"https:\/\/instituciones.gtm.sld.cu\/hppap\/feliz-dia-fisioterapeuta\/","name":"Feliz D\u00eda Fisioterapeuta - Hospital Pedi\u00e1trico &quot;Pedro Agust\u00edn P\u00e9rez&quot;","isPartOf":{"@id":"https:\/\/instituciones.gtm.sld.cu\/hppap\/#website"},"datePublished":"2021-09-07T13:41:49+00:00","dateModified":"2021-09-07T13:41:49+00:00","breadcrumb":{"@id":"https:\/\/instituciones.gtm.sld.cu\/hppap\/feliz-dia-fisioterapeuta\/#breadcrumb"},"inLanguage":"es","potentialAction":[{"@type":"ReadAction","target":["https:\/\/instituciones.gtm.sld.cu\/hppap\/feliz-dia-fisioterapeuta\/"]}]},{"@type":"BreadcrumbList","@id":"https:\/\/instituciones.gtm.sld.cu\/hppap\/feliz-dia-fisioterapeuta\/#breadcrumb","itemListElement":[{"@type":"ListItem","position":1,"name":"Inicio","item":"https:\/\/instituciones.gtm.sld.cu\/hppap\/"},{"@type":"ListItem","position":2,"name":"Feliz D\u00eda Fisioterapeuta"}]},{"@type":"WebSite","@id":"https:\/\/instituciones.gtm.sld.cu\/hppap\/#website","url":"https:\/\/instituciones.gtm.sld.cu\/hppap\/","name":"Hospital Pedi\u00e1trico \"Pedro Agust\u00edn P\u00e9rez\"","description":"","publisher":{"@id":"https:\/\/instituciones.gtm.sld.cu\/hppap\/#organization"},"potentialAction":[{"@type":"SearchAction","target":{"@type":"EntryPoint","urlTemplate":"https:\/\/instituciones.gtm.sld.cu\/hppap\/?s={search_term_string}"},"query-input":"required name=search_term_string"}],"inLanguage":"es"},{"@type":"Organization","@id":"https:\/\/instituciones.gtm.sld.cu\/hppap\/#organization","name":"Hospital Pedi\u00e1trico \"Pedro Agust\u00edn P\u00e9rez\"","url":"https:\/\/instituciones.gtm.sld.cu\/hppap\/","logo":{"@type":"ImageObject","inLanguage":"es","@id":"https:\/\/instituciones.gtm.sld.cu\/hppap\/#\/schema\/logo\/image\/","url":"https:\/\/instituciones.gtm.sld.cu\/hppap\/wp-content\/uploads\/sites\/37\/2024\/05\/299145640_582996300017682_8206920265837739482_n-1.jpg","contentUrl":"https:\/\/instituciones.gtm.sld.cu\/hppap\/wp-content\/uploads\/sites\/37\/2024\/05\/299145640_582996300017682_8206920265837739482_n-1.jpg","width":960,"height":479,"caption":"Hospital Pedi\u00e1trico \"Pedro Agust\u00edn P\u00e9rez\""},"image":{"@id":"https:\/\/instituciones.gtm.sld.cu\/hppap\/#\/schema\/logo\/image\/"}},{"@type":"Person","@id":"","url":"https:\/\/instituciones.gtm.sld.cu\/hppap\/author\/"}]}},"jetpack_featured_media_url":"https:\/\/instituciones.gtm.sld.cu\/hppap\/wp-content\/uploads\/sites\/37\/2019\/12\/infomed-mini_2.png","_links":{"self":[{"href":"https:\/\/instituciones.gtm.sld.cu\/hppap\/wp-json\/wp\/v2\/posts\/2501"}],"collection":[{"href":"https:\/\/instituciones.gtm.sld.cu\/hppap\/wp-json\/wp\/v2\/posts"}],"about":[{"href":"https:\/\/instituciones.gtm.sld.cu\/hppap\/wp-json\/wp\/v2\/types\/post"}],"author":[{"embeddable":true,"href":"https:\/\/instituciones.gtm.sld.cu\/hppap\/wp-json\/wp\/v2\/users\/40"}],"replies":[{"embeddable":true,"href":"https:\/\/instituciones.gtm.sld.cu\/hppap\/wp-json\/wp\/v2\/comments?post=2501"}],"version-history":[{"count":1,"href":"https:\/\/instituciones.gtm.sld.cu\/hppap\/wp-json\/wp\/v2\/posts\/2501\/revisions"}],"predecessor-version":[{"id":2502,"href":"https:\/\/instituciones.gtm.sld.cu\/hppap\/wp-json\/wp\/v2\/posts\/2501\/revisions\/2502"}],"wp:featuredmedia":[{"embeddable":true,"href":"https:\/\/instituciones.gtm.sld.cu\/hppap\/wp-json\/wp\/v2\/media\/2181"}],"wp:attachment":[{"href":"https:\/\/instituciones.gtm.sld.cu\/hppap\/wp-json\/wp\/v2\/media?parent=2501"}],"wp:term":[{"taxonomy":"category","embeddable":true,"href":"https:\/\/instituciones.gtm.sld.cu\/hppap\/wp-json\/wp\/v2\/categories?post=2501"},{"taxonomy":"post_tag","embeddable":true,"href":"https:\/\/instituciones.gtm.sld.cu\/hppap\/wp-json\/wp\/v2\/tags?post=2501"}],"curies":[{"name":"wp","href":"https:\/\/api.w.org\/{rel}","templated":true}]}}