{"id":2564,"date":"2022-01-10T14:50:04","date_gmt":"2022-01-10T14:50:04","guid":{"rendered":"https:\/\/instituciones.gtm.sld.cu\/hppap\/?p=2564"},"modified":"2022-01-19T14:32:49","modified_gmt":"2022-01-19T14:32:49","slug":"detectan-en-chipre-nueva-variante-del-sars-cov-2-deltacron-una-combinacion-de-las-variantes-delta-y-omicron","status":"publish","type":"post","link":"https:\/\/instituciones.gtm.sld.cu\/hppap\/detectan-en-chipre-nueva-variante-del-sars-cov-2-deltacron-una-combinacion-de-las-variantes-delta-y-omicron\/","title":{"rendered":"Detectan en Chipre nueva variante del SARS-CoV-2: \u201cDeltacron\u201d, una combinaci\u00f3n de las variantes delta y \u00f3micron"},"content":{"rendered":"<p>Las autoridades chipriotas han informado de la detecci\u00f3n de hasta 25 casos de infecci\u00f3n con <strong>una versi\u00f3n combinada de las variantes delta y \u00f3micron del coronavirus SARS-CoV-2 que han denominado \u201cdeltacron\u201d. <\/strong><\/p>\n<p>\u201cActualmente hay coinfecciones de \u00f3micron y delta. Hemos hallado una variante que es una combinaci\u00f3n de ambas\u201d, ha explicado el profesor de Biolog\u00eda de la Universidad de Chipre y director del Laboratorio de Biotecnolog\u00eda y Virolog\u00eda Molecular, Leondios Kostrikis.<\/p>\n<p>Kostrikis ha explicado en declaraciones a la cadena Signa TV que la nueva variante tiene la firma gen\u00e9tica de la variante \u00f3micron y los genomas de la variante delta, seg\u00fan recoge la agencia de noticias Bloomberg.<\/p>\n<p>Hasta el momento Kostrikis y su equipo han identificado 25 casos de \u201cdeltacron\u201d y han destacado que son m\u00e1s frecuentes en pacientes hospitalizados por COVID-19 que en positivos no hospitalizados.<\/p>\n<p>El 7 de enero se remitieron muestras de los 25 pacientes detectados a la base de datos internacional GISAID del Instituto Pasteur, encargada de publicar la secuenciaci\u00f3n oficial de las nuevas variantes de la gripe y el coronavirus.<\/p>\n<p>\u201cVeremos en el futuro si esta variante es m\u00e1s patol\u00f3gica o contagiosa o si se impondr\u00e1\u201d a delta y \u00f3micron, ha indicado, aunque seg\u00fan su opini\u00f3n<strong> lo m\u00e1s probable es que sea eclipsada por la variante \u00f3micron por ser m\u00e1s contagiosa.<\/strong><\/p>\n<h3>OMS pide cautela sobre \u00f3micron: \u201cMenos grave no significa que deba clasificarse como leve\u201d<\/h3>\n<p><img decoding=\"async\" class=\"alignnone size-medium wp-image-2566\" src=\"https:\/\/instituciones.gtm.sld.cu\/hppap\/wp-content\/uploads\/sites\/37\/2022\/01\/director-OMS-580x237-300x123.jpg\" alt=\"\" width=\"300\" height=\"123\" srcset=\"https:\/\/instituciones.gtm.sld.cu\/hppap\/wp-content\/uploads\/sites\/37\/2022\/01\/director-OMS-580x237-300x123.jpg 300w, https:\/\/instituciones.gtm.sld.cu\/hppap\/wp-content\/uploads\/sites\/37\/2022\/01\/director-OMS-580x237.jpg 580w\" sizes=\"(max-width: 300px) 100vw, 300px\" \/><\/p>\n<section id=\"anexo-1659659\" class=\"anexos-article relevant_anexo\" data-anexos-id=\"1659659\" data-time=\"2022-01-09 01:10:37\">\n<div class=\"section-body\">\n<p>El titular de la&nbsp;Organizaci\u00f3n Mundial de la Salud&nbsp;(OMS), Tedros Adhanom Ghebreyesus, hizo un llamado de advertencia:&nbsp;no minimizar los efectos de \u00f3micron&nbsp;de covid. Sostuvo que si bien esa variante parecer ser \u201cmenos grave que la delta, no significa que deba clasificarse como leve\u201d.<\/p>\n<p>El llamado a la cautela del titular del organismo de la ONU tiene un eco global ante la masividad con que esa&nbsp;variante de origen sudafricano escal\u00f3 en casi todos los pa\u00edses&nbsp;y llev\u00f3 los \u00edndices de contagios a cifra nunca antes vistos.<\/p>\n<p><strong>\u201cAunque \u00f3micron parece ser menos grave en comparaci\u00f3n con delta, especialmente para las personas vacunadas, no significa que deba clasificarse como leve\u201d, asever\u00f3 el especialista durante su primera conferencia de prensa del a\u00f1o.<\/strong><\/p>\n<p>En su alocuci\u00f3n, explic\u00f3 que \u201cal igual que las variantes anteriores, \u00f3micron causa hospitalizaciones y est\u00e1 matando a personas\u201d, y alert\u00f3 que el nivel de contagios \u201cest\u00e1 desbordando los sistemas sanitarios de todo el mundo\u201d.<\/p>\n<p>Tambi\u00e9n advirti\u00f3 sobre los efectos colaterales de la pandemia:\u201cLa desigualdad en el acceso a las vacunas mata a personas\u201d, a la vez que impacta en el empleo y \u201csocava la recuperaci\u00f3n econ\u00f3mica mundial\u201d.<\/p>\n<\/div>\n<div class=\"break\"><\/div>\n<\/section>\n<p><strong>(Con informaci\u00f3n de agencias)<\/strong><\/p>\n","protected":false},"excerpt":{"rendered":"<p>Las autoridades chipriotas han informado de la detecci\u00f3n de hasta 25 casos de infecci\u00f3n con una versi\u00f3n combinada de las variantes delta y \u00f3micron del coronavirus SARS-CoV-2 que han denominado \u201cdeltacron\u201d. \u201cActualmente hay coinfecciones de \u00f3micron y delta. Hemos hallado una variante que es una combinaci\u00f3n de ambas\u201d, ha explicado el profesor de Biolog\u00eda de &hellip; <\/p>\n<p><a class=\"more-link btn\" href=\"https:\/\/instituciones.gtm.sld.cu\/hppap\/detectan-en-chipre-nueva-variante-del-sars-cov-2-deltacron-una-combinacion-de-las-variantes-delta-y-omicron\/\">Seguir leyendo<\/a><\/p>\n","protected":false},"author":18,"featured_media":2280,"comment_status":"open","ping_status":"open","sticky":false,"template":"","format":"standard","meta":{"ngg_post_thumbnail":0},"categories":[25],"tags":[],"yoast_head":"<!-- This site is optimized with the Yoast SEO plugin v21.8 - https:\/\/yoast.com\/wordpress\/plugins\/seo\/ -->\n<title>Detectan en Chipre nueva variante del SARS-CoV-2: \u201cDeltacron\u201d, una combinaci\u00f3n de las variantes delta y \u00f3micron - Hospital Pedi\u00e1trico &quot;Pedro Agust\u00edn P\u00e9rez&quot;<\/title>\n<meta name=\"robots\" content=\"index, follow, max-snippet:-1, max-image-preview:large, max-video-preview:-1\" \/>\n<link rel=\"canonical\" href=\"https:\/\/instituciones.gtm.sld.cu\/hppap\/detectan-en-chipre-nueva-variante-del-sars-cov-2-deltacron-una-combinacion-de-las-variantes-delta-y-omicron\/\" \/>\n<meta property=\"og:locale\" content=\"es_ES\" \/>\n<meta property=\"og:type\" content=\"article\" \/>\n<meta property=\"og:title\" content=\"Detectan en Chipre nueva variante del SARS-CoV-2: \u201cDeltacron\u201d, una combinaci\u00f3n de las variantes delta y \u00f3micron - Hospital Pedi\u00e1trico &quot;Pedro Agust\u00edn P\u00e9rez&quot;\" \/>\n<meta property=\"og:description\" content=\"Las autoridades chipriotas han informado de la detecci\u00f3n de hasta 25 casos de infecci\u00f3n con una versi\u00f3n combinada de las variantes delta y \u00f3micron del coronavirus SARS-CoV-2 que han denominado \u201cdeltacron\u201d. \u201cActualmente hay coinfecciones de \u00f3micron y delta. Hemos hallado una variante que es una combinaci\u00f3n de ambas\u201d, ha explicado el profesor de Biolog\u00eda de &hellip; Seguir leyendo\" \/>\n<meta property=\"og:url\" content=\"https:\/\/instituciones.gtm.sld.cu\/hppap\/detectan-en-chipre-nueva-variante-del-sars-cov-2-deltacron-una-combinacion-de-las-variantes-delta-y-omicron\/\" \/>\n<meta property=\"og:site_name\" content=\"Hospital Pedi\u00e1trico &quot;Pedro Agust\u00edn P\u00e9rez&quot;\" \/>\n<meta property=\"article:published_time\" content=\"2022-01-10T14:50:04+00:00\" \/>\n<meta property=\"article:modified_time\" content=\"2022-01-19T14:32:49+00:00\" \/>\n<meta property=\"og:image\" content=\"https:\/\/instituciones.gtm.sld.cu\/hppap\/wp-content\/uploads\/sites\/37\/2020\/03\/virus-mini.jpg\" \/>\n\t<meta property=\"og:image:width\" content=\"63\" \/>\n\t<meta property=\"og:image:height\" content=\"84\" \/>\n\t<meta property=\"og:image:type\" content=\"image\/jpeg\" \/>\n<meta name=\"twitter:card\" content=\"summary_large_image\" \/>\n<meta name=\"twitter:label1\" content=\"Escrito por\" \/>\n\t<meta name=\"twitter:data1\" content=\"\" \/>\n\t<meta name=\"twitter:label2\" content=\"Tiempo de lectura\" \/>\n\t<meta name=\"twitter:data2\" content=\"2 minutos\" \/>\n<script type=\"application\/ld+json\" class=\"yoast-schema-graph\">{\"@context\":\"https:\/\/schema.org\",\"@graph\":[{\"@type\":\"Article\",\"@id\":\"https:\/\/instituciones.gtm.sld.cu\/hppap\/detectan-en-chipre-nueva-variante-del-sars-cov-2-deltacron-una-combinacion-de-las-variantes-delta-y-omicron\/#article\",\"isPartOf\":{\"@id\":\"https:\/\/instituciones.gtm.sld.cu\/hppap\/detectan-en-chipre-nueva-variante-del-sars-cov-2-deltacron-una-combinacion-de-las-variantes-delta-y-omicron\/\"},\"author\":{\"name\":\"\",\"@id\":\"\"},\"headline\":\"Detectan en Chipre nueva variante del SARS-CoV-2: \u201cDeltacron\u201d, una combinaci\u00f3n de las variantes delta y \u00f3micron\",\"datePublished\":\"2022-01-10T14:50:04+00:00\",\"dateModified\":\"2022-01-19T14:32:49+00:00\",\"mainEntityOfPage\":{\"@id\":\"https:\/\/instituciones.gtm.sld.cu\/hppap\/detectan-en-chipre-nueva-variante-del-sars-cov-2-deltacron-una-combinacion-de-las-variantes-delta-y-omicron\/\"},\"wordCount\":469,\"commentCount\":0,\"publisher\":{\"@id\":\"https:\/\/instituciones.gtm.sld.cu\/hppap\/#organization\"},\"articleSection\":[\"COVID-19\"],\"inLanguage\":\"es\",\"potentialAction\":[{\"@type\":\"CommentAction\",\"name\":\"Comment\",\"target\":[\"https:\/\/instituciones.gtm.sld.cu\/hppap\/detectan-en-chipre-nueva-variante-del-sars-cov-2-deltacron-una-combinacion-de-las-variantes-delta-y-omicron\/#respond\"]}]},{\"@type\":\"WebPage\",\"@id\":\"https:\/\/instituciones.gtm.sld.cu\/hppap\/detectan-en-chipre-nueva-variante-del-sars-cov-2-deltacron-una-combinacion-de-las-variantes-delta-y-omicron\/\",\"url\":\"https:\/\/instituciones.gtm.sld.cu\/hppap\/detectan-en-chipre-nueva-variante-del-sars-cov-2-deltacron-una-combinacion-de-las-variantes-delta-y-omicron\/\",\"name\":\"Detectan en Chipre nueva variante del SARS-CoV-2: \u201cDeltacron\u201d, una combinaci\u00f3n de las variantes delta y \u00f3micron - Hospital Pedi\u00e1trico &quot;Pedro Agust\u00edn P\u00e9rez&quot;\",\"isPartOf\":{\"@id\":\"https:\/\/instituciones.gtm.sld.cu\/hppap\/#website\"},\"datePublished\":\"2022-01-10T14:50:04+00:00\",\"dateModified\":\"2022-01-19T14:32:49+00:00\",\"breadcrumb\":{\"@id\":\"https:\/\/instituciones.gtm.sld.cu\/hppap\/detectan-en-chipre-nueva-variante-del-sars-cov-2-deltacron-una-combinacion-de-las-variantes-delta-y-omicron\/#breadcrumb\"},\"inLanguage\":\"es\",\"potentialAction\":[{\"@type\":\"ReadAction\",\"target\":[\"https:\/\/instituciones.gtm.sld.cu\/hppap\/detectan-en-chipre-nueva-variante-del-sars-cov-2-deltacron-una-combinacion-de-las-variantes-delta-y-omicron\/\"]}]},{\"@type\":\"BreadcrumbList\",\"@id\":\"https:\/\/instituciones.gtm.sld.cu\/hppap\/detectan-en-chipre-nueva-variante-del-sars-cov-2-deltacron-una-combinacion-de-las-variantes-delta-y-omicron\/#breadcrumb\",\"itemListElement\":[{\"@type\":\"ListItem\",\"position\":1,\"name\":\"Inicio\",\"item\":\"https:\/\/instituciones.gtm.sld.cu\/hppap\/\"},{\"@type\":\"ListItem\",\"position\":2,\"name\":\"Detectan en Chipre nueva variante del SARS-CoV-2: \u201cDeltacron\u201d, una combinaci\u00f3n de las variantes delta y \u00f3micron\"}]},{\"@type\":\"WebSite\",\"@id\":\"https:\/\/instituciones.gtm.sld.cu\/hppap\/#website\",\"url\":\"https:\/\/instituciones.gtm.sld.cu\/hppap\/\",\"name\":\"Hospital Pedi\u00e1trico \\\"Pedro Agust\u00edn P\u00e9rez\\\"\",\"description\":\"\",\"publisher\":{\"@id\":\"https:\/\/instituciones.gtm.sld.cu\/hppap\/#organization\"},\"potentialAction\":[{\"@type\":\"SearchAction\",\"target\":{\"@type\":\"EntryPoint\",\"urlTemplate\":\"https:\/\/instituciones.gtm.sld.cu\/hppap\/?s={search_term_string}\"},\"query-input\":\"required name=search_term_string\"}],\"inLanguage\":\"es\"},{\"@type\":\"Organization\",\"@id\":\"https:\/\/instituciones.gtm.sld.cu\/hppap\/#organization\",\"name\":\"Hospital Pedi\u00e1trico \\\"Pedro Agust\u00edn P\u00e9rez\\\"\",\"url\":\"https:\/\/instituciones.gtm.sld.cu\/hppap\/\",\"logo\":{\"@type\":\"ImageObject\",\"inLanguage\":\"es\",\"@id\":\"https:\/\/instituciones.gtm.sld.cu\/hppap\/#\/schema\/logo\/image\/\",\"url\":\"https:\/\/instituciones.gtm.sld.cu\/hppap\/wp-content\/uploads\/sites\/37\/2024\/05\/299145640_582996300017682_8206920265837739482_n-1.jpg\",\"contentUrl\":\"https:\/\/instituciones.gtm.sld.cu\/hppap\/wp-content\/uploads\/sites\/37\/2024\/05\/299145640_582996300017682_8206920265837739482_n-1.jpg\",\"width\":960,\"height\":479,\"caption\":\"Hospital Pedi\u00e1trico \\\"Pedro Agust\u00edn P\u00e9rez\\\"\"},\"image\":{\"@id\":\"https:\/\/instituciones.gtm.sld.cu\/hppap\/#\/schema\/logo\/image\/\"}},{\"@type\":\"Person\",\"@id\":\"\",\"url\":\"https:\/\/instituciones.gtm.sld.cu\/hppap\/author\/\"}]}<\/script>\n<!-- \/ Yoast SEO plugin. -->","yoast_head_json":{"title":"Detectan en Chipre nueva variante del SARS-CoV-2: \u201cDeltacron\u201d, una combinaci\u00f3n de las variantes delta y \u00f3micron - Hospital Pedi\u00e1trico &quot;Pedro Agust\u00edn P\u00e9rez&quot;","robots":{"index":"index","follow":"follow","max-snippet":"max-snippet:-1","max-image-preview":"max-image-preview:large","max-video-preview":"max-video-preview:-1"},"canonical":"https:\/\/instituciones.gtm.sld.cu\/hppap\/detectan-en-chipre-nueva-variante-del-sars-cov-2-deltacron-una-combinacion-de-las-variantes-delta-y-omicron\/","og_locale":"es_ES","og_type":"article","og_title":"Detectan en Chipre nueva variante del SARS-CoV-2: \u201cDeltacron\u201d, una combinaci\u00f3n de las variantes delta y \u00f3micron - Hospital Pedi\u00e1trico &quot;Pedro Agust\u00edn P\u00e9rez&quot;","og_description":"Las autoridades chipriotas han informado de la detecci\u00f3n de hasta 25 casos de infecci\u00f3n con una versi\u00f3n combinada de las variantes delta y \u00f3micron del coronavirus SARS-CoV-2 que han denominado \u201cdeltacron\u201d. \u201cActualmente hay coinfecciones de \u00f3micron y delta. Hemos hallado una variante que es una combinaci\u00f3n de ambas\u201d, ha explicado el profesor de Biolog\u00eda de &hellip; Seguir leyendo","og_url":"https:\/\/instituciones.gtm.sld.cu\/hppap\/detectan-en-chipre-nueva-variante-del-sars-cov-2-deltacron-una-combinacion-de-las-variantes-delta-y-omicron\/","og_site_name":"Hospital Pedi\u00e1trico &quot;Pedro Agust\u00edn P\u00e9rez&quot;","article_published_time":"2022-01-10T14:50:04+00:00","article_modified_time":"2022-01-19T14:32:49+00:00","og_image":[{"width":63,"height":84,"url":"https:\/\/instituciones.gtm.sld.cu\/hppap\/wp-content\/uploads\/sites\/37\/2020\/03\/virus-mini.jpg","type":"image\/jpeg"}],"twitter_card":"summary_large_image","twitter_misc":{"Escrito por":"","Tiempo de lectura":"2 minutos"},"schema":{"@context":"https:\/\/schema.org","@graph":[{"@type":"Article","@id":"https:\/\/instituciones.gtm.sld.cu\/hppap\/detectan-en-chipre-nueva-variante-del-sars-cov-2-deltacron-una-combinacion-de-las-variantes-delta-y-omicron\/#article","isPartOf":{"@id":"https:\/\/instituciones.gtm.sld.cu\/hppap\/detectan-en-chipre-nueva-variante-del-sars-cov-2-deltacron-una-combinacion-de-las-variantes-delta-y-omicron\/"},"author":{"name":"","@id":""},"headline":"Detectan en Chipre nueva variante del SARS-CoV-2: \u201cDeltacron\u201d, una combinaci\u00f3n de las variantes delta y \u00f3micron","datePublished":"2022-01-10T14:50:04+00:00","dateModified":"2022-01-19T14:32:49+00:00","mainEntityOfPage":{"@id":"https:\/\/instituciones.gtm.sld.cu\/hppap\/detectan-en-chipre-nueva-variante-del-sars-cov-2-deltacron-una-combinacion-de-las-variantes-delta-y-omicron\/"},"wordCount":469,"commentCount":0,"publisher":{"@id":"https:\/\/instituciones.gtm.sld.cu\/hppap\/#organization"},"articleSection":["COVID-19"],"inLanguage":"es","potentialAction":[{"@type":"CommentAction","name":"Comment","target":["https:\/\/instituciones.gtm.sld.cu\/hppap\/detectan-en-chipre-nueva-variante-del-sars-cov-2-deltacron-una-combinacion-de-las-variantes-delta-y-omicron\/#respond"]}]},{"@type":"WebPage","@id":"https:\/\/instituciones.gtm.sld.cu\/hppap\/detectan-en-chipre-nueva-variante-del-sars-cov-2-deltacron-una-combinacion-de-las-variantes-delta-y-omicron\/","url":"https:\/\/instituciones.gtm.sld.cu\/hppap\/detectan-en-chipre-nueva-variante-del-sars-cov-2-deltacron-una-combinacion-de-las-variantes-delta-y-omicron\/","name":"Detectan en Chipre nueva variante del SARS-CoV-2: \u201cDeltacron\u201d, una combinaci\u00f3n de las variantes delta y \u00f3micron - Hospital Pedi\u00e1trico &quot;Pedro Agust\u00edn P\u00e9rez&quot;","isPartOf":{"@id":"https:\/\/instituciones.gtm.sld.cu\/hppap\/#website"},"datePublished":"2022-01-10T14:50:04+00:00","dateModified":"2022-01-19T14:32:49+00:00","breadcrumb":{"@id":"https:\/\/instituciones.gtm.sld.cu\/hppap\/detectan-en-chipre-nueva-variante-del-sars-cov-2-deltacron-una-combinacion-de-las-variantes-delta-y-omicron\/#breadcrumb"},"inLanguage":"es","potentialAction":[{"@type":"ReadAction","target":["https:\/\/instituciones.gtm.sld.cu\/hppap\/detectan-en-chipre-nueva-variante-del-sars-cov-2-deltacron-una-combinacion-de-las-variantes-delta-y-omicron\/"]}]},{"@type":"BreadcrumbList","@id":"https:\/\/instituciones.gtm.sld.cu\/hppap\/detectan-en-chipre-nueva-variante-del-sars-cov-2-deltacron-una-combinacion-de-las-variantes-delta-y-omicron\/#breadcrumb","itemListElement":[{"@type":"ListItem","position":1,"name":"Inicio","item":"https:\/\/instituciones.gtm.sld.cu\/hppap\/"},{"@type":"ListItem","position":2,"name":"Detectan en Chipre nueva variante del SARS-CoV-2: \u201cDeltacron\u201d, una combinaci\u00f3n de las variantes delta y \u00f3micron"}]},{"@type":"WebSite","@id":"https:\/\/instituciones.gtm.sld.cu\/hppap\/#website","url":"https:\/\/instituciones.gtm.sld.cu\/hppap\/","name":"Hospital Pedi\u00e1trico \"Pedro Agust\u00edn P\u00e9rez\"","description":"","publisher":{"@id":"https:\/\/instituciones.gtm.sld.cu\/hppap\/#organization"},"potentialAction":[{"@type":"SearchAction","target":{"@type":"EntryPoint","urlTemplate":"https:\/\/instituciones.gtm.sld.cu\/hppap\/?s={search_term_string}"},"query-input":"required name=search_term_string"}],"inLanguage":"es"},{"@type":"Organization","@id":"https:\/\/instituciones.gtm.sld.cu\/hppap\/#organization","name":"Hospital Pedi\u00e1trico \"Pedro Agust\u00edn P\u00e9rez\"","url":"https:\/\/instituciones.gtm.sld.cu\/hppap\/","logo":{"@type":"ImageObject","inLanguage":"es","@id":"https:\/\/instituciones.gtm.sld.cu\/hppap\/#\/schema\/logo\/image\/","url":"https:\/\/instituciones.gtm.sld.cu\/hppap\/wp-content\/uploads\/sites\/37\/2024\/05\/299145640_582996300017682_8206920265837739482_n-1.jpg","contentUrl":"https:\/\/instituciones.gtm.sld.cu\/hppap\/wp-content\/uploads\/sites\/37\/2024\/05\/299145640_582996300017682_8206920265837739482_n-1.jpg","width":960,"height":479,"caption":"Hospital Pedi\u00e1trico \"Pedro Agust\u00edn P\u00e9rez\""},"image":{"@id":"https:\/\/instituciones.gtm.sld.cu\/hppap\/#\/schema\/logo\/image\/"}},{"@type":"Person","@id":"","url":"https:\/\/instituciones.gtm.sld.cu\/hppap\/author\/"}]}},"jetpack_featured_media_url":"https:\/\/instituciones.gtm.sld.cu\/hppap\/wp-content\/uploads\/sites\/37\/2020\/03\/virus-mini.jpg","_links":{"self":[{"href":"https:\/\/instituciones.gtm.sld.cu\/hppap\/wp-json\/wp\/v2\/posts\/2564"}],"collection":[{"href":"https:\/\/instituciones.gtm.sld.cu\/hppap\/wp-json\/wp\/v2\/posts"}],"about":[{"href":"https:\/\/instituciones.gtm.sld.cu\/hppap\/wp-json\/wp\/v2\/types\/post"}],"author":[{"embeddable":true,"href":"https:\/\/instituciones.gtm.sld.cu\/hppap\/wp-json\/wp\/v2\/users\/18"}],"replies":[{"embeddable":true,"href":"https:\/\/instituciones.gtm.sld.cu\/hppap\/wp-json\/wp\/v2\/comments?post=2564"}],"version-history":[{"count":2,"href":"https:\/\/instituciones.gtm.sld.cu\/hppap\/wp-json\/wp\/v2\/posts\/2564\/revisions"}],"predecessor-version":[{"id":2586,"href":"https:\/\/instituciones.gtm.sld.cu\/hppap\/wp-json\/wp\/v2\/posts\/2564\/revisions\/2586"}],"wp:featuredmedia":[{"embeddable":true,"href":"https:\/\/instituciones.gtm.sld.cu\/hppap\/wp-json\/wp\/v2\/media\/2280"}],"wp:attachment":[{"href":"https:\/\/instituciones.gtm.sld.cu\/hppap\/wp-json\/wp\/v2\/media?parent=2564"}],"wp:term":[{"taxonomy":"category","embeddable":true,"href":"https:\/\/instituciones.gtm.sld.cu\/hppap\/wp-json\/wp\/v2\/categories?post=2564"},{"taxonomy":"post_tag","embeddable":true,"href":"https:\/\/instituciones.gtm.sld.cu\/hppap\/wp-json\/wp\/v2\/tags?post=2564"}],"curies":[{"name":"wp","href":"https:\/\/api.w.org\/{rel}","templated":true}]}}