{"id":2740,"date":"2022-05-18T14:49:33","date_gmt":"2022-05-18T14:49:33","guid":{"rendered":"https:\/\/instituciones.gtm.sld.cu\/hppap\/?p=2740"},"modified":"2022-05-18T14:51:35","modified_gmt":"2022-05-18T14:51:35","slug":"estamos-en-facebook-y-twitter-siguenos-a-traves-de-nuestras-cuentas-oficiales-en-redes-sociales","status":"publish","type":"post","link":"https:\/\/instituciones.gtm.sld.cu\/hppap\/estamos-en-facebook-y-twitter-siguenos-a-traves-de-nuestras-cuentas-oficiales-en-redes-sociales\/","title":{"rendered":"Estamos en Facebook y Twitter. S\u00edguenos a trav\u00e9s de nuestras cuentas oficiales en redes sociales."},"content":{"rendered":"<div class=\"\" dir=\"auto\">\n<div id=\"jsc_c_1h\" class=\"ecm0bbzt hv4rvrfc ihqw7lf3 dati1w0a\" data-ad-comet-preview=\"message\" data-ad-preview=\"message\">\n<div class=\"j83agx80 cbu4d94t ew0dbk1b irj2b8pg\">\n<div class=\"qzhwtbm6 knvmm38d\">\n<div class=\"kvgmc6g5 cxmmr5t8 oygrvhab hcukyx3x c1et5uql ii04i59q\">\n<div dir=\"auto\"><strong>Hospital Pedi\u00e1trico Pedro Agust\u00edn P\u00e9rez.<\/strong><\/div>\n<div dir=\"auto\"><img fetchpriority=\"high\" decoding=\"async\" class=\"alignleft size-medium wp-image-2743\" src=\"https:\/\/instituciones.gtm.sld.cu\/hppap\/wp-content\/uploads\/sites\/37\/2022\/05\/redessociales-300x169.gif\" alt=\"\" width=\"300\" height=\"169\" \/>S\u00edguenos a trav\u00e9s de nuestra cuenta oficial en Twitter @PediatricoPerez<\/div>\n<\/div>\n<div class=\"cxmmr5t8 oygrvhab hcukyx3x c1et5uql o9v6fnle ii04i59q\">\n<div dir=\"auto\">Brindamos servicios gratuitos de salud a la poblaci\u00f3n pedi\u00e1trica guantanamera, basados en el humanismo, el respeto, el profesionalismo y la \u00e9tica m\u00e9dica.<\/div>\n<\/div>\n<div class=\"cxmmr5t8 oygrvhab hcukyx3x c1et5uql o9v6fnle ii04i59q\">\n<div dir=\"auto\"><a class=\"oajrlxb2 g5ia77u1 qu0x051f esr5mh6w e9989ue4 r7d6kgcz rq0escxv nhd2j8a9 nc684nl6 p7hjln8o kvgmc6g5 cxmmr5t8 oygrvhab hcukyx3x jb3vyjys rz4wbd8a qt6c0cv9 a8nywdso i1ao9s8h esuyzwwr f1sip0of lzcic4wl gpro0wi8 q66pz984 b1v8xokw\" role=\"link\" href=\"https:\/\/www.facebook.com\/hashtag\/cubaporlasalud?__eep__=6&amp;__cft__[0]=AZVBvfqJvXaV5GBOJF5VBPLtJen54RpTJcw4nin60ThavF5ZCt2aWH0i3c0AsqiIF6toVdUdFP-1hG7pjj5RAkRS3eqgyeloRI0LYh9vsp47g9bkdiZSw1Dp4kRYh0DX-984sUGSdXVRmXHwNkXMVFtdmgjcQvlMeDPHcVwVMnObP_5iwJpyBbXPkRsFPOM3FUg&amp;__tn__=*NK-R\">#CubaPorLaSalud<\/a> <a class=\"oajrlxb2 g5ia77u1 qu0x051f esr5mh6w e9989ue4 r7d6kgcz rq0escxv nhd2j8a9 nc684nl6 p7hjln8o kvgmc6g5 cxmmr5t8 oygrvhab hcukyx3x jb3vyjys rz4wbd8a qt6c0cv9 a8nywdso i1ao9s8h esuyzwwr f1sip0of lzcic4wl gpro0wi8 q66pz984 b1v8xokw\" role=\"link\" href=\"https:\/\/www.facebook.com\/hashtag\/cubaporlavida?__eep__=6&amp;__cft__[0]=AZVBvfqJvXaV5GBOJF5VBPLtJen54RpTJcw4nin60ThavF5ZCt2aWH0i3c0AsqiIF6toVdUdFP-1hG7pjj5RAkRS3eqgyeloRI0LYh9vsp47g9bkdiZSw1Dp4kRYh0DX-984sUGSdXVRmXHwNkXMVFtdmgjcQvlMeDPHcVwVMnObP_5iwJpyBbXPkRsFPOM3FUg&amp;__tn__=*NK-R\">#CubaPorLaVida<\/a><\/div>\n<\/div>\n<\/div>\n<div dir=\"auto\"><\/div>\n<\/div>\n<\/div>\n<\/div>\n","protected":false},"excerpt":{"rendered":"<p>S\u00edguenos a trav\u00e9s de nuestra cuenta oficial en Twitter @PediatricoPerez<br \/>\nBrindamos servicios gratuitos de salud a la poblaci\u00f3n pedi\u00e1trica guantanamera, basados en el humanismo, el respeto, el profesionalismo y la \u00e9tica m\u00e9dica.<br \/>\n#CubaPorLaSalud #CubaPorLaVida<\/p><p><a class=\"more-link btn\" href=\"https:\/\/instituciones.gtm.sld.cu\/hppap\/estamos-en-facebook-y-twitter-siguenos-a-traves-de-nuestras-cuentas-oficiales-en-redes-sociales\/\">Seguir leyendo<\/a><\/p>\n","protected":false},"author":18,"featured_media":2743,"comment_status":"open","ping_status":"open","sticky":false,"template":"","format":"standard","meta":{"ngg_post_thumbnail":0},"categories":[5],"tags":[],"yoast_head":"<!-- This site is optimized with the Yoast SEO plugin v21.8 - https:\/\/yoast.com\/wordpress\/plugins\/seo\/ -->\n<title>Estamos en Facebook y Twitter. S\u00edguenos a trav\u00e9s de nuestras cuentas oficiales en redes sociales. - Hospital Pedi\u00e1trico &quot;Pedro Agust\u00edn P\u00e9rez&quot;<\/title>\n<meta name=\"robots\" content=\"index, follow, max-snippet:-1, max-image-preview:large, max-video-preview:-1\" \/>\n<link rel=\"canonical\" href=\"https:\/\/instituciones.gtm.sld.cu\/hppap\/estamos-en-facebook-y-twitter-siguenos-a-traves-de-nuestras-cuentas-oficiales-en-redes-sociales\/\" \/>\n<meta property=\"og:locale\" content=\"es_ES\" \/>\n<meta property=\"og:type\" content=\"article\" \/>\n<meta property=\"og:title\" content=\"Estamos en Facebook y Twitter. S\u00edguenos a trav\u00e9s de nuestras cuentas oficiales en redes sociales. - Hospital Pedi\u00e1trico &quot;Pedro Agust\u00edn P\u00e9rez&quot;\" \/>\n<meta property=\"og:description\" content=\"S\u00edguenos a trav\u00e9s de nuestra cuenta oficial en Twitter @PediatricoPerez Brindamos servicios gratuitos de salud a la poblaci\u00f3n pedi\u00e1trica guantanamera, basados en el humanismo, el respeto, el profesionalismo y la \u00e9tica m\u00e9dica. #CubaPorLaSalud #CubaPorLaVida\" \/>\n<meta property=\"og:url\" content=\"https:\/\/instituciones.gtm.sld.cu\/hppap\/estamos-en-facebook-y-twitter-siguenos-a-traves-de-nuestras-cuentas-oficiales-en-redes-sociales\/\" \/>\n<meta property=\"og:site_name\" content=\"Hospital Pedi\u00e1trico &quot;Pedro Agust\u00edn P\u00e9rez&quot;\" \/>\n<meta property=\"article:published_time\" content=\"2022-05-18T14:49:33+00:00\" \/>\n<meta property=\"article:modified_time\" content=\"2022-05-18T14:51:35+00:00\" \/>\n<meta property=\"og:image\" content=\"https:\/\/instituciones.gtm.sld.cu\/hppap\/wp-content\/uploads\/sites\/37\/2022\/05\/redessociales.gif\" \/>\n\t<meta property=\"og:image:width\" content=\"460\" \/>\n\t<meta property=\"og:image:height\" content=\"259\" \/>\n\t<meta property=\"og:image:type\" content=\"image\/gif\" \/>\n<meta name=\"twitter:card\" content=\"summary_large_image\" \/>\n<meta name=\"twitter:label1\" content=\"Escrito por\" \/>\n\t<meta name=\"twitter:data1\" content=\"\" \/>\n<script type=\"application\/ld+json\" class=\"yoast-schema-graph\">{\"@context\":\"https:\/\/schema.org\",\"@graph\":[{\"@type\":\"Article\",\"@id\":\"https:\/\/instituciones.gtm.sld.cu\/hppap\/estamos-en-facebook-y-twitter-siguenos-a-traves-de-nuestras-cuentas-oficiales-en-redes-sociales\/#article\",\"isPartOf\":{\"@id\":\"https:\/\/instituciones.gtm.sld.cu\/hppap\/estamos-en-facebook-y-twitter-siguenos-a-traves-de-nuestras-cuentas-oficiales-en-redes-sociales\/\"},\"author\":{\"name\":\"\",\"@id\":\"\"},\"headline\":\"Estamos en Facebook y Twitter. S\u00edguenos a trav\u00e9s de nuestras cuentas oficiales en redes sociales.\",\"datePublished\":\"2022-05-18T14:49:33+00:00\",\"dateModified\":\"2022-05-18T14:51:35+00:00\",\"mainEntityOfPage\":{\"@id\":\"https:\/\/instituciones.gtm.sld.cu\/hppap\/estamos-en-facebook-y-twitter-siguenos-a-traves-de-nuestras-cuentas-oficiales-en-redes-sociales\/\"},\"wordCount\":64,\"commentCount\":0,\"publisher\":{\"@id\":\"https:\/\/instituciones.gtm.sld.cu\/hppap\/#organization\"},\"articleSection\":[\"Noticias\"],\"inLanguage\":\"es\",\"potentialAction\":[{\"@type\":\"CommentAction\",\"name\":\"Comment\",\"target\":[\"https:\/\/instituciones.gtm.sld.cu\/hppap\/estamos-en-facebook-y-twitter-siguenos-a-traves-de-nuestras-cuentas-oficiales-en-redes-sociales\/#respond\"]}]},{\"@type\":\"WebPage\",\"@id\":\"https:\/\/instituciones.gtm.sld.cu\/hppap\/estamos-en-facebook-y-twitter-siguenos-a-traves-de-nuestras-cuentas-oficiales-en-redes-sociales\/\",\"url\":\"https:\/\/instituciones.gtm.sld.cu\/hppap\/estamos-en-facebook-y-twitter-siguenos-a-traves-de-nuestras-cuentas-oficiales-en-redes-sociales\/\",\"name\":\"Estamos en Facebook y Twitter. S\u00edguenos a trav\u00e9s de nuestras cuentas oficiales en redes sociales. - Hospital Pedi\u00e1trico &quot;Pedro Agust\u00edn P\u00e9rez&quot;\",\"isPartOf\":{\"@id\":\"https:\/\/instituciones.gtm.sld.cu\/hppap\/#website\"},\"datePublished\":\"2022-05-18T14:49:33+00:00\",\"dateModified\":\"2022-05-18T14:51:35+00:00\",\"breadcrumb\":{\"@id\":\"https:\/\/instituciones.gtm.sld.cu\/hppap\/estamos-en-facebook-y-twitter-siguenos-a-traves-de-nuestras-cuentas-oficiales-en-redes-sociales\/#breadcrumb\"},\"inLanguage\":\"es\",\"potentialAction\":[{\"@type\":\"ReadAction\",\"target\":[\"https:\/\/instituciones.gtm.sld.cu\/hppap\/estamos-en-facebook-y-twitter-siguenos-a-traves-de-nuestras-cuentas-oficiales-en-redes-sociales\/\"]}]},{\"@type\":\"BreadcrumbList\",\"@id\":\"https:\/\/instituciones.gtm.sld.cu\/hppap\/estamos-en-facebook-y-twitter-siguenos-a-traves-de-nuestras-cuentas-oficiales-en-redes-sociales\/#breadcrumb\",\"itemListElement\":[{\"@type\":\"ListItem\",\"position\":1,\"name\":\"Inicio\",\"item\":\"https:\/\/instituciones.gtm.sld.cu\/hppap\/\"},{\"@type\":\"ListItem\",\"position\":2,\"name\":\"Estamos en Facebook y Twitter. S\u00edguenos a trav\u00e9s de nuestras cuentas oficiales en redes sociales.\"}]},{\"@type\":\"WebSite\",\"@id\":\"https:\/\/instituciones.gtm.sld.cu\/hppap\/#website\",\"url\":\"https:\/\/instituciones.gtm.sld.cu\/hppap\/\",\"name\":\"Hospital Pedi\u00e1trico \\\"Pedro Agust\u00edn P\u00e9rez\\\"\",\"description\":\"\",\"publisher\":{\"@id\":\"https:\/\/instituciones.gtm.sld.cu\/hppap\/#organization\"},\"potentialAction\":[{\"@type\":\"SearchAction\",\"target\":{\"@type\":\"EntryPoint\",\"urlTemplate\":\"https:\/\/instituciones.gtm.sld.cu\/hppap\/?s={search_term_string}\"},\"query-input\":\"required name=search_term_string\"}],\"inLanguage\":\"es\"},{\"@type\":\"Organization\",\"@id\":\"https:\/\/instituciones.gtm.sld.cu\/hppap\/#organization\",\"name\":\"Hospital Pedi\u00e1trico \\\"Pedro Agust\u00edn P\u00e9rez\\\"\",\"url\":\"https:\/\/instituciones.gtm.sld.cu\/hppap\/\",\"logo\":{\"@type\":\"ImageObject\",\"inLanguage\":\"es\",\"@id\":\"https:\/\/instituciones.gtm.sld.cu\/hppap\/#\/schema\/logo\/image\/\",\"url\":\"https:\/\/instituciones.gtm.sld.cu\/hppap\/wp-content\/uploads\/sites\/37\/2024\/05\/299145640_582996300017682_8206920265837739482_n-1.jpg\",\"contentUrl\":\"https:\/\/instituciones.gtm.sld.cu\/hppap\/wp-content\/uploads\/sites\/37\/2024\/05\/299145640_582996300017682_8206920265837739482_n-1.jpg\",\"width\":960,\"height\":479,\"caption\":\"Hospital Pedi\u00e1trico \\\"Pedro Agust\u00edn P\u00e9rez\\\"\"},\"image\":{\"@id\":\"https:\/\/instituciones.gtm.sld.cu\/hppap\/#\/schema\/logo\/image\/\"}},{\"@type\":\"Person\",\"@id\":\"\",\"url\":\"https:\/\/instituciones.gtm.sld.cu\/hppap\/author\/\"}]}<\/script>\n<!-- \/ Yoast SEO plugin. -->","yoast_head_json":{"title":"Estamos en Facebook y Twitter. S\u00edguenos a trav\u00e9s de nuestras cuentas oficiales en redes sociales. - Hospital Pedi\u00e1trico &quot;Pedro Agust\u00edn P\u00e9rez&quot;","robots":{"index":"index","follow":"follow","max-snippet":"max-snippet:-1","max-image-preview":"max-image-preview:large","max-video-preview":"max-video-preview:-1"},"canonical":"https:\/\/instituciones.gtm.sld.cu\/hppap\/estamos-en-facebook-y-twitter-siguenos-a-traves-de-nuestras-cuentas-oficiales-en-redes-sociales\/","og_locale":"es_ES","og_type":"article","og_title":"Estamos en Facebook y Twitter. S\u00edguenos a trav\u00e9s de nuestras cuentas oficiales en redes sociales. - Hospital Pedi\u00e1trico &quot;Pedro Agust\u00edn P\u00e9rez&quot;","og_description":"S\u00edguenos a trav\u00e9s de nuestra cuenta oficial en Twitter @PediatricoPerez Brindamos servicios gratuitos de salud a la poblaci\u00f3n pedi\u00e1trica guantanamera, basados en el humanismo, el respeto, el profesionalismo y la \u00e9tica m\u00e9dica. #CubaPorLaSalud #CubaPorLaVida","og_url":"https:\/\/instituciones.gtm.sld.cu\/hppap\/estamos-en-facebook-y-twitter-siguenos-a-traves-de-nuestras-cuentas-oficiales-en-redes-sociales\/","og_site_name":"Hospital Pedi\u00e1trico &quot;Pedro Agust\u00edn P\u00e9rez&quot;","article_published_time":"2022-05-18T14:49:33+00:00","article_modified_time":"2022-05-18T14:51:35+00:00","og_image":[{"width":460,"height":259,"url":"https:\/\/instituciones.gtm.sld.cu\/hppap\/wp-content\/uploads\/sites\/37\/2022\/05\/redessociales.gif","type":"image\/gif"}],"twitter_card":"summary_large_image","twitter_misc":{"Escrito por":""},"schema":{"@context":"https:\/\/schema.org","@graph":[{"@type":"Article","@id":"https:\/\/instituciones.gtm.sld.cu\/hppap\/estamos-en-facebook-y-twitter-siguenos-a-traves-de-nuestras-cuentas-oficiales-en-redes-sociales\/#article","isPartOf":{"@id":"https:\/\/instituciones.gtm.sld.cu\/hppap\/estamos-en-facebook-y-twitter-siguenos-a-traves-de-nuestras-cuentas-oficiales-en-redes-sociales\/"},"author":{"name":"","@id":""},"headline":"Estamos en Facebook y Twitter. S\u00edguenos a trav\u00e9s de nuestras cuentas oficiales en redes sociales.","datePublished":"2022-05-18T14:49:33+00:00","dateModified":"2022-05-18T14:51:35+00:00","mainEntityOfPage":{"@id":"https:\/\/instituciones.gtm.sld.cu\/hppap\/estamos-en-facebook-y-twitter-siguenos-a-traves-de-nuestras-cuentas-oficiales-en-redes-sociales\/"},"wordCount":64,"commentCount":0,"publisher":{"@id":"https:\/\/instituciones.gtm.sld.cu\/hppap\/#organization"},"articleSection":["Noticias"],"inLanguage":"es","potentialAction":[{"@type":"CommentAction","name":"Comment","target":["https:\/\/instituciones.gtm.sld.cu\/hppap\/estamos-en-facebook-y-twitter-siguenos-a-traves-de-nuestras-cuentas-oficiales-en-redes-sociales\/#respond"]}]},{"@type":"WebPage","@id":"https:\/\/instituciones.gtm.sld.cu\/hppap\/estamos-en-facebook-y-twitter-siguenos-a-traves-de-nuestras-cuentas-oficiales-en-redes-sociales\/","url":"https:\/\/instituciones.gtm.sld.cu\/hppap\/estamos-en-facebook-y-twitter-siguenos-a-traves-de-nuestras-cuentas-oficiales-en-redes-sociales\/","name":"Estamos en Facebook y Twitter. S\u00edguenos a trav\u00e9s de nuestras cuentas oficiales en redes sociales. - Hospital Pedi\u00e1trico &quot;Pedro Agust\u00edn P\u00e9rez&quot;","isPartOf":{"@id":"https:\/\/instituciones.gtm.sld.cu\/hppap\/#website"},"datePublished":"2022-05-18T14:49:33+00:00","dateModified":"2022-05-18T14:51:35+00:00","breadcrumb":{"@id":"https:\/\/instituciones.gtm.sld.cu\/hppap\/estamos-en-facebook-y-twitter-siguenos-a-traves-de-nuestras-cuentas-oficiales-en-redes-sociales\/#breadcrumb"},"inLanguage":"es","potentialAction":[{"@type":"ReadAction","target":["https:\/\/instituciones.gtm.sld.cu\/hppap\/estamos-en-facebook-y-twitter-siguenos-a-traves-de-nuestras-cuentas-oficiales-en-redes-sociales\/"]}]},{"@type":"BreadcrumbList","@id":"https:\/\/instituciones.gtm.sld.cu\/hppap\/estamos-en-facebook-y-twitter-siguenos-a-traves-de-nuestras-cuentas-oficiales-en-redes-sociales\/#breadcrumb","itemListElement":[{"@type":"ListItem","position":1,"name":"Inicio","item":"https:\/\/instituciones.gtm.sld.cu\/hppap\/"},{"@type":"ListItem","position":2,"name":"Estamos en Facebook y Twitter. S\u00edguenos a trav\u00e9s de nuestras cuentas oficiales en redes sociales."}]},{"@type":"WebSite","@id":"https:\/\/instituciones.gtm.sld.cu\/hppap\/#website","url":"https:\/\/instituciones.gtm.sld.cu\/hppap\/","name":"Hospital Pedi\u00e1trico \"Pedro Agust\u00edn P\u00e9rez\"","description":"","publisher":{"@id":"https:\/\/instituciones.gtm.sld.cu\/hppap\/#organization"},"potentialAction":[{"@type":"SearchAction","target":{"@type":"EntryPoint","urlTemplate":"https:\/\/instituciones.gtm.sld.cu\/hppap\/?s={search_term_string}"},"query-input":"required name=search_term_string"}],"inLanguage":"es"},{"@type":"Organization","@id":"https:\/\/instituciones.gtm.sld.cu\/hppap\/#organization","name":"Hospital Pedi\u00e1trico \"Pedro Agust\u00edn P\u00e9rez\"","url":"https:\/\/instituciones.gtm.sld.cu\/hppap\/","logo":{"@type":"ImageObject","inLanguage":"es","@id":"https:\/\/instituciones.gtm.sld.cu\/hppap\/#\/schema\/logo\/image\/","url":"https:\/\/instituciones.gtm.sld.cu\/hppap\/wp-content\/uploads\/sites\/37\/2024\/05\/299145640_582996300017682_8206920265837739482_n-1.jpg","contentUrl":"https:\/\/instituciones.gtm.sld.cu\/hppap\/wp-content\/uploads\/sites\/37\/2024\/05\/299145640_582996300017682_8206920265837739482_n-1.jpg","width":960,"height":479,"caption":"Hospital Pedi\u00e1trico \"Pedro Agust\u00edn P\u00e9rez\""},"image":{"@id":"https:\/\/instituciones.gtm.sld.cu\/hppap\/#\/schema\/logo\/image\/"}},{"@type":"Person","@id":"","url":"https:\/\/instituciones.gtm.sld.cu\/hppap\/author\/"}]}},"jetpack_featured_media_url":"https:\/\/instituciones.gtm.sld.cu\/hppap\/wp-content\/uploads\/sites\/37\/2022\/05\/redessociales.gif","_links":{"self":[{"href":"https:\/\/instituciones.gtm.sld.cu\/hppap\/wp-json\/wp\/v2\/posts\/2740"}],"collection":[{"href":"https:\/\/instituciones.gtm.sld.cu\/hppap\/wp-json\/wp\/v2\/posts"}],"about":[{"href":"https:\/\/instituciones.gtm.sld.cu\/hppap\/wp-json\/wp\/v2\/types\/post"}],"author":[{"embeddable":true,"href":"https:\/\/instituciones.gtm.sld.cu\/hppap\/wp-json\/wp\/v2\/users\/18"}],"replies":[{"embeddable":true,"href":"https:\/\/instituciones.gtm.sld.cu\/hppap\/wp-json\/wp\/v2\/comments?post=2740"}],"version-history":[{"count":5,"href":"https:\/\/instituciones.gtm.sld.cu\/hppap\/wp-json\/wp\/v2\/posts\/2740\/revisions"}],"predecessor-version":[{"id":2747,"href":"https:\/\/instituciones.gtm.sld.cu\/hppap\/wp-json\/wp\/v2\/posts\/2740\/revisions\/2747"}],"wp:featuredmedia":[{"embeddable":true,"href":"https:\/\/instituciones.gtm.sld.cu\/hppap\/wp-json\/wp\/v2\/media\/2743"}],"wp:attachment":[{"href":"https:\/\/instituciones.gtm.sld.cu\/hppap\/wp-json\/wp\/v2\/media?parent=2740"}],"wp:term":[{"taxonomy":"category","embeddable":true,"href":"https:\/\/instituciones.gtm.sld.cu\/hppap\/wp-json\/wp\/v2\/categories?post=2740"},{"taxonomy":"post_tag","embeddable":true,"href":"https:\/\/instituciones.gtm.sld.cu\/hppap\/wp-json\/wp\/v2\/tags?post=2740"}],"curies":[{"name":"wp","href":"https:\/\/api.w.org\/{rel}","templated":true}]}}