{"id":2753,"date":"2022-05-19T18:24:21","date_gmt":"2022-05-19T18:24:21","guid":{"rendered":"https:\/\/instituciones.gtm.sld.cu\/hppap\/?p=2753"},"modified":"2022-05-19T18:25:31","modified_gmt":"2022-05-19T18:25:31","slug":"las-claves-sobre-la-viruela-del-mono-el-extrano-virus-detectado-en-europa-y-norteamerica","status":"publish","type":"post","link":"https:\/\/instituciones.gtm.sld.cu\/hppap\/las-claves-sobre-la-viruela-del-mono-el-extrano-virus-detectado-en-europa-y-norteamerica\/","title":{"rendered":"Las claves sobre la viruela del mono, el extra\u00f1o virus detectado en Europa y Norteam\u00e9rica"},"content":{"rendered":"<p><img fetchpriority=\"high\" decoding=\"async\" class=\"alignleft size-medium wp-image-2754\" src=\"https:\/\/instituciones.gtm.sld.cu\/hppap\/wp-content\/uploads\/sites\/37\/2022\/05\/virus-mono2-580x325-300x168.png\" alt=\"\" width=\"300\" height=\"168\" srcset=\"https:\/\/instituciones.gtm.sld.cu\/hppap\/wp-content\/uploads\/sites\/37\/2022\/05\/virus-mono2-580x325-300x168.png 300w, https:\/\/instituciones.gtm.sld.cu\/hppap\/wp-content\/uploads\/sites\/37\/2022\/05\/virus-mono2-580x325.png 580w\" sizes=\"(max-width: 300px) 100vw, 300px\" \/>La aparici\u00f3n de un caso de la viruela del mono en Reino Unido el 7 de mayo encendi\u00f3 las alarmas. Con el correr de los d\u00edas, la enfermedad comenz\u00f3 a propagarse y ya se identificaron nueve infectados en ese pa\u00eds.<\/p>\n<p>Estados Unidos inform\u00f3 el mi\u00e9rcoles de un caso confirmado; un hombre que recientemente hab\u00eda viajado a Canad\u00e1 y que fue hospitalizado, aunque se encontraba en buen estado.<\/p>\n<p>Espa\u00f1a tambi\u00e9n inform\u00f3 el mi\u00e9rcoles de la sospecha de ocho pacientes que pod\u00edan estar infectados, y posteriormente elev\u00f3 el n\u00famero a 23.<\/p>\n<p>Portugal report\u00f3 el martes que detect\u00f3 cinco casos de hombres de entre 20 y 50 a\u00f1os en una cl\u00ednica de enfermedades de transmisi\u00f3n sexual. Al d\u00eda siguiente, el pa\u00eds ib\u00e9rico identific\u00f3 otros nueve, totalizando 14 pacientes con viruela del mono.<\/p>\n<h3>\u00bfQu\u00e9 es la viruela del mono?<\/h3>\n<p><strong>La viruela del mono es causada por el virus del mismo nombre, un miembro de la familia de virus de la viruela<\/strong>.<\/p>\n<p>\u201cLa viruela del mono es una zoonosis -aquellas enfermedades que se transmiten de animales a seres humanos- del tipo selv\u00e1tica, con infecciones humanas incidentales, generalmente ocurren espor\u00e1dicamente en zonas boscosas de\u00a0\u00c1frica central y occidental\u201d, dijo este mi\u00e9rcoles en conferencia de prensa el asesor en Prevenci\u00f3n y Control de Enfermedades de la Organizaci\u00f3n Panamericana de la Salud (OPS), el epidemi\u00f3logo Enrique P\u00e9rez.<\/p>\n<p>\u201cEs causada por un virus, el virus de la viruela, y pertenece a una familia de virus que son los ortopoxvirus\u201d, precis\u00f3.<\/p>\n<p>\u201cSe manifiesta con erupci\u00f3n pustulosa (granos llenos de pus) y es una enfermedad sist\u00e9mica que puede variar desde una forma leve (&#8230;) hasta una enfermedad m\u00e1s grave e<strong>\u00a0<\/strong>incluso la muerte\u201d, agreg\u00f3 el epidemi\u00f3logo.<\/p>\n<p><strong>En \u00c1frica, las tasas de letalidad se ubican entre 4% y 22% y la mayor\u00eda de los pacientes son ni\u00f1os.\u00a0<\/strong><\/p>\n<p>\u201c\u00bfQu\u00e9 recomendamos? Cualquier enfermedad que se presente durante un viaje o de regreso de un \u00e1rea end\u00e9mica debe informarse a los profesionales de la salud, incluyendo tambi\u00e9n la informaci\u00f3n de viajes recientes e historial de vacunaci\u00f3n.<\/p>\n<p>\u201cLas personas que residan o viajeros que vayan a pa\u00edses end\u00e9micos deben siempre evitar el contacto con animales enfermos, que pueden albergar el virus de la viruela\u201d, sostuvo P\u00e9rez.<\/p>\n<p><img decoding=\"async\" class=\"alignleft size-medium wp-image-2755\" src=\"https:\/\/instituciones.gtm.sld.cu\/hppap\/wp-content\/uploads\/sites\/37\/2022\/05\/virus-mono-580x295-300x153.png\" alt=\"\" width=\"300\" height=\"153\" srcset=\"https:\/\/instituciones.gtm.sld.cu\/hppap\/wp-content\/uploads\/sites\/37\/2022\/05\/virus-mono-580x295-300x153.png 300w, https:\/\/instituciones.gtm.sld.cu\/hppap\/wp-content\/uploads\/sites\/37\/2022\/05\/virus-mono-580x295.png 580w\" sizes=\"(max-width: 300px) 100vw, 300px\" \/><\/p>\n<h3>\u00bfCu\u00e1les son los s\u00edntomas?<\/h3>\n<p><strong>Los s\u00edntomas iniciales incluyen fiebre, dolores de cabeza, hinchaz\u00f3n, dolor de espalda, dolor muscular y apat\u00eda general.<\/strong><\/p>\n<p>Una vez que pasa la fiebre, puede desarrollarse una erupci\u00f3n, que a menudo comienza en la cara y luego se extiende a otras partes del cuerpo, m\u00e1s com\u00fanmente a las palmas de las manos y las plantas de los pies.<\/p>\n<p><strong>La erupci\u00f3n, que puede causar mucha picaz\u00f3n, cambia y pasa por diferentes etapas antes de finalmente formar una costra, que luego se cae<\/strong>. Las lesiones pueden causar cicatrices.<\/p>\n<p>La infecci\u00f3n suele desaparecer por s\u00ed sola y dura entre dos y cuatro semanas. La mayor\u00eda de los casos son leves, a veces parecidos a la varicela.<\/p>\n<h3>\u00bfC\u00f3mo te contagias?<\/h3>\n<p><strong>La viruela del mono se puede propagar cuando alguien est\u00e1 en contacto cercano con una persona infectada.<\/strong><\/p>\n<p>P\u00e9rez, de la OPS, dijo que se transmite a trav\u00e9s de gotas grandes exhaladas. Puede ingresar al cuerpo a trav\u00e9s de piel lesionada, las v\u00edas respiratorias o los ojos, la nariz o la boca, y tiene un per\u00edodo de incubaci\u00f3n de seis a 13 d\u00edas, aunque puede llegar a 21 d\u00edas.<\/p>\n<p>La excreci\u00f3n viral a trav\u00e9s de la materia fecal tambi\u00e9n puede ser una v\u00eda de transmisi\u00f3n del virus.<\/p>\n<p>A pesar de que se denomina \u201cviruela del mono\u201d, es tambi\u00e9n transmitida por roedores, marsupiales y otros primates. La OPS se\u00f1al\u00f3 que la poblaci\u00f3n \u201cdebe abstenerse de manipular animales\u201d.<\/p>\n<p><strong>Tambi\u00e9n se puede propagar por contacto con animales infectados o por objetos contaminados con virus, como la ropa.<\/strong><\/p>\n<p><img decoding=\"async\" class=\"alignleft size-medium wp-image-2756\" src=\"https:\/\/instituciones.gtm.sld.cu\/hppap\/wp-content\/uploads\/sites\/37\/2022\/05\/virus-mono3-580x315-300x163.png\" alt=\"\" width=\"300\" height=\"163\" srcset=\"https:\/\/instituciones.gtm.sld.cu\/hppap\/wp-content\/uploads\/sites\/37\/2022\/05\/virus-mono3-580x315-300x163.png 300w, https:\/\/instituciones.gtm.sld.cu\/hppap\/wp-content\/uploads\/sites\/37\/2022\/05\/virus-mono3-580x315.png 580w\" sizes=\"(max-width: 300px) 100vw, 300px\" \/><\/p>\n<h3>\u00bfQu\u00e9 tan comunes son los brotes?<\/h3>\n<p><strong>El virus se identific\u00f3 por primera vez en un mono cautivo y desde 1970 se reportaron brotes espor\u00e1dicos en diez pa\u00edses africanos.<\/strong><\/p>\n<p>En 2003 hubo un brote en EE.UU., la primera vez que se ve\u00eda la enfermedad fuera de \u00c1frica.<\/p>\n<p>Los pacientes contrajeron la enfermedad por contacto cercano con roedores que hab\u00edan sido infectados por un embarque de peque\u00f1os mam\u00edferos -ratas, lirones y ardillas- importados de \u00c1frica.<\/p>\n<p>Se informaron un total de 81 casos, pero ninguno result\u00f3 en muerte.<\/p>\n<p>En 2017, Nigeria experiment\u00f3 el mayor brote documentado, unos 40 a\u00f1os despu\u00e9s de que el pa\u00eds tuviera sus \u00faltimos casos confirmados de viruela del mono. Hubo 172 casos sospechosos y el 75% de las v\u00edctimas eran hombres de entre 21 y 40 a\u00f1os.<\/p>\n<p><strong>No existe tratamiento para la viruela del mono, pero los brotes pueden controlarse mediante la prevenci\u00f3n de infecciones.\u00a0<\/strong>Se ha demostrado que la vacunaci\u00f3n contra la viruela tiene una eficacia de 85% en la prevenci\u00f3n de la viruela del mono y todav\u00eda se usa a veces.<\/p>\n<h3>\u00bfHay un resurgimiento de la viruela del mono?<\/h3>\n<p>En \u00c1frica s\u00ed. Desde 2016 a la fecha se detectaron m\u00e1s casos que en los 40 a\u00f1os anteriores, seg\u00fan escribi\u00f3 Ra\u00fal Rivas Gonz\u00e1lez, catedr\u00e1tico en Microbiolog\u00eda de la Universidad de Salamanca, en un art\u00edculo publicado en\u00a0<em>The Conversation<\/em>.<\/p>\n<p>Sobre el porqu\u00e9 de este resurgimiento, Rivas Gonz\u00e1lez marca cuatro razones:<\/p>\n<ul>\n<li>El cese de la vacunaci\u00f3n contra la viruela en 1980, lo que produjo una ca\u00edda en la inmunidad frente a los ortopoxvirus.<\/li>\n<li>La exposici\u00f3n m\u00e1s frecuente a animales que son reservorio de la enfermedad.<\/li>\n<li>El aumento en la tasa de transmisi\u00f3n entre humanos, especialmente en aquellas personas inmunocomprometidas.<\/li>\n<li>El avance en la capacidad de diagnosticar y el desarrollo de programas de educaci\u00f3n sanitaria.<\/li>\n<\/ul>\n<p><strong>(Con informaci\u00f3n de <a href=\"https:\/\/www.bbc.com\/mundo\/noticias-61496780\" target=\"_blank\" rel=\"nofollow noopener noreferrer\">BBC Mundo<\/a>)\u00a0<\/strong><\/p>\n<p><strong>Tomado del sitio Cubadebate<\/strong><\/p>\n","protected":false},"excerpt":{"rendered":"<p>La aparici\u00f3n de un caso de la viruela del mono en Reino Unido el 7 de mayo encendi\u00f3 las alarmas. Con el correr de los d\u00edas, la enfermedad comenz\u00f3 a propagarse y ya se identificaron nueve infectados en ese pa\u00eds.<\/p><p><a class=\"more-link btn\" href=\"https:\/\/instituciones.gtm.sld.cu\/hppap\/las-claves-sobre-la-viruela-del-mono-el-extrano-virus-detectado-en-europa-y-norteamerica\/\">Seguir leyendo<\/a><\/p>\n","protected":false},"author":18,"featured_media":2754,"comment_status":"open","ping_status":"open","sticky":false,"template":"","format":"standard","meta":{"ngg_post_thumbnail":0},"categories":[5],"tags":[],"yoast_head":"<!-- This site is optimized with the Yoast SEO plugin v21.8 - https:\/\/yoast.com\/wordpress\/plugins\/seo\/ -->\n<title>Las claves sobre la viruela del mono, el extra\u00f1o virus detectado en Europa y Norteam\u00e9rica - Hospital Pedi\u00e1trico &quot;Pedro Agust\u00edn P\u00e9rez&quot;<\/title>\n<meta name=\"robots\" content=\"index, follow, max-snippet:-1, max-image-preview:large, max-video-preview:-1\" \/>\n<link rel=\"canonical\" href=\"https:\/\/instituciones.gtm.sld.cu\/hppap\/las-claves-sobre-la-viruela-del-mono-el-extrano-virus-detectado-en-europa-y-norteamerica\/\" \/>\n<meta property=\"og:locale\" content=\"es_ES\" \/>\n<meta property=\"og:type\" content=\"article\" \/>\n<meta property=\"og:title\" content=\"Las claves sobre la viruela del mono, el extra\u00f1o virus detectado en Europa y Norteam\u00e9rica - Hospital Pedi\u00e1trico &quot;Pedro Agust\u00edn P\u00e9rez&quot;\" \/>\n<meta property=\"og:description\" content=\"La aparici\u00f3n de un caso de la viruela del mono en Reino Unido el 7 de mayo encendi\u00f3 las alarmas. Con el correr de los d\u00edas, la enfermedad comenz\u00f3 a propagarse y ya se identificaron nueve infectados en ese pa\u00eds.\" \/>\n<meta property=\"og:url\" content=\"https:\/\/instituciones.gtm.sld.cu\/hppap\/las-claves-sobre-la-viruela-del-mono-el-extrano-virus-detectado-en-europa-y-norteamerica\/\" \/>\n<meta property=\"og:site_name\" content=\"Hospital Pedi\u00e1trico &quot;Pedro Agust\u00edn P\u00e9rez&quot;\" \/>\n<meta property=\"article:published_time\" content=\"2022-05-19T18:24:21+00:00\" \/>\n<meta property=\"article:modified_time\" content=\"2022-05-19T18:25:31+00:00\" \/>\n<meta property=\"og:image\" content=\"https:\/\/instituciones.gtm.sld.cu\/hppap\/wp-content\/uploads\/sites\/37\/2022\/05\/virus-mono2-580x325.png\" \/>\n\t<meta property=\"og:image:width\" content=\"580\" \/>\n\t<meta property=\"og:image:height\" content=\"325\" \/>\n\t<meta property=\"og:image:type\" content=\"image\/png\" \/>\n<meta name=\"twitter:card\" content=\"summary_large_image\" \/>\n<meta name=\"twitter:label1\" content=\"Escrito por\" \/>\n\t<meta name=\"twitter:data1\" content=\"\" \/>\n\t<meta name=\"twitter:label2\" content=\"Tiempo de lectura\" \/>\n\t<meta name=\"twitter:data2\" content=\"5 minutos\" \/>\n<script type=\"application\/ld+json\" class=\"yoast-schema-graph\">{\"@context\":\"https:\/\/schema.org\",\"@graph\":[{\"@type\":\"Article\",\"@id\":\"https:\/\/instituciones.gtm.sld.cu\/hppap\/las-claves-sobre-la-viruela-del-mono-el-extrano-virus-detectado-en-europa-y-norteamerica\/#article\",\"isPartOf\":{\"@id\":\"https:\/\/instituciones.gtm.sld.cu\/hppap\/las-claves-sobre-la-viruela-del-mono-el-extrano-virus-detectado-en-europa-y-norteamerica\/\"},\"author\":{\"name\":\"\",\"@id\":\"\"},\"headline\":\"Las claves sobre la viruela del mono, el extra\u00f1o virus detectado en Europa y Norteam\u00e9rica\",\"datePublished\":\"2022-05-19T18:24:21+00:00\",\"dateModified\":\"2022-05-19T18:25:31+00:00\",\"mainEntityOfPage\":{\"@id\":\"https:\/\/instituciones.gtm.sld.cu\/hppap\/las-claves-sobre-la-viruela-del-mono-el-extrano-virus-detectado-en-europa-y-norteamerica\/\"},\"wordCount\":1007,\"commentCount\":0,\"publisher\":{\"@id\":\"https:\/\/instituciones.gtm.sld.cu\/hppap\/#organization\"},\"articleSection\":[\"Noticias\"],\"inLanguage\":\"es\",\"potentialAction\":[{\"@type\":\"CommentAction\",\"name\":\"Comment\",\"target\":[\"https:\/\/instituciones.gtm.sld.cu\/hppap\/las-claves-sobre-la-viruela-del-mono-el-extrano-virus-detectado-en-europa-y-norteamerica\/#respond\"]}]},{\"@type\":\"WebPage\",\"@id\":\"https:\/\/instituciones.gtm.sld.cu\/hppap\/las-claves-sobre-la-viruela-del-mono-el-extrano-virus-detectado-en-europa-y-norteamerica\/\",\"url\":\"https:\/\/instituciones.gtm.sld.cu\/hppap\/las-claves-sobre-la-viruela-del-mono-el-extrano-virus-detectado-en-europa-y-norteamerica\/\",\"name\":\"Las claves sobre la viruela del mono, el extra\u00f1o virus detectado en Europa y Norteam\u00e9rica - Hospital Pedi\u00e1trico &quot;Pedro Agust\u00edn P\u00e9rez&quot;\",\"isPartOf\":{\"@id\":\"https:\/\/instituciones.gtm.sld.cu\/hppap\/#website\"},\"datePublished\":\"2022-05-19T18:24:21+00:00\",\"dateModified\":\"2022-05-19T18:25:31+00:00\",\"breadcrumb\":{\"@id\":\"https:\/\/instituciones.gtm.sld.cu\/hppap\/las-claves-sobre-la-viruela-del-mono-el-extrano-virus-detectado-en-europa-y-norteamerica\/#breadcrumb\"},\"inLanguage\":\"es\",\"potentialAction\":[{\"@type\":\"ReadAction\",\"target\":[\"https:\/\/instituciones.gtm.sld.cu\/hppap\/las-claves-sobre-la-viruela-del-mono-el-extrano-virus-detectado-en-europa-y-norteamerica\/\"]}]},{\"@type\":\"BreadcrumbList\",\"@id\":\"https:\/\/instituciones.gtm.sld.cu\/hppap\/las-claves-sobre-la-viruela-del-mono-el-extrano-virus-detectado-en-europa-y-norteamerica\/#breadcrumb\",\"itemListElement\":[{\"@type\":\"ListItem\",\"position\":1,\"name\":\"Inicio\",\"item\":\"https:\/\/instituciones.gtm.sld.cu\/hppap\/\"},{\"@type\":\"ListItem\",\"position\":2,\"name\":\"Las claves sobre la viruela del mono, el extra\u00f1o virus detectado en Europa y Norteam\u00e9rica\"}]},{\"@type\":\"WebSite\",\"@id\":\"https:\/\/instituciones.gtm.sld.cu\/hppap\/#website\",\"url\":\"https:\/\/instituciones.gtm.sld.cu\/hppap\/\",\"name\":\"Hospital Pedi\u00e1trico \\\"Pedro Agust\u00edn P\u00e9rez\\\"\",\"description\":\"\",\"publisher\":{\"@id\":\"https:\/\/instituciones.gtm.sld.cu\/hppap\/#organization\"},\"potentialAction\":[{\"@type\":\"SearchAction\",\"target\":{\"@type\":\"EntryPoint\",\"urlTemplate\":\"https:\/\/instituciones.gtm.sld.cu\/hppap\/?s={search_term_string}\"},\"query-input\":\"required name=search_term_string\"}],\"inLanguage\":\"es\"},{\"@type\":\"Organization\",\"@id\":\"https:\/\/instituciones.gtm.sld.cu\/hppap\/#organization\",\"name\":\"Hospital Pedi\u00e1trico \\\"Pedro Agust\u00edn P\u00e9rez\\\"\",\"url\":\"https:\/\/instituciones.gtm.sld.cu\/hppap\/\",\"logo\":{\"@type\":\"ImageObject\",\"inLanguage\":\"es\",\"@id\":\"https:\/\/instituciones.gtm.sld.cu\/hppap\/#\/schema\/logo\/image\/\",\"url\":\"https:\/\/instituciones.gtm.sld.cu\/hppap\/wp-content\/uploads\/sites\/37\/2024\/05\/299145640_582996300017682_8206920265837739482_n-1.jpg\",\"contentUrl\":\"https:\/\/instituciones.gtm.sld.cu\/hppap\/wp-content\/uploads\/sites\/37\/2024\/05\/299145640_582996300017682_8206920265837739482_n-1.jpg\",\"width\":960,\"height\":479,\"caption\":\"Hospital Pedi\u00e1trico \\\"Pedro Agust\u00edn P\u00e9rez\\\"\"},\"image\":{\"@id\":\"https:\/\/instituciones.gtm.sld.cu\/hppap\/#\/schema\/logo\/image\/\"}},{\"@type\":\"Person\",\"@id\":\"\",\"url\":\"https:\/\/instituciones.gtm.sld.cu\/hppap\/author\/\"}]}<\/script>\n<!-- \/ Yoast SEO plugin. -->","yoast_head_json":{"title":"Las claves sobre la viruela del mono, el extra\u00f1o virus detectado en Europa y Norteam\u00e9rica - Hospital Pedi\u00e1trico &quot;Pedro Agust\u00edn P\u00e9rez&quot;","robots":{"index":"index","follow":"follow","max-snippet":"max-snippet:-1","max-image-preview":"max-image-preview:large","max-video-preview":"max-video-preview:-1"},"canonical":"https:\/\/instituciones.gtm.sld.cu\/hppap\/las-claves-sobre-la-viruela-del-mono-el-extrano-virus-detectado-en-europa-y-norteamerica\/","og_locale":"es_ES","og_type":"article","og_title":"Las claves sobre la viruela del mono, el extra\u00f1o virus detectado en Europa y Norteam\u00e9rica - Hospital Pedi\u00e1trico &quot;Pedro Agust\u00edn P\u00e9rez&quot;","og_description":"La aparici\u00f3n de un caso de la viruela del mono en Reino Unido el 7 de mayo encendi\u00f3 las alarmas. Con el correr de los d\u00edas, la enfermedad comenz\u00f3 a propagarse y ya se identificaron nueve infectados en ese pa\u00eds.","og_url":"https:\/\/instituciones.gtm.sld.cu\/hppap\/las-claves-sobre-la-viruela-del-mono-el-extrano-virus-detectado-en-europa-y-norteamerica\/","og_site_name":"Hospital Pedi\u00e1trico &quot;Pedro Agust\u00edn P\u00e9rez&quot;","article_published_time":"2022-05-19T18:24:21+00:00","article_modified_time":"2022-05-19T18:25:31+00:00","og_image":[{"width":580,"height":325,"url":"https:\/\/instituciones.gtm.sld.cu\/hppap\/wp-content\/uploads\/sites\/37\/2022\/05\/virus-mono2-580x325.png","type":"image\/png"}],"twitter_card":"summary_large_image","twitter_misc":{"Escrito por":"","Tiempo de lectura":"5 minutos"},"schema":{"@context":"https:\/\/schema.org","@graph":[{"@type":"Article","@id":"https:\/\/instituciones.gtm.sld.cu\/hppap\/las-claves-sobre-la-viruela-del-mono-el-extrano-virus-detectado-en-europa-y-norteamerica\/#article","isPartOf":{"@id":"https:\/\/instituciones.gtm.sld.cu\/hppap\/las-claves-sobre-la-viruela-del-mono-el-extrano-virus-detectado-en-europa-y-norteamerica\/"},"author":{"name":"","@id":""},"headline":"Las claves sobre la viruela del mono, el extra\u00f1o virus detectado en Europa y Norteam\u00e9rica","datePublished":"2022-05-19T18:24:21+00:00","dateModified":"2022-05-19T18:25:31+00:00","mainEntityOfPage":{"@id":"https:\/\/instituciones.gtm.sld.cu\/hppap\/las-claves-sobre-la-viruela-del-mono-el-extrano-virus-detectado-en-europa-y-norteamerica\/"},"wordCount":1007,"commentCount":0,"publisher":{"@id":"https:\/\/instituciones.gtm.sld.cu\/hppap\/#organization"},"articleSection":["Noticias"],"inLanguage":"es","potentialAction":[{"@type":"CommentAction","name":"Comment","target":["https:\/\/instituciones.gtm.sld.cu\/hppap\/las-claves-sobre-la-viruela-del-mono-el-extrano-virus-detectado-en-europa-y-norteamerica\/#respond"]}]},{"@type":"WebPage","@id":"https:\/\/instituciones.gtm.sld.cu\/hppap\/las-claves-sobre-la-viruela-del-mono-el-extrano-virus-detectado-en-europa-y-norteamerica\/","url":"https:\/\/instituciones.gtm.sld.cu\/hppap\/las-claves-sobre-la-viruela-del-mono-el-extrano-virus-detectado-en-europa-y-norteamerica\/","name":"Las claves sobre la viruela del mono, el extra\u00f1o virus detectado en Europa y Norteam\u00e9rica - Hospital Pedi\u00e1trico &quot;Pedro Agust\u00edn P\u00e9rez&quot;","isPartOf":{"@id":"https:\/\/instituciones.gtm.sld.cu\/hppap\/#website"},"datePublished":"2022-05-19T18:24:21+00:00","dateModified":"2022-05-19T18:25:31+00:00","breadcrumb":{"@id":"https:\/\/instituciones.gtm.sld.cu\/hppap\/las-claves-sobre-la-viruela-del-mono-el-extrano-virus-detectado-en-europa-y-norteamerica\/#breadcrumb"},"inLanguage":"es","potentialAction":[{"@type":"ReadAction","target":["https:\/\/instituciones.gtm.sld.cu\/hppap\/las-claves-sobre-la-viruela-del-mono-el-extrano-virus-detectado-en-europa-y-norteamerica\/"]}]},{"@type":"BreadcrumbList","@id":"https:\/\/instituciones.gtm.sld.cu\/hppap\/las-claves-sobre-la-viruela-del-mono-el-extrano-virus-detectado-en-europa-y-norteamerica\/#breadcrumb","itemListElement":[{"@type":"ListItem","position":1,"name":"Inicio","item":"https:\/\/instituciones.gtm.sld.cu\/hppap\/"},{"@type":"ListItem","position":2,"name":"Las claves sobre la viruela del mono, el extra\u00f1o virus detectado en Europa y Norteam\u00e9rica"}]},{"@type":"WebSite","@id":"https:\/\/instituciones.gtm.sld.cu\/hppap\/#website","url":"https:\/\/instituciones.gtm.sld.cu\/hppap\/","name":"Hospital Pedi\u00e1trico \"Pedro Agust\u00edn P\u00e9rez\"","description":"","publisher":{"@id":"https:\/\/instituciones.gtm.sld.cu\/hppap\/#organization"},"potentialAction":[{"@type":"SearchAction","target":{"@type":"EntryPoint","urlTemplate":"https:\/\/instituciones.gtm.sld.cu\/hppap\/?s={search_term_string}"},"query-input":"required name=search_term_string"}],"inLanguage":"es"},{"@type":"Organization","@id":"https:\/\/instituciones.gtm.sld.cu\/hppap\/#organization","name":"Hospital Pedi\u00e1trico \"Pedro Agust\u00edn P\u00e9rez\"","url":"https:\/\/instituciones.gtm.sld.cu\/hppap\/","logo":{"@type":"ImageObject","inLanguage":"es","@id":"https:\/\/instituciones.gtm.sld.cu\/hppap\/#\/schema\/logo\/image\/","url":"https:\/\/instituciones.gtm.sld.cu\/hppap\/wp-content\/uploads\/sites\/37\/2024\/05\/299145640_582996300017682_8206920265837739482_n-1.jpg","contentUrl":"https:\/\/instituciones.gtm.sld.cu\/hppap\/wp-content\/uploads\/sites\/37\/2024\/05\/299145640_582996300017682_8206920265837739482_n-1.jpg","width":960,"height":479,"caption":"Hospital Pedi\u00e1trico \"Pedro Agust\u00edn P\u00e9rez\""},"image":{"@id":"https:\/\/instituciones.gtm.sld.cu\/hppap\/#\/schema\/logo\/image\/"}},{"@type":"Person","@id":"","url":"https:\/\/instituciones.gtm.sld.cu\/hppap\/author\/"}]}},"jetpack_featured_media_url":"https:\/\/instituciones.gtm.sld.cu\/hppap\/wp-content\/uploads\/sites\/37\/2022\/05\/virus-mono2-580x325.png","_links":{"self":[{"href":"https:\/\/instituciones.gtm.sld.cu\/hppap\/wp-json\/wp\/v2\/posts\/2753"}],"collection":[{"href":"https:\/\/instituciones.gtm.sld.cu\/hppap\/wp-json\/wp\/v2\/posts"}],"about":[{"href":"https:\/\/instituciones.gtm.sld.cu\/hppap\/wp-json\/wp\/v2\/types\/post"}],"author":[{"embeddable":true,"href":"https:\/\/instituciones.gtm.sld.cu\/hppap\/wp-json\/wp\/v2\/users\/18"}],"replies":[{"embeddable":true,"href":"https:\/\/instituciones.gtm.sld.cu\/hppap\/wp-json\/wp\/v2\/comments?post=2753"}],"version-history":[{"count":2,"href":"https:\/\/instituciones.gtm.sld.cu\/hppap\/wp-json\/wp\/v2\/posts\/2753\/revisions"}],"predecessor-version":[{"id":2758,"href":"https:\/\/instituciones.gtm.sld.cu\/hppap\/wp-json\/wp\/v2\/posts\/2753\/revisions\/2758"}],"wp:featuredmedia":[{"embeddable":true,"href":"https:\/\/instituciones.gtm.sld.cu\/hppap\/wp-json\/wp\/v2\/media\/2754"}],"wp:attachment":[{"href":"https:\/\/instituciones.gtm.sld.cu\/hppap\/wp-json\/wp\/v2\/media?parent=2753"}],"wp:term":[{"taxonomy":"category","embeddable":true,"href":"https:\/\/instituciones.gtm.sld.cu\/hppap\/wp-json\/wp\/v2\/categories?post=2753"},{"taxonomy":"post_tag","embeddable":true,"href":"https:\/\/instituciones.gtm.sld.cu\/hppap\/wp-json\/wp\/v2\/tags?post=2753"}],"curies":[{"name":"wp","href":"https:\/\/api.w.org\/{rel}","templated":true}]}}