{"id":2907,"date":"2022-07-21T14:14:11","date_gmt":"2022-07-21T14:14:11","guid":{"rendered":"https:\/\/instituciones.gtm.sld.cu\/hppap\/?p=2907"},"modified":"2022-07-21T14:14:58","modified_gmt":"2022-07-21T14:14:58","slug":"evalua-el-dr-nael-preval-campello-director-provincial-de-salud-en-guantanamo-cumplimiento-del-protocolo-para-el-control-del-dengue-en-el-hospital-pediatrico-pedro-agustin-perez","status":"publish","type":"post","link":"https:\/\/instituciones.gtm.sld.cu\/hppap\/evalua-el-dr-nael-preval-campello-director-provincial-de-salud-en-guantanamo-cumplimiento-del-protocolo-para-el-control-del-dengue-en-el-hospital-pediatrico-pedro-agustin-perez\/","title":{"rendered":"Eval\u00faa el Dr Nael Preval Campello, Director Provincial de Salud en Guant\u00e1namo, cumplimiento del protocolo para el control del dengue en el Hospital Pedi\u00e1trico"},"content":{"rendered":"<p><img fetchpriority=\"high\" decoding=\"async\" class=\"alignnone wp-image-2908 size-full\" src=\"https:\/\/instituciones.gtm.sld.cu\/hppap\/wp-content\/uploads\/sites\/37\/2022\/07\/294796066_2589344394534937_2883639371743752103_n.jpg\" alt=\"\" width=\"2048\" height=\"946\" srcset=\"https:\/\/instituciones.gtm.sld.cu\/hppap\/wp-content\/uploads\/sites\/37\/2022\/07\/294796066_2589344394534937_2883639371743752103_n.jpg 2048w, https:\/\/instituciones.gtm.sld.cu\/hppap\/wp-content\/uploads\/sites\/37\/2022\/07\/294796066_2589344394534937_2883639371743752103_n-300x139.jpg 300w, https:\/\/instituciones.gtm.sld.cu\/hppap\/wp-content\/uploads\/sites\/37\/2022\/07\/294796066_2589344394534937_2883639371743752103_n-768x355.jpg 768w, https:\/\/instituciones.gtm.sld.cu\/hppap\/wp-content\/uploads\/sites\/37\/2022\/07\/294796066_2589344394534937_2883639371743752103_n-1024x473.jpg 1024w\" sizes=\"(max-width: 2048px) 100vw, 2048px\" \/><\/p>\n<div class=\"\" dir=\"auto\">\n<div id=\"jsc_c_f5\" class=\"ecm0bbzt hv4rvrfc ihqw7lf3 dati1w0a\" data-ad-comet-preview=\"message\" data-ad-preview=\"message\">\n<div class=\"j83agx80 cbu4d94t ew0dbk1b irj2b8pg\">\n<div class=\"qzhwtbm6 knvmm38d\">\n<div class=\"kvgmc6g5 cxmmr5t8 oygrvhab hcukyx3x c1et5uql ii04i59q\">\n<div dir=\"auto\">El Dr Nael Preval Campello, Director Provincial de Salud, evalu\u00f3 este jueves el cumplimiento de los protocolos para el control del dengue en el Hospital Pedi\u00e1trico Pedro Agust\u00edn P\u00e9rez de Guant\u00e1namo. Acompa\u00f1aron al m\u00e1ximo dirigente del sector en la provincia, el Dr Jorge Sierra Hern\u00e1ndez, Sub Director Provincial de Salud, el Dr Francisco Marsill\u00ed Faure, Director del centro hospitalario junto a miembros del Consejo de Direcci\u00f3n y otros funcionarios de la Direcci\u00f3n de salud en el territorio.<\/div>\n<div dir=\"auto\">Durante el recorrido, los visitantes comprobaron el funcionamiento de los servicios asistenciales y de medio diagn\u00f3stico y la disponibilidad de camas para el ingreso de pacientes con signos y s\u00edntomas de alarma por dengue e intercambiaron con trabajadores y familiares de pacientes hospitalizados.<\/div>\n<\/div>\n<\/div>\n<\/div>\n<\/div>\n<\/div>\n","protected":false},"excerpt":{"rendered":"<p>Durante el recorrido, los visitantes comprobaron el funcionamiento de los servicios asistenciales y de medio diagn\u00f3stico y la disponibilidad de camas para el ingreso de pacientes con signos y s\u00edntomas de alarma por dengue e intercambiaron con trabajadores y familiares de pacientes hospitalizados.<\/p><p><a class=\"more-link btn\" href=\"https:\/\/instituciones.gtm.sld.cu\/hppap\/evalua-el-dr-nael-preval-campello-director-provincial-de-salud-en-guantanamo-cumplimiento-del-protocolo-para-el-control-del-dengue-en-el-hospital-pediatrico-pedro-agustin-perez\/\">Seguir leyendo<\/a><\/p>\n","protected":false},"author":18,"featured_media":0,"comment_status":"open","ping_status":"open","sticky":false,"template":"","format":"standard","meta":{"ngg_post_thumbnail":0},"categories":[5],"tags":[],"yoast_head":"<!-- This site is optimized with the Yoast SEO plugin v21.8 - https:\/\/yoast.com\/wordpress\/plugins\/seo\/ -->\n<title>Eval\u00faa el Dr Nael Preval Campello, Director Provincial de Salud en Guant\u00e1namo, cumplimiento del protocolo para el control del dengue en el Hospital Pedi\u00e1trico - Hospital Pedi\u00e1trico &quot;Pedro Agust\u00edn P\u00e9rez&quot;<\/title>\n<meta name=\"robots\" content=\"index, follow, max-snippet:-1, max-image-preview:large, max-video-preview:-1\" \/>\n<link rel=\"canonical\" href=\"https:\/\/instituciones.gtm.sld.cu\/hppap\/evalua-el-dr-nael-preval-campello-director-provincial-de-salud-en-guantanamo-cumplimiento-del-protocolo-para-el-control-del-dengue-en-el-hospital-pediatrico-pedro-agustin-perez\/\" \/>\n<meta property=\"og:locale\" content=\"es_ES\" \/>\n<meta property=\"og:type\" content=\"article\" \/>\n<meta property=\"og:title\" content=\"Eval\u00faa el Dr Nael Preval Campello, Director Provincial de Salud en Guant\u00e1namo, cumplimiento del protocolo para el control del dengue en el Hospital Pedi\u00e1trico - Hospital Pedi\u00e1trico &quot;Pedro Agust\u00edn P\u00e9rez&quot;\" \/>\n<meta property=\"og:description\" content=\"Durante el recorrido, los visitantes comprobaron el funcionamiento de los servicios asistenciales y de medio diagn\u00f3stico y la disponibilidad de camas para el ingreso de pacientes con signos y s\u00edntomas de alarma por dengue e intercambiaron con trabajadores y familiares de pacientes hospitalizados.\" \/>\n<meta property=\"og:url\" content=\"https:\/\/instituciones.gtm.sld.cu\/hppap\/evalua-el-dr-nael-preval-campello-director-provincial-de-salud-en-guantanamo-cumplimiento-del-protocolo-para-el-control-del-dengue-en-el-hospital-pediatrico-pedro-agustin-perez\/\" \/>\n<meta property=\"og:site_name\" content=\"Hospital Pedi\u00e1trico &quot;Pedro Agust\u00edn P\u00e9rez&quot;\" \/>\n<meta property=\"article:published_time\" content=\"2022-07-21T14:14:11+00:00\" \/>\n<meta property=\"article:modified_time\" content=\"2022-07-21T14:14:58+00:00\" \/>\n<meta property=\"og:image\" content=\"https:\/\/instituciones.gtm.sld.cu\/hppap\/wp-content\/uploads\/sites\/37\/2022\/07\/294796066_2589344394534937_2883639371743752103_n.jpg\" \/>\n<meta name=\"twitter:card\" content=\"summary_large_image\" \/>\n<meta name=\"twitter:label1\" content=\"Escrito por\" \/>\n\t<meta name=\"twitter:data1\" content=\"\" \/>\n\t<meta name=\"twitter:label2\" content=\"Tiempo de lectura\" \/>\n\t<meta name=\"twitter:data2\" content=\"1 minuto\" \/>\n<script type=\"application\/ld+json\" class=\"yoast-schema-graph\">{\"@context\":\"https:\/\/schema.org\",\"@graph\":[{\"@type\":\"Article\",\"@id\":\"https:\/\/instituciones.gtm.sld.cu\/hppap\/evalua-el-dr-nael-preval-campello-director-provincial-de-salud-en-guantanamo-cumplimiento-del-protocolo-para-el-control-del-dengue-en-el-hospital-pediatrico-pedro-agustin-perez\/#article\",\"isPartOf\":{\"@id\":\"https:\/\/instituciones.gtm.sld.cu\/hppap\/evalua-el-dr-nael-preval-campello-director-provincial-de-salud-en-guantanamo-cumplimiento-del-protocolo-para-el-control-del-dengue-en-el-hospital-pediatrico-pedro-agustin-perez\/\"},\"author\":{\"name\":\"\",\"@id\":\"\"},\"headline\":\"Eval\u00faa el Dr Nael Preval Campello, Director Provincial de Salud en Guant\u00e1namo, cumplimiento del protocolo para el control del dengue en el Hospital Pedi\u00e1trico\",\"datePublished\":\"2022-07-21T14:14:11+00:00\",\"dateModified\":\"2022-07-21T14:14:58+00:00\",\"mainEntityOfPage\":{\"@id\":\"https:\/\/instituciones.gtm.sld.cu\/hppap\/evalua-el-dr-nael-preval-campello-director-provincial-de-salud-en-guantanamo-cumplimiento-del-protocolo-para-el-control-del-dengue-en-el-hospital-pediatrico-pedro-agustin-perez\/\"},\"wordCount\":158,\"commentCount\":0,\"publisher\":{\"@id\":\"https:\/\/instituciones.gtm.sld.cu\/hppap\/#organization\"},\"articleSection\":[\"Noticias\"],\"inLanguage\":\"es\",\"potentialAction\":[{\"@type\":\"CommentAction\",\"name\":\"Comment\",\"target\":[\"https:\/\/instituciones.gtm.sld.cu\/hppap\/evalua-el-dr-nael-preval-campello-director-provincial-de-salud-en-guantanamo-cumplimiento-del-protocolo-para-el-control-del-dengue-en-el-hospital-pediatrico-pedro-agustin-perez\/#respond\"]}]},{\"@type\":\"WebPage\",\"@id\":\"https:\/\/instituciones.gtm.sld.cu\/hppap\/evalua-el-dr-nael-preval-campello-director-provincial-de-salud-en-guantanamo-cumplimiento-del-protocolo-para-el-control-del-dengue-en-el-hospital-pediatrico-pedro-agustin-perez\/\",\"url\":\"https:\/\/instituciones.gtm.sld.cu\/hppap\/evalua-el-dr-nael-preval-campello-director-provincial-de-salud-en-guantanamo-cumplimiento-del-protocolo-para-el-control-del-dengue-en-el-hospital-pediatrico-pedro-agustin-perez\/\",\"name\":\"Eval\u00faa el Dr Nael Preval Campello, Director Provincial de Salud en Guant\u00e1namo, cumplimiento del protocolo para el control del dengue en el Hospital Pedi\u00e1trico - Hospital Pedi\u00e1trico &quot;Pedro Agust\u00edn P\u00e9rez&quot;\",\"isPartOf\":{\"@id\":\"https:\/\/instituciones.gtm.sld.cu\/hppap\/#website\"},\"datePublished\":\"2022-07-21T14:14:11+00:00\",\"dateModified\":\"2022-07-21T14:14:58+00:00\",\"breadcrumb\":{\"@id\":\"https:\/\/instituciones.gtm.sld.cu\/hppap\/evalua-el-dr-nael-preval-campello-director-provincial-de-salud-en-guantanamo-cumplimiento-del-protocolo-para-el-control-del-dengue-en-el-hospital-pediatrico-pedro-agustin-perez\/#breadcrumb\"},\"inLanguage\":\"es\",\"potentialAction\":[{\"@type\":\"ReadAction\",\"target\":[\"https:\/\/instituciones.gtm.sld.cu\/hppap\/evalua-el-dr-nael-preval-campello-director-provincial-de-salud-en-guantanamo-cumplimiento-del-protocolo-para-el-control-del-dengue-en-el-hospital-pediatrico-pedro-agustin-perez\/\"]}]},{\"@type\":\"BreadcrumbList\",\"@id\":\"https:\/\/instituciones.gtm.sld.cu\/hppap\/evalua-el-dr-nael-preval-campello-director-provincial-de-salud-en-guantanamo-cumplimiento-del-protocolo-para-el-control-del-dengue-en-el-hospital-pediatrico-pedro-agustin-perez\/#breadcrumb\",\"itemListElement\":[{\"@type\":\"ListItem\",\"position\":1,\"name\":\"Inicio\",\"item\":\"https:\/\/instituciones.gtm.sld.cu\/hppap\/\"},{\"@type\":\"ListItem\",\"position\":2,\"name\":\"Eval\u00faa el Dr Nael Preval Campello, Director Provincial de Salud en Guant\u00e1namo, cumplimiento del protocolo para el control del dengue en el Hospital Pedi\u00e1trico\"}]},{\"@type\":\"WebSite\",\"@id\":\"https:\/\/instituciones.gtm.sld.cu\/hppap\/#website\",\"url\":\"https:\/\/instituciones.gtm.sld.cu\/hppap\/\",\"name\":\"Hospital Pedi\u00e1trico \\\"Pedro Agust\u00edn P\u00e9rez\\\"\",\"description\":\"\",\"publisher\":{\"@id\":\"https:\/\/instituciones.gtm.sld.cu\/hppap\/#organization\"},\"potentialAction\":[{\"@type\":\"SearchAction\",\"target\":{\"@type\":\"EntryPoint\",\"urlTemplate\":\"https:\/\/instituciones.gtm.sld.cu\/hppap\/?s={search_term_string}\"},\"query-input\":\"required name=search_term_string\"}],\"inLanguage\":\"es\"},{\"@type\":\"Organization\",\"@id\":\"https:\/\/instituciones.gtm.sld.cu\/hppap\/#organization\",\"name\":\"Hospital Pedi\u00e1trico \\\"Pedro Agust\u00edn P\u00e9rez\\\"\",\"url\":\"https:\/\/instituciones.gtm.sld.cu\/hppap\/\",\"logo\":{\"@type\":\"ImageObject\",\"inLanguage\":\"es\",\"@id\":\"https:\/\/instituciones.gtm.sld.cu\/hppap\/#\/schema\/logo\/image\/\",\"url\":\"https:\/\/instituciones.gtm.sld.cu\/hppap\/wp-content\/uploads\/sites\/37\/2024\/05\/299145640_582996300017682_8206920265837739482_n-1.jpg\",\"contentUrl\":\"https:\/\/instituciones.gtm.sld.cu\/hppap\/wp-content\/uploads\/sites\/37\/2024\/05\/299145640_582996300017682_8206920265837739482_n-1.jpg\",\"width\":960,\"height\":479,\"caption\":\"Hospital Pedi\u00e1trico \\\"Pedro Agust\u00edn P\u00e9rez\\\"\"},\"image\":{\"@id\":\"https:\/\/instituciones.gtm.sld.cu\/hppap\/#\/schema\/logo\/image\/\"}},{\"@type\":\"Person\",\"@id\":\"\",\"url\":\"https:\/\/instituciones.gtm.sld.cu\/hppap\/author\/\"}]}<\/script>\n<!-- \/ Yoast SEO plugin. -->","yoast_head_json":{"title":"Eval\u00faa el Dr Nael Preval Campello, Director Provincial de Salud en Guant\u00e1namo, cumplimiento del protocolo para el control del dengue en el Hospital Pedi\u00e1trico - Hospital Pedi\u00e1trico &quot;Pedro Agust\u00edn P\u00e9rez&quot;","robots":{"index":"index","follow":"follow","max-snippet":"max-snippet:-1","max-image-preview":"max-image-preview:large","max-video-preview":"max-video-preview:-1"},"canonical":"https:\/\/instituciones.gtm.sld.cu\/hppap\/evalua-el-dr-nael-preval-campello-director-provincial-de-salud-en-guantanamo-cumplimiento-del-protocolo-para-el-control-del-dengue-en-el-hospital-pediatrico-pedro-agustin-perez\/","og_locale":"es_ES","og_type":"article","og_title":"Eval\u00faa el Dr Nael Preval Campello, Director Provincial de Salud en Guant\u00e1namo, cumplimiento del protocolo para el control del dengue en el Hospital Pedi\u00e1trico - Hospital Pedi\u00e1trico &quot;Pedro Agust\u00edn P\u00e9rez&quot;","og_description":"Durante el recorrido, los visitantes comprobaron el funcionamiento de los servicios asistenciales y de medio diagn\u00f3stico y la disponibilidad de camas para el ingreso de pacientes con signos y s\u00edntomas de alarma por dengue e intercambiaron con trabajadores y familiares de pacientes hospitalizados.","og_url":"https:\/\/instituciones.gtm.sld.cu\/hppap\/evalua-el-dr-nael-preval-campello-director-provincial-de-salud-en-guantanamo-cumplimiento-del-protocolo-para-el-control-del-dengue-en-el-hospital-pediatrico-pedro-agustin-perez\/","og_site_name":"Hospital Pedi\u00e1trico &quot;Pedro Agust\u00edn P\u00e9rez&quot;","article_published_time":"2022-07-21T14:14:11+00:00","article_modified_time":"2022-07-21T14:14:58+00:00","og_image":[{"url":"https:\/\/instituciones.gtm.sld.cu\/hppap\/wp-content\/uploads\/sites\/37\/2022\/07\/294796066_2589344394534937_2883639371743752103_n.jpg"}],"twitter_card":"summary_large_image","twitter_misc":{"Escrito por":"","Tiempo de lectura":"1 minuto"},"schema":{"@context":"https:\/\/schema.org","@graph":[{"@type":"Article","@id":"https:\/\/instituciones.gtm.sld.cu\/hppap\/evalua-el-dr-nael-preval-campello-director-provincial-de-salud-en-guantanamo-cumplimiento-del-protocolo-para-el-control-del-dengue-en-el-hospital-pediatrico-pedro-agustin-perez\/#article","isPartOf":{"@id":"https:\/\/instituciones.gtm.sld.cu\/hppap\/evalua-el-dr-nael-preval-campello-director-provincial-de-salud-en-guantanamo-cumplimiento-del-protocolo-para-el-control-del-dengue-en-el-hospital-pediatrico-pedro-agustin-perez\/"},"author":{"name":"","@id":""},"headline":"Eval\u00faa el Dr Nael Preval Campello, Director Provincial de Salud en Guant\u00e1namo, cumplimiento del protocolo para el control del dengue en el Hospital Pedi\u00e1trico","datePublished":"2022-07-21T14:14:11+00:00","dateModified":"2022-07-21T14:14:58+00:00","mainEntityOfPage":{"@id":"https:\/\/instituciones.gtm.sld.cu\/hppap\/evalua-el-dr-nael-preval-campello-director-provincial-de-salud-en-guantanamo-cumplimiento-del-protocolo-para-el-control-del-dengue-en-el-hospital-pediatrico-pedro-agustin-perez\/"},"wordCount":158,"commentCount":0,"publisher":{"@id":"https:\/\/instituciones.gtm.sld.cu\/hppap\/#organization"},"articleSection":["Noticias"],"inLanguage":"es","potentialAction":[{"@type":"CommentAction","name":"Comment","target":["https:\/\/instituciones.gtm.sld.cu\/hppap\/evalua-el-dr-nael-preval-campello-director-provincial-de-salud-en-guantanamo-cumplimiento-del-protocolo-para-el-control-del-dengue-en-el-hospital-pediatrico-pedro-agustin-perez\/#respond"]}]},{"@type":"WebPage","@id":"https:\/\/instituciones.gtm.sld.cu\/hppap\/evalua-el-dr-nael-preval-campello-director-provincial-de-salud-en-guantanamo-cumplimiento-del-protocolo-para-el-control-del-dengue-en-el-hospital-pediatrico-pedro-agustin-perez\/","url":"https:\/\/instituciones.gtm.sld.cu\/hppap\/evalua-el-dr-nael-preval-campello-director-provincial-de-salud-en-guantanamo-cumplimiento-del-protocolo-para-el-control-del-dengue-en-el-hospital-pediatrico-pedro-agustin-perez\/","name":"Eval\u00faa el Dr Nael Preval Campello, Director Provincial de Salud en Guant\u00e1namo, cumplimiento del protocolo para el control del dengue en el Hospital Pedi\u00e1trico - Hospital Pedi\u00e1trico &quot;Pedro Agust\u00edn P\u00e9rez&quot;","isPartOf":{"@id":"https:\/\/instituciones.gtm.sld.cu\/hppap\/#website"},"datePublished":"2022-07-21T14:14:11+00:00","dateModified":"2022-07-21T14:14:58+00:00","breadcrumb":{"@id":"https:\/\/instituciones.gtm.sld.cu\/hppap\/evalua-el-dr-nael-preval-campello-director-provincial-de-salud-en-guantanamo-cumplimiento-del-protocolo-para-el-control-del-dengue-en-el-hospital-pediatrico-pedro-agustin-perez\/#breadcrumb"},"inLanguage":"es","potentialAction":[{"@type":"ReadAction","target":["https:\/\/instituciones.gtm.sld.cu\/hppap\/evalua-el-dr-nael-preval-campello-director-provincial-de-salud-en-guantanamo-cumplimiento-del-protocolo-para-el-control-del-dengue-en-el-hospital-pediatrico-pedro-agustin-perez\/"]}]},{"@type":"BreadcrumbList","@id":"https:\/\/instituciones.gtm.sld.cu\/hppap\/evalua-el-dr-nael-preval-campello-director-provincial-de-salud-en-guantanamo-cumplimiento-del-protocolo-para-el-control-del-dengue-en-el-hospital-pediatrico-pedro-agustin-perez\/#breadcrumb","itemListElement":[{"@type":"ListItem","position":1,"name":"Inicio","item":"https:\/\/instituciones.gtm.sld.cu\/hppap\/"},{"@type":"ListItem","position":2,"name":"Eval\u00faa el Dr Nael Preval Campello, Director Provincial de Salud en Guant\u00e1namo, cumplimiento del protocolo para el control del dengue en el Hospital Pedi\u00e1trico"}]},{"@type":"WebSite","@id":"https:\/\/instituciones.gtm.sld.cu\/hppap\/#website","url":"https:\/\/instituciones.gtm.sld.cu\/hppap\/","name":"Hospital Pedi\u00e1trico \"Pedro Agust\u00edn P\u00e9rez\"","description":"","publisher":{"@id":"https:\/\/instituciones.gtm.sld.cu\/hppap\/#organization"},"potentialAction":[{"@type":"SearchAction","target":{"@type":"EntryPoint","urlTemplate":"https:\/\/instituciones.gtm.sld.cu\/hppap\/?s={search_term_string}"},"query-input":"required name=search_term_string"}],"inLanguage":"es"},{"@type":"Organization","@id":"https:\/\/instituciones.gtm.sld.cu\/hppap\/#organization","name":"Hospital Pedi\u00e1trico \"Pedro Agust\u00edn P\u00e9rez\"","url":"https:\/\/instituciones.gtm.sld.cu\/hppap\/","logo":{"@type":"ImageObject","inLanguage":"es","@id":"https:\/\/instituciones.gtm.sld.cu\/hppap\/#\/schema\/logo\/image\/","url":"https:\/\/instituciones.gtm.sld.cu\/hppap\/wp-content\/uploads\/sites\/37\/2024\/05\/299145640_582996300017682_8206920265837739482_n-1.jpg","contentUrl":"https:\/\/instituciones.gtm.sld.cu\/hppap\/wp-content\/uploads\/sites\/37\/2024\/05\/299145640_582996300017682_8206920265837739482_n-1.jpg","width":960,"height":479,"caption":"Hospital Pedi\u00e1trico \"Pedro Agust\u00edn P\u00e9rez\""},"image":{"@id":"https:\/\/instituciones.gtm.sld.cu\/hppap\/#\/schema\/logo\/image\/"}},{"@type":"Person","@id":"","url":"https:\/\/instituciones.gtm.sld.cu\/hppap\/author\/"}]}},"jetpack_featured_media_url":"","_links":{"self":[{"href":"https:\/\/instituciones.gtm.sld.cu\/hppap\/wp-json\/wp\/v2\/posts\/2907"}],"collection":[{"href":"https:\/\/instituciones.gtm.sld.cu\/hppap\/wp-json\/wp\/v2\/posts"}],"about":[{"href":"https:\/\/instituciones.gtm.sld.cu\/hppap\/wp-json\/wp\/v2\/types\/post"}],"author":[{"embeddable":true,"href":"https:\/\/instituciones.gtm.sld.cu\/hppap\/wp-json\/wp\/v2\/users\/18"}],"replies":[{"embeddable":true,"href":"https:\/\/instituciones.gtm.sld.cu\/hppap\/wp-json\/wp\/v2\/comments?post=2907"}],"version-history":[{"count":4,"href":"https:\/\/instituciones.gtm.sld.cu\/hppap\/wp-json\/wp\/v2\/posts\/2907\/revisions"}],"predecessor-version":[{"id":2912,"href":"https:\/\/instituciones.gtm.sld.cu\/hppap\/wp-json\/wp\/v2\/posts\/2907\/revisions\/2912"}],"wp:attachment":[{"href":"https:\/\/instituciones.gtm.sld.cu\/hppap\/wp-json\/wp\/v2\/media?parent=2907"}],"wp:term":[{"taxonomy":"category","embeddable":true,"href":"https:\/\/instituciones.gtm.sld.cu\/hppap\/wp-json\/wp\/v2\/categories?post=2907"},{"taxonomy":"post_tag","embeddable":true,"href":"https:\/\/instituciones.gtm.sld.cu\/hppap\/wp-json\/wp\/v2\/tags?post=2907"}],"curies":[{"name":"wp","href":"https:\/\/api.w.org\/{rel}","templated":true}]}}