{"id":2920,"date":"2022-08-01T15:47:58","date_gmt":"2022-08-01T15:47:58","guid":{"rendered":"https:\/\/instituciones.gtm.sld.cu\/hppap\/?p=2920"},"modified":"2022-08-01T15:49:48","modified_gmt":"2022-08-01T15:49:48","slug":"llega-hasta-el-hospital-pediatrico-pedro-agustin-perez-la-46-jornada-de-la-cancion-politica","status":"publish","type":"post","link":"https:\/\/instituciones.gtm.sld.cu\/hppap\/llega-hasta-el-hospital-pediatrico-pedro-agustin-perez-la-46-jornada-de-la-cancion-politica\/","title":{"rendered":"La 46 Jornada de la Canci\u00f3n Pol\u00edtica lleg\u00f3 este lunes hasta el Hospital Pedi\u00e1trico \u00abPedro Agust\u00edn P\u00e9rez\u00bb"},"content":{"rendered":"<p><img fetchpriority=\"high\" decoding=\"async\" class=\"alignnone size-medium wp-image-2921\" src=\"https:\/\/instituciones.gtm.sld.cu\/hppap\/wp-content\/uploads\/sites\/37\/2022\/08\/f0292008-213x300.jpg\" alt=\"\" width=\"213\" height=\"300\" srcset=\"https:\/\/instituciones.gtm.sld.cu\/hppap\/wp-content\/uploads\/sites\/37\/2022\/08\/f0292008-213x300.jpg 213w, https:\/\/instituciones.gtm.sld.cu\/hppap\/wp-content\/uploads\/sites\/37\/2022\/08\/f0292008.jpg 700w\" sizes=\"(max-width: 213px) 100vw, 213px\" \/><\/p>\n<p>Dedicada a los 50 a\u00f1os del Movimiento de la Nueva Trova en Cuba y para visibilizar el enfoque de g\u00e9nero en esa peculiar forma de creaci\u00f3n musical, tendr\u00e1 lugar del 1ro. al 5 de agosto la Jornada de la Canci\u00f3n Pol\u00edtica en Guant\u00e1namo, un evento que convida al intercambio fraternal entre noveles y veteranas generaciones de cantores.<\/p>\n<p>Hasta el Hospital Pedi\u00e1trico \u00abPedro Agust\u00edn P\u00e9rez\u00bb llegaron en la ma\u00f1ana de este lunes 1ro de Agosto algunos de los protagonistas de uno de los eventos m\u00e1s longevos de la Asociaci\u00f3n Hermanos Sa\u00edz (AHS) que busca promover la trova y, a su vez, rendir tributo a los j\u00f3venes miembros del Movimiento 26 de Julio ca\u00eddos en acciones combativas 4 de agosto de 1957.<\/p>\n<p>Los j\u00f3venes cantores, en su mayor\u00eda provenientes de la oriental provincia de Las Tunas, ofrecieron su m\u00fasica y su arte a pacientes, familiares y trabajdores del Hospital Pedi\u00e1trico, que acogi\u00f3 adem\u00e1s otras ofertas culturales como la venta de libros y revistas infantiles, un espacio para acercar la lectura y el arte a los m\u00e1s peque\u00f1os de casa.<\/p>\n","protected":false},"excerpt":{"rendered":"<p>Dedicada a los 50 a\u00f1os del Movimiento de la Nueva Trova en Cuba y para visibilizar el enfoque de g\u00e9nero en esa peculiar forma de creaci\u00f3n musical, tendr\u00e1 lugar del 1ro. al 5 de agosto la Jornada de la Canci\u00f3n Pol\u00edtica en Guant\u00e1namo, un evento que convida al intercambio fraternal entre noveles y veteranas generaciones de cantores.<\/p><p><a class=\"more-link btn\" href=\"https:\/\/instituciones.gtm.sld.cu\/hppap\/llega-hasta-el-hospital-pediatrico-pedro-agustin-perez-la-46-jornada-de-la-cancion-politica\/\">Seguir leyendo<\/a><\/p>\n","protected":false},"author":18,"featured_media":0,"comment_status":"open","ping_status":"open","sticky":false,"template":"","format":"standard","meta":{"ngg_post_thumbnail":0},"categories":[5],"tags":[],"yoast_head":"<!-- This site is optimized with the Yoast SEO plugin v21.8 - https:\/\/yoast.com\/wordpress\/plugins\/seo\/ -->\n<title>La 46 Jornada de la Canci\u00f3n Pol\u00edtica lleg\u00f3 este lunes hasta el Hospital Pedi\u00e1trico &quot;Pedro Agust\u00edn P\u00e9rez&quot; - Hospital Pedi\u00e1trico &quot;Pedro Agust\u00edn P\u00e9rez&quot;<\/title>\n<meta name=\"robots\" content=\"index, follow, max-snippet:-1, max-image-preview:large, max-video-preview:-1\" \/>\n<link rel=\"canonical\" href=\"https:\/\/instituciones.gtm.sld.cu\/hppap\/llega-hasta-el-hospital-pediatrico-pedro-agustin-perez-la-46-jornada-de-la-cancion-politica\/\" \/>\n<meta property=\"og:locale\" content=\"es_ES\" \/>\n<meta property=\"og:type\" content=\"article\" \/>\n<meta property=\"og:title\" content=\"La 46 Jornada de la Canci\u00f3n Pol\u00edtica lleg\u00f3 este lunes hasta el Hospital Pedi\u00e1trico &quot;Pedro Agust\u00edn P\u00e9rez&quot; - Hospital Pedi\u00e1trico &quot;Pedro Agust\u00edn P\u00e9rez&quot;\" \/>\n<meta property=\"og:description\" content=\"Dedicada a los 50 a\u00f1os del Movimiento de la Nueva Trova en Cuba y para visibilizar el enfoque de g\u00e9nero en esa peculiar forma de creaci\u00f3n musical, tendr\u00e1 lugar del 1ro. al 5 de agosto la Jornada de la Canci\u00f3n Pol\u00edtica en Guant\u00e1namo, un evento que convida al intercambio fraternal entre noveles y veteranas generaciones de cantores.\" \/>\n<meta property=\"og:url\" content=\"https:\/\/instituciones.gtm.sld.cu\/hppap\/llega-hasta-el-hospital-pediatrico-pedro-agustin-perez-la-46-jornada-de-la-cancion-politica\/\" \/>\n<meta property=\"og:site_name\" content=\"Hospital Pedi\u00e1trico &quot;Pedro Agust\u00edn P\u00e9rez&quot;\" \/>\n<meta property=\"article:published_time\" content=\"2022-08-01T15:47:58+00:00\" \/>\n<meta property=\"article:modified_time\" content=\"2022-08-01T15:49:48+00:00\" \/>\n<meta property=\"og:image\" content=\"https:\/\/instituciones.gtm.sld.cu\/hppap\/wp-content\/uploads\/sites\/37\/2022\/08\/f0292008-213x300.jpg\" \/>\n<meta name=\"twitter:card\" content=\"summary_large_image\" \/>\n<meta name=\"twitter:label1\" content=\"Escrito por\" \/>\n\t<meta name=\"twitter:data1\" content=\"\" \/>\n\t<meta name=\"twitter:label2\" content=\"Tiempo de lectura\" \/>\n\t<meta name=\"twitter:data2\" content=\"1 minuto\" \/>\n<script type=\"application\/ld+json\" class=\"yoast-schema-graph\">{\"@context\":\"https:\/\/schema.org\",\"@graph\":[{\"@type\":\"Article\",\"@id\":\"https:\/\/instituciones.gtm.sld.cu\/hppap\/llega-hasta-el-hospital-pediatrico-pedro-agustin-perez-la-46-jornada-de-la-cancion-politica\/#article\",\"isPartOf\":{\"@id\":\"https:\/\/instituciones.gtm.sld.cu\/hppap\/llega-hasta-el-hospital-pediatrico-pedro-agustin-perez-la-46-jornada-de-la-cancion-politica\/\"},\"author\":{\"name\":\"\",\"@id\":\"\"},\"headline\":\"La 46 Jornada de la Canci\u00f3n Pol\u00edtica lleg\u00f3 este lunes hasta el Hospital Pedi\u00e1trico \u00abPedro Agust\u00edn P\u00e9rez\u00bb\",\"datePublished\":\"2022-08-01T15:47:58+00:00\",\"dateModified\":\"2022-08-01T15:49:48+00:00\",\"mainEntityOfPage\":{\"@id\":\"https:\/\/instituciones.gtm.sld.cu\/hppap\/llega-hasta-el-hospital-pediatrico-pedro-agustin-perez-la-46-jornada-de-la-cancion-politica\/\"},\"wordCount\":215,\"commentCount\":0,\"publisher\":{\"@id\":\"https:\/\/instituciones.gtm.sld.cu\/hppap\/#organization\"},\"articleSection\":[\"Noticias\"],\"inLanguage\":\"es\",\"potentialAction\":[{\"@type\":\"CommentAction\",\"name\":\"Comment\",\"target\":[\"https:\/\/instituciones.gtm.sld.cu\/hppap\/llega-hasta-el-hospital-pediatrico-pedro-agustin-perez-la-46-jornada-de-la-cancion-politica\/#respond\"]}]},{\"@type\":\"WebPage\",\"@id\":\"https:\/\/instituciones.gtm.sld.cu\/hppap\/llega-hasta-el-hospital-pediatrico-pedro-agustin-perez-la-46-jornada-de-la-cancion-politica\/\",\"url\":\"https:\/\/instituciones.gtm.sld.cu\/hppap\/llega-hasta-el-hospital-pediatrico-pedro-agustin-perez-la-46-jornada-de-la-cancion-politica\/\",\"name\":\"La 46 Jornada de la Canci\u00f3n Pol\u00edtica lleg\u00f3 este lunes hasta el Hospital Pedi\u00e1trico \\\"Pedro Agust\u00edn P\u00e9rez\\\" - Hospital Pedi\u00e1trico &quot;Pedro Agust\u00edn P\u00e9rez&quot;\",\"isPartOf\":{\"@id\":\"https:\/\/instituciones.gtm.sld.cu\/hppap\/#website\"},\"datePublished\":\"2022-08-01T15:47:58+00:00\",\"dateModified\":\"2022-08-01T15:49:48+00:00\",\"breadcrumb\":{\"@id\":\"https:\/\/instituciones.gtm.sld.cu\/hppap\/llega-hasta-el-hospital-pediatrico-pedro-agustin-perez-la-46-jornada-de-la-cancion-politica\/#breadcrumb\"},\"inLanguage\":\"es\",\"potentialAction\":[{\"@type\":\"ReadAction\",\"target\":[\"https:\/\/instituciones.gtm.sld.cu\/hppap\/llega-hasta-el-hospital-pediatrico-pedro-agustin-perez-la-46-jornada-de-la-cancion-politica\/\"]}]},{\"@type\":\"BreadcrumbList\",\"@id\":\"https:\/\/instituciones.gtm.sld.cu\/hppap\/llega-hasta-el-hospital-pediatrico-pedro-agustin-perez-la-46-jornada-de-la-cancion-politica\/#breadcrumb\",\"itemListElement\":[{\"@type\":\"ListItem\",\"position\":1,\"name\":\"Inicio\",\"item\":\"https:\/\/instituciones.gtm.sld.cu\/hppap\/\"},{\"@type\":\"ListItem\",\"position\":2,\"name\":\"La 46 Jornada de la Canci\u00f3n Pol\u00edtica lleg\u00f3 este lunes hasta el Hospital Pedi\u00e1trico &#8220;Pedro Agust\u00edn P\u00e9rez&#8221;\"}]},{\"@type\":\"WebSite\",\"@id\":\"https:\/\/instituciones.gtm.sld.cu\/hppap\/#website\",\"url\":\"https:\/\/instituciones.gtm.sld.cu\/hppap\/\",\"name\":\"Hospital Pedi\u00e1trico \\\"Pedro Agust\u00edn P\u00e9rez\\\"\",\"description\":\"\",\"publisher\":{\"@id\":\"https:\/\/instituciones.gtm.sld.cu\/hppap\/#organization\"},\"potentialAction\":[{\"@type\":\"SearchAction\",\"target\":{\"@type\":\"EntryPoint\",\"urlTemplate\":\"https:\/\/instituciones.gtm.sld.cu\/hppap\/?s={search_term_string}\"},\"query-input\":\"required name=search_term_string\"}],\"inLanguage\":\"es\"},{\"@type\":\"Organization\",\"@id\":\"https:\/\/instituciones.gtm.sld.cu\/hppap\/#organization\",\"name\":\"Hospital Pedi\u00e1trico \\\"Pedro Agust\u00edn P\u00e9rez\\\"\",\"url\":\"https:\/\/instituciones.gtm.sld.cu\/hppap\/\",\"logo\":{\"@type\":\"ImageObject\",\"inLanguage\":\"es\",\"@id\":\"https:\/\/instituciones.gtm.sld.cu\/hppap\/#\/schema\/logo\/image\/\",\"url\":\"https:\/\/instituciones.gtm.sld.cu\/hppap\/wp-content\/uploads\/sites\/37\/2024\/05\/299145640_582996300017682_8206920265837739482_n-1.jpg\",\"contentUrl\":\"https:\/\/instituciones.gtm.sld.cu\/hppap\/wp-content\/uploads\/sites\/37\/2024\/05\/299145640_582996300017682_8206920265837739482_n-1.jpg\",\"width\":960,\"height\":479,\"caption\":\"Hospital Pedi\u00e1trico \\\"Pedro Agust\u00edn P\u00e9rez\\\"\"},\"image\":{\"@id\":\"https:\/\/instituciones.gtm.sld.cu\/hppap\/#\/schema\/logo\/image\/\"}},{\"@type\":\"Person\",\"@id\":\"\",\"url\":\"https:\/\/instituciones.gtm.sld.cu\/hppap\/author\/\"}]}<\/script>\n<!-- \/ Yoast SEO plugin. -->","yoast_head_json":{"title":"La 46 Jornada de la Canci\u00f3n Pol\u00edtica lleg\u00f3 este lunes hasta el Hospital Pedi\u00e1trico \"Pedro Agust\u00edn P\u00e9rez\" - Hospital Pedi\u00e1trico &quot;Pedro Agust\u00edn P\u00e9rez&quot;","robots":{"index":"index","follow":"follow","max-snippet":"max-snippet:-1","max-image-preview":"max-image-preview:large","max-video-preview":"max-video-preview:-1"},"canonical":"https:\/\/instituciones.gtm.sld.cu\/hppap\/llega-hasta-el-hospital-pediatrico-pedro-agustin-perez-la-46-jornada-de-la-cancion-politica\/","og_locale":"es_ES","og_type":"article","og_title":"La 46 Jornada de la Canci\u00f3n Pol\u00edtica lleg\u00f3 este lunes hasta el Hospital Pedi\u00e1trico \"Pedro Agust\u00edn P\u00e9rez\" - Hospital Pedi\u00e1trico &quot;Pedro Agust\u00edn P\u00e9rez&quot;","og_description":"Dedicada a los 50 a\u00f1os del Movimiento de la Nueva Trova en Cuba y para visibilizar el enfoque de g\u00e9nero en esa peculiar forma de creaci\u00f3n musical, tendr\u00e1 lugar del 1ro. al 5 de agosto la Jornada de la Canci\u00f3n Pol\u00edtica en Guant\u00e1namo, un evento que convida al intercambio fraternal entre noveles y veteranas generaciones de cantores.","og_url":"https:\/\/instituciones.gtm.sld.cu\/hppap\/llega-hasta-el-hospital-pediatrico-pedro-agustin-perez-la-46-jornada-de-la-cancion-politica\/","og_site_name":"Hospital Pedi\u00e1trico &quot;Pedro Agust\u00edn P\u00e9rez&quot;","article_published_time":"2022-08-01T15:47:58+00:00","article_modified_time":"2022-08-01T15:49:48+00:00","og_image":[{"url":"https:\/\/instituciones.gtm.sld.cu\/hppap\/wp-content\/uploads\/sites\/37\/2022\/08\/f0292008-213x300.jpg"}],"twitter_card":"summary_large_image","twitter_misc":{"Escrito por":"","Tiempo de lectura":"1 minuto"},"schema":{"@context":"https:\/\/schema.org","@graph":[{"@type":"Article","@id":"https:\/\/instituciones.gtm.sld.cu\/hppap\/llega-hasta-el-hospital-pediatrico-pedro-agustin-perez-la-46-jornada-de-la-cancion-politica\/#article","isPartOf":{"@id":"https:\/\/instituciones.gtm.sld.cu\/hppap\/llega-hasta-el-hospital-pediatrico-pedro-agustin-perez-la-46-jornada-de-la-cancion-politica\/"},"author":{"name":"","@id":""},"headline":"La 46 Jornada de la Canci\u00f3n Pol\u00edtica lleg\u00f3 este lunes hasta el Hospital Pedi\u00e1trico \u00abPedro Agust\u00edn P\u00e9rez\u00bb","datePublished":"2022-08-01T15:47:58+00:00","dateModified":"2022-08-01T15:49:48+00:00","mainEntityOfPage":{"@id":"https:\/\/instituciones.gtm.sld.cu\/hppap\/llega-hasta-el-hospital-pediatrico-pedro-agustin-perez-la-46-jornada-de-la-cancion-politica\/"},"wordCount":215,"commentCount":0,"publisher":{"@id":"https:\/\/instituciones.gtm.sld.cu\/hppap\/#organization"},"articleSection":["Noticias"],"inLanguage":"es","potentialAction":[{"@type":"CommentAction","name":"Comment","target":["https:\/\/instituciones.gtm.sld.cu\/hppap\/llega-hasta-el-hospital-pediatrico-pedro-agustin-perez-la-46-jornada-de-la-cancion-politica\/#respond"]}]},{"@type":"WebPage","@id":"https:\/\/instituciones.gtm.sld.cu\/hppap\/llega-hasta-el-hospital-pediatrico-pedro-agustin-perez-la-46-jornada-de-la-cancion-politica\/","url":"https:\/\/instituciones.gtm.sld.cu\/hppap\/llega-hasta-el-hospital-pediatrico-pedro-agustin-perez-la-46-jornada-de-la-cancion-politica\/","name":"La 46 Jornada de la Canci\u00f3n Pol\u00edtica lleg\u00f3 este lunes hasta el Hospital Pedi\u00e1trico \"Pedro Agust\u00edn P\u00e9rez\" - Hospital Pedi\u00e1trico &quot;Pedro Agust\u00edn P\u00e9rez&quot;","isPartOf":{"@id":"https:\/\/instituciones.gtm.sld.cu\/hppap\/#website"},"datePublished":"2022-08-01T15:47:58+00:00","dateModified":"2022-08-01T15:49:48+00:00","breadcrumb":{"@id":"https:\/\/instituciones.gtm.sld.cu\/hppap\/llega-hasta-el-hospital-pediatrico-pedro-agustin-perez-la-46-jornada-de-la-cancion-politica\/#breadcrumb"},"inLanguage":"es","potentialAction":[{"@type":"ReadAction","target":["https:\/\/instituciones.gtm.sld.cu\/hppap\/llega-hasta-el-hospital-pediatrico-pedro-agustin-perez-la-46-jornada-de-la-cancion-politica\/"]}]},{"@type":"BreadcrumbList","@id":"https:\/\/instituciones.gtm.sld.cu\/hppap\/llega-hasta-el-hospital-pediatrico-pedro-agustin-perez-la-46-jornada-de-la-cancion-politica\/#breadcrumb","itemListElement":[{"@type":"ListItem","position":1,"name":"Inicio","item":"https:\/\/instituciones.gtm.sld.cu\/hppap\/"},{"@type":"ListItem","position":2,"name":"La 46 Jornada de la Canci\u00f3n Pol\u00edtica lleg\u00f3 este lunes hasta el Hospital Pedi\u00e1trico &#8220;Pedro Agust\u00edn P\u00e9rez&#8221;"}]},{"@type":"WebSite","@id":"https:\/\/instituciones.gtm.sld.cu\/hppap\/#website","url":"https:\/\/instituciones.gtm.sld.cu\/hppap\/","name":"Hospital Pedi\u00e1trico \"Pedro Agust\u00edn P\u00e9rez\"","description":"","publisher":{"@id":"https:\/\/instituciones.gtm.sld.cu\/hppap\/#organization"},"potentialAction":[{"@type":"SearchAction","target":{"@type":"EntryPoint","urlTemplate":"https:\/\/instituciones.gtm.sld.cu\/hppap\/?s={search_term_string}"},"query-input":"required name=search_term_string"}],"inLanguage":"es"},{"@type":"Organization","@id":"https:\/\/instituciones.gtm.sld.cu\/hppap\/#organization","name":"Hospital Pedi\u00e1trico \"Pedro Agust\u00edn P\u00e9rez\"","url":"https:\/\/instituciones.gtm.sld.cu\/hppap\/","logo":{"@type":"ImageObject","inLanguage":"es","@id":"https:\/\/instituciones.gtm.sld.cu\/hppap\/#\/schema\/logo\/image\/","url":"https:\/\/instituciones.gtm.sld.cu\/hppap\/wp-content\/uploads\/sites\/37\/2024\/05\/299145640_582996300017682_8206920265837739482_n-1.jpg","contentUrl":"https:\/\/instituciones.gtm.sld.cu\/hppap\/wp-content\/uploads\/sites\/37\/2024\/05\/299145640_582996300017682_8206920265837739482_n-1.jpg","width":960,"height":479,"caption":"Hospital Pedi\u00e1trico \"Pedro Agust\u00edn P\u00e9rez\""},"image":{"@id":"https:\/\/instituciones.gtm.sld.cu\/hppap\/#\/schema\/logo\/image\/"}},{"@type":"Person","@id":"","url":"https:\/\/instituciones.gtm.sld.cu\/hppap\/author\/"}]}},"jetpack_featured_media_url":"","_links":{"self":[{"href":"https:\/\/instituciones.gtm.sld.cu\/hppap\/wp-json\/wp\/v2\/posts\/2920"}],"collection":[{"href":"https:\/\/instituciones.gtm.sld.cu\/hppap\/wp-json\/wp\/v2\/posts"}],"about":[{"href":"https:\/\/instituciones.gtm.sld.cu\/hppap\/wp-json\/wp\/v2\/types\/post"}],"author":[{"embeddable":true,"href":"https:\/\/instituciones.gtm.sld.cu\/hppap\/wp-json\/wp\/v2\/users\/18"}],"replies":[{"embeddable":true,"href":"https:\/\/instituciones.gtm.sld.cu\/hppap\/wp-json\/wp\/v2\/comments?post=2920"}],"version-history":[{"count":3,"href":"https:\/\/instituciones.gtm.sld.cu\/hppap\/wp-json\/wp\/v2\/posts\/2920\/revisions"}],"predecessor-version":[{"id":2924,"href":"https:\/\/instituciones.gtm.sld.cu\/hppap\/wp-json\/wp\/v2\/posts\/2920\/revisions\/2924"}],"wp:attachment":[{"href":"https:\/\/instituciones.gtm.sld.cu\/hppap\/wp-json\/wp\/v2\/media?parent=2920"}],"wp:term":[{"taxonomy":"category","embeddable":true,"href":"https:\/\/instituciones.gtm.sld.cu\/hppap\/wp-json\/wp\/v2\/categories?post=2920"},{"taxonomy":"post_tag","embeddable":true,"href":"https:\/\/instituciones.gtm.sld.cu\/hppap\/wp-json\/wp\/v2\/tags?post=2920"}],"curies":[{"name":"wp","href":"https:\/\/api.w.org\/{rel}","templated":true}]}}