{"id":2932,"date":"2022-09-08T13:16:57","date_gmt":"2022-09-08T13:16:57","guid":{"rendered":"https:\/\/instituciones.gtm.sld.cu\/hppap\/?p=2932"},"modified":"2022-09-08T13:17:46","modified_gmt":"2022-09-08T13:17:46","slug":"matutino-especial-en-saludo-al-aniversario-61-de-la-fundacion-de-la-direccion-de-seguridad-personal-perteneciente-al-ministerio-del-interior","status":"publish","type":"post","link":"https:\/\/instituciones.gtm.sld.cu\/hppap\/matutino-especial-en-saludo-al-aniversario-61-de-la-fundacion-de-la-direccion-de-seguridad-personal-perteneciente-al-ministerio-del-interior\/","title":{"rendered":"Matutino especial en saludo al aniversario 61 de la fundaci\u00f3n de la Direcci\u00f3n de Seguridad Personal, perteneciente al Ministerio del Interior"},"content":{"rendered":"<p><img fetchpriority=\"high\" decoding=\"async\" class=\"alignnone wp-image-2934 size-medium\" src=\"https:\/\/instituciones.gtm.sld.cu\/hppap\/wp-content\/uploads\/sites\/37\/2022\/09\/IMG_20220907_082343-e1662642689546-300x174.jpg\" alt=\"\" width=\"300\" height=\"174\" srcset=\"https:\/\/instituciones.gtm.sld.cu\/hppap\/wp-content\/uploads\/sites\/37\/2022\/09\/IMG_20220907_082343-e1662642689546-300x174.jpg 300w, https:\/\/instituciones.gtm.sld.cu\/hppap\/wp-content\/uploads\/sites\/37\/2022\/09\/IMG_20220907_082343-e1662642689546-768x446.jpg 768w, https:\/\/instituciones.gtm.sld.cu\/hppap\/wp-content\/uploads\/sites\/37\/2022\/09\/IMG_20220907_082343-e1662642689546-1024x595.jpg 1024w\" sizes=\"(max-width: 300px) 100vw, 300px\" \/> <img decoding=\"async\" class=\"alignnone wp-image-2935 size-medium\" src=\"https:\/\/instituciones.gtm.sld.cu\/hppap\/wp-content\/uploads\/sites\/37\/2022\/09\/IMG_20220907_082331-e1662642718485-300x160.jpg\" alt=\"\" width=\"300\" height=\"160\" srcset=\"https:\/\/instituciones.gtm.sld.cu\/hppap\/wp-content\/uploads\/sites\/37\/2022\/09\/IMG_20220907_082331-e1662642718485-300x160.jpg 300w, https:\/\/instituciones.gtm.sld.cu\/hppap\/wp-content\/uploads\/sites\/37\/2022\/09\/IMG_20220907_082331-e1662642718485-768x409.jpg 768w, https:\/\/instituciones.gtm.sld.cu\/hppap\/wp-content\/uploads\/sites\/37\/2022\/09\/IMG_20220907_082331-e1662642718485-1024x545.jpg 1024w\" sizes=\"(max-width: 300px) 100vw, 300px\" \/><\/p>\n<div class=\"\" dir=\"auto\">\n<div id=\"jsc_c_u3\" class=\"d2hqwtrz r227ecj6 ez8dtbzv gt60zsk1\" data-ad-comet-preview=\"message\" data-ad-preview=\"message\">\n<div class=\"alzwoclg cqf1kptm siwo0mpr gu5uzgus\">\n<div class=\"jroqu855 nthtkgg5\">\n<div class=\"m8h3af8h l7ghb35v kjdc1dyq kmwttqpk gh25dzvf n3t5jt4f\">\n<div dir=\"auto\">Convocados por el Bur\u00f3 Sindical del Hospital Pedi\u00e1trico Pedro Agust\u00edn P\u00e9rez de Guant\u00e1namo, trabajadores y estudiantes de la centenaria instituci\u00f3n hospitalaria participaron este mi\u00e9rcoles en el Matutino Especial desarrollado por la Secci\u00f3n Sindical de Cirug\u00eda, con motivo de saludar a los trabajadores de Seguridad Personal en su d\u00eda.<\/div>\n<\/div>\n<div class=\"l7ghb35v kjdc1dyq kmwttqpk gh25dzvf jikcssrz n3t5jt4f\">\n<div dir=\"auto\">El Primer Secretario del Comit\u00e9 Central del Partido Comunista de Cuba y Presidente de la Rep\u00fablica Miguel D\u00edaz &#8211; Canel Berm\u00fadez, escribi\u00f3 en su cuenta oficial en Twitter a prop\u00f3sito de esta fecha<\/div>\n<div dir=\"auto\"><\/div>\n<\/div>\n<div class=\"l7ghb35v kjdc1dyq kmwttqpk gh25dzvf jikcssrz n3t5jt4f\">\n<blockquote>\n<div dir=\"auto\"><em><strong>\u00abA mis compa\u00f1eros de todas las horas, an\u00f3nimos y leales compa\u00f1eros de Seguridad Personal, el abrazo agradecido en el aniversario 61 de la prestigiosa instituci\u00f3n, cuyos combatientes han defendido con sus vidas las de los l\u00edderes de la Revoluci\u00f3n cubana\u00bb.<\/strong><\/em><\/div>\n<\/blockquote>\n<\/div>\n<\/div>\n<\/div>\n<\/div>\n<\/div>\n","protected":false},"excerpt":{"rendered":"<p>Convocados por el Bur\u00f3 Sindical del Hospital Pedi\u00e1trico Pedro Agust\u00edn P\u00e9rez de Guant\u00e1namo, trabajadores y estudiantes de la centenaria instituci\u00f3n hospitalaria participaron este mi\u00e9rcoles en el Matutino Especial desarrollado por la Secci\u00f3n Sindical de Cirug\u00eda, con motivo de saludar a los trabajadores de Seguridad Personal en su d\u00eda.<\/p><p><a class=\"more-link btn\" href=\"https:\/\/instituciones.gtm.sld.cu\/hppap\/matutino-especial-en-saludo-al-aniversario-61-de-la-fundacion-de-la-direccion-de-seguridad-personal-perteneciente-al-ministerio-del-interior\/\">Seguir leyendo<\/a><\/p>\n","protected":false},"author":18,"featured_media":0,"comment_status":"open","ping_status":"open","sticky":false,"template":"","format":"standard","meta":{"ngg_post_thumbnail":0},"categories":[5],"tags":[],"yoast_head":"<!-- This site is optimized with the Yoast SEO plugin v21.8 - https:\/\/yoast.com\/wordpress\/plugins\/seo\/ -->\n<title>Matutino especial en saludo al aniversario 61 de la fundaci\u00f3n de la Direcci\u00f3n de Seguridad Personal, perteneciente al Ministerio del Interior - Hospital Pedi\u00e1trico &quot;Pedro Agust\u00edn P\u00e9rez&quot;<\/title>\n<meta name=\"robots\" content=\"index, follow, max-snippet:-1, max-image-preview:large, max-video-preview:-1\" \/>\n<link rel=\"canonical\" href=\"https:\/\/instituciones.gtm.sld.cu\/hppap\/matutino-especial-en-saludo-al-aniversario-61-de-la-fundacion-de-la-direccion-de-seguridad-personal-perteneciente-al-ministerio-del-interior\/\" \/>\n<meta property=\"og:locale\" content=\"es_ES\" \/>\n<meta property=\"og:type\" content=\"article\" \/>\n<meta property=\"og:title\" content=\"Matutino especial en saludo al aniversario 61 de la fundaci\u00f3n de la Direcci\u00f3n de Seguridad Personal, perteneciente al Ministerio del Interior - Hospital Pedi\u00e1trico &quot;Pedro Agust\u00edn P\u00e9rez&quot;\" \/>\n<meta property=\"og:description\" content=\"Convocados por el Bur\u00f3 Sindical del Hospital Pedi\u00e1trico Pedro Agust\u00edn P\u00e9rez de Guant\u00e1namo, trabajadores y estudiantes de la centenaria instituci\u00f3n hospitalaria participaron este mi\u00e9rcoles en el Matutino Especial desarrollado por la Secci\u00f3n Sindical de Cirug\u00eda, con motivo de saludar a los trabajadores de Seguridad Personal en su d\u00eda.\" \/>\n<meta property=\"og:url\" content=\"https:\/\/instituciones.gtm.sld.cu\/hppap\/matutino-especial-en-saludo-al-aniversario-61-de-la-fundacion-de-la-direccion-de-seguridad-personal-perteneciente-al-ministerio-del-interior\/\" \/>\n<meta property=\"og:site_name\" content=\"Hospital Pedi\u00e1trico &quot;Pedro Agust\u00edn P\u00e9rez&quot;\" \/>\n<meta property=\"article:published_time\" content=\"2022-09-08T13:16:57+00:00\" \/>\n<meta property=\"article:modified_time\" content=\"2022-09-08T13:17:46+00:00\" \/>\n<meta property=\"og:image\" content=\"https:\/\/instituciones.gtm.sld.cu\/hppap\/wp-content\/uploads\/sites\/37\/2022\/09\/IMG_20220907_082343-e1662642689546-300x174.jpg\" \/>\n<meta name=\"twitter:card\" content=\"summary_large_image\" \/>\n<meta name=\"twitter:label1\" content=\"Escrito por\" \/>\n\t<meta name=\"twitter:data1\" content=\"\" \/>\n\t<meta name=\"twitter:label2\" content=\"Tiempo de lectura\" \/>\n\t<meta name=\"twitter:data2\" content=\"1 minuto\" \/>\n<script type=\"application\/ld+json\" class=\"yoast-schema-graph\">{\"@context\":\"https:\/\/schema.org\",\"@graph\":[{\"@type\":\"Article\",\"@id\":\"https:\/\/instituciones.gtm.sld.cu\/hppap\/matutino-especial-en-saludo-al-aniversario-61-de-la-fundacion-de-la-direccion-de-seguridad-personal-perteneciente-al-ministerio-del-interior\/#article\",\"isPartOf\":{\"@id\":\"https:\/\/instituciones.gtm.sld.cu\/hppap\/matutino-especial-en-saludo-al-aniversario-61-de-la-fundacion-de-la-direccion-de-seguridad-personal-perteneciente-al-ministerio-del-interior\/\"},\"author\":{\"name\":\"\",\"@id\":\"\"},\"headline\":\"Matutino especial en saludo al aniversario 61 de la fundaci\u00f3n de la Direcci\u00f3n de Seguridad Personal, perteneciente al Ministerio del Interior\",\"datePublished\":\"2022-09-08T13:16:57+00:00\",\"dateModified\":\"2022-09-08T13:17:46+00:00\",\"mainEntityOfPage\":{\"@id\":\"https:\/\/instituciones.gtm.sld.cu\/hppap\/matutino-especial-en-saludo-al-aniversario-61-de-la-fundacion-de-la-direccion-de-seguridad-personal-perteneciente-al-ministerio-del-interior\/\"},\"wordCount\":161,\"commentCount\":0,\"publisher\":{\"@id\":\"https:\/\/instituciones.gtm.sld.cu\/hppap\/#organization\"},\"articleSection\":[\"Noticias\"],\"inLanguage\":\"es\",\"potentialAction\":[{\"@type\":\"CommentAction\",\"name\":\"Comment\",\"target\":[\"https:\/\/instituciones.gtm.sld.cu\/hppap\/matutino-especial-en-saludo-al-aniversario-61-de-la-fundacion-de-la-direccion-de-seguridad-personal-perteneciente-al-ministerio-del-interior\/#respond\"]}]},{\"@type\":\"WebPage\",\"@id\":\"https:\/\/instituciones.gtm.sld.cu\/hppap\/matutino-especial-en-saludo-al-aniversario-61-de-la-fundacion-de-la-direccion-de-seguridad-personal-perteneciente-al-ministerio-del-interior\/\",\"url\":\"https:\/\/instituciones.gtm.sld.cu\/hppap\/matutino-especial-en-saludo-al-aniversario-61-de-la-fundacion-de-la-direccion-de-seguridad-personal-perteneciente-al-ministerio-del-interior\/\",\"name\":\"Matutino especial en saludo al aniversario 61 de la fundaci\u00f3n de la Direcci\u00f3n de Seguridad Personal, perteneciente al Ministerio del Interior - Hospital Pedi\u00e1trico &quot;Pedro Agust\u00edn P\u00e9rez&quot;\",\"isPartOf\":{\"@id\":\"https:\/\/instituciones.gtm.sld.cu\/hppap\/#website\"},\"datePublished\":\"2022-09-08T13:16:57+00:00\",\"dateModified\":\"2022-09-08T13:17:46+00:00\",\"breadcrumb\":{\"@id\":\"https:\/\/instituciones.gtm.sld.cu\/hppap\/matutino-especial-en-saludo-al-aniversario-61-de-la-fundacion-de-la-direccion-de-seguridad-personal-perteneciente-al-ministerio-del-interior\/#breadcrumb\"},\"inLanguage\":\"es\",\"potentialAction\":[{\"@type\":\"ReadAction\",\"target\":[\"https:\/\/instituciones.gtm.sld.cu\/hppap\/matutino-especial-en-saludo-al-aniversario-61-de-la-fundacion-de-la-direccion-de-seguridad-personal-perteneciente-al-ministerio-del-interior\/\"]}]},{\"@type\":\"BreadcrumbList\",\"@id\":\"https:\/\/instituciones.gtm.sld.cu\/hppap\/matutino-especial-en-saludo-al-aniversario-61-de-la-fundacion-de-la-direccion-de-seguridad-personal-perteneciente-al-ministerio-del-interior\/#breadcrumb\",\"itemListElement\":[{\"@type\":\"ListItem\",\"position\":1,\"name\":\"Inicio\",\"item\":\"https:\/\/instituciones.gtm.sld.cu\/hppap\/\"},{\"@type\":\"ListItem\",\"position\":2,\"name\":\"Matutino especial en saludo al aniversario 61 de la fundaci\u00f3n de la Direcci\u00f3n de Seguridad Personal, perteneciente al Ministerio del Interior\"}]},{\"@type\":\"WebSite\",\"@id\":\"https:\/\/instituciones.gtm.sld.cu\/hppap\/#website\",\"url\":\"https:\/\/instituciones.gtm.sld.cu\/hppap\/\",\"name\":\"Hospital Pedi\u00e1trico \\\"Pedro Agust\u00edn P\u00e9rez\\\"\",\"description\":\"\",\"publisher\":{\"@id\":\"https:\/\/instituciones.gtm.sld.cu\/hppap\/#organization\"},\"potentialAction\":[{\"@type\":\"SearchAction\",\"target\":{\"@type\":\"EntryPoint\",\"urlTemplate\":\"https:\/\/instituciones.gtm.sld.cu\/hppap\/?s={search_term_string}\"},\"query-input\":\"required name=search_term_string\"}],\"inLanguage\":\"es\"},{\"@type\":\"Organization\",\"@id\":\"https:\/\/instituciones.gtm.sld.cu\/hppap\/#organization\",\"name\":\"Hospital Pedi\u00e1trico \\\"Pedro Agust\u00edn P\u00e9rez\\\"\",\"url\":\"https:\/\/instituciones.gtm.sld.cu\/hppap\/\",\"logo\":{\"@type\":\"ImageObject\",\"inLanguage\":\"es\",\"@id\":\"https:\/\/instituciones.gtm.sld.cu\/hppap\/#\/schema\/logo\/image\/\",\"url\":\"https:\/\/instituciones.gtm.sld.cu\/hppap\/wp-content\/uploads\/sites\/37\/2024\/05\/299145640_582996300017682_8206920265837739482_n-1.jpg\",\"contentUrl\":\"https:\/\/instituciones.gtm.sld.cu\/hppap\/wp-content\/uploads\/sites\/37\/2024\/05\/299145640_582996300017682_8206920265837739482_n-1.jpg\",\"width\":960,\"height\":479,\"caption\":\"Hospital Pedi\u00e1trico \\\"Pedro Agust\u00edn P\u00e9rez\\\"\"},\"image\":{\"@id\":\"https:\/\/instituciones.gtm.sld.cu\/hppap\/#\/schema\/logo\/image\/\"}},{\"@type\":\"Person\",\"@id\":\"\",\"url\":\"https:\/\/instituciones.gtm.sld.cu\/hppap\/author\/\"}]}<\/script>\n<!-- \/ Yoast SEO plugin. -->","yoast_head_json":{"title":"Matutino especial en saludo al aniversario 61 de la fundaci\u00f3n de la Direcci\u00f3n de Seguridad Personal, perteneciente al Ministerio del Interior - Hospital Pedi\u00e1trico &quot;Pedro Agust\u00edn P\u00e9rez&quot;","robots":{"index":"index","follow":"follow","max-snippet":"max-snippet:-1","max-image-preview":"max-image-preview:large","max-video-preview":"max-video-preview:-1"},"canonical":"https:\/\/instituciones.gtm.sld.cu\/hppap\/matutino-especial-en-saludo-al-aniversario-61-de-la-fundacion-de-la-direccion-de-seguridad-personal-perteneciente-al-ministerio-del-interior\/","og_locale":"es_ES","og_type":"article","og_title":"Matutino especial en saludo al aniversario 61 de la fundaci\u00f3n de la Direcci\u00f3n de Seguridad Personal, perteneciente al Ministerio del Interior - Hospital Pedi\u00e1trico &quot;Pedro Agust\u00edn P\u00e9rez&quot;","og_description":"Convocados por el Bur\u00f3 Sindical del Hospital Pedi\u00e1trico Pedro Agust\u00edn P\u00e9rez de Guant\u00e1namo, trabajadores y estudiantes de la centenaria instituci\u00f3n hospitalaria participaron este mi\u00e9rcoles en el Matutino Especial desarrollado por la Secci\u00f3n Sindical de Cirug\u00eda, con motivo de saludar a los trabajadores de Seguridad Personal en su d\u00eda.","og_url":"https:\/\/instituciones.gtm.sld.cu\/hppap\/matutino-especial-en-saludo-al-aniversario-61-de-la-fundacion-de-la-direccion-de-seguridad-personal-perteneciente-al-ministerio-del-interior\/","og_site_name":"Hospital Pedi\u00e1trico &quot;Pedro Agust\u00edn P\u00e9rez&quot;","article_published_time":"2022-09-08T13:16:57+00:00","article_modified_time":"2022-09-08T13:17:46+00:00","og_image":[{"url":"https:\/\/instituciones.gtm.sld.cu\/hppap\/wp-content\/uploads\/sites\/37\/2022\/09\/IMG_20220907_082343-e1662642689546-300x174.jpg"}],"twitter_card":"summary_large_image","twitter_misc":{"Escrito por":"","Tiempo de lectura":"1 minuto"},"schema":{"@context":"https:\/\/schema.org","@graph":[{"@type":"Article","@id":"https:\/\/instituciones.gtm.sld.cu\/hppap\/matutino-especial-en-saludo-al-aniversario-61-de-la-fundacion-de-la-direccion-de-seguridad-personal-perteneciente-al-ministerio-del-interior\/#article","isPartOf":{"@id":"https:\/\/instituciones.gtm.sld.cu\/hppap\/matutino-especial-en-saludo-al-aniversario-61-de-la-fundacion-de-la-direccion-de-seguridad-personal-perteneciente-al-ministerio-del-interior\/"},"author":{"name":"","@id":""},"headline":"Matutino especial en saludo al aniversario 61 de la fundaci\u00f3n de la Direcci\u00f3n de Seguridad Personal, perteneciente al Ministerio del Interior","datePublished":"2022-09-08T13:16:57+00:00","dateModified":"2022-09-08T13:17:46+00:00","mainEntityOfPage":{"@id":"https:\/\/instituciones.gtm.sld.cu\/hppap\/matutino-especial-en-saludo-al-aniversario-61-de-la-fundacion-de-la-direccion-de-seguridad-personal-perteneciente-al-ministerio-del-interior\/"},"wordCount":161,"commentCount":0,"publisher":{"@id":"https:\/\/instituciones.gtm.sld.cu\/hppap\/#organization"},"articleSection":["Noticias"],"inLanguage":"es","potentialAction":[{"@type":"CommentAction","name":"Comment","target":["https:\/\/instituciones.gtm.sld.cu\/hppap\/matutino-especial-en-saludo-al-aniversario-61-de-la-fundacion-de-la-direccion-de-seguridad-personal-perteneciente-al-ministerio-del-interior\/#respond"]}]},{"@type":"WebPage","@id":"https:\/\/instituciones.gtm.sld.cu\/hppap\/matutino-especial-en-saludo-al-aniversario-61-de-la-fundacion-de-la-direccion-de-seguridad-personal-perteneciente-al-ministerio-del-interior\/","url":"https:\/\/instituciones.gtm.sld.cu\/hppap\/matutino-especial-en-saludo-al-aniversario-61-de-la-fundacion-de-la-direccion-de-seguridad-personal-perteneciente-al-ministerio-del-interior\/","name":"Matutino especial en saludo al aniversario 61 de la fundaci\u00f3n de la Direcci\u00f3n de Seguridad Personal, perteneciente al Ministerio del Interior - Hospital Pedi\u00e1trico &quot;Pedro Agust\u00edn P\u00e9rez&quot;","isPartOf":{"@id":"https:\/\/instituciones.gtm.sld.cu\/hppap\/#website"},"datePublished":"2022-09-08T13:16:57+00:00","dateModified":"2022-09-08T13:17:46+00:00","breadcrumb":{"@id":"https:\/\/instituciones.gtm.sld.cu\/hppap\/matutino-especial-en-saludo-al-aniversario-61-de-la-fundacion-de-la-direccion-de-seguridad-personal-perteneciente-al-ministerio-del-interior\/#breadcrumb"},"inLanguage":"es","potentialAction":[{"@type":"ReadAction","target":["https:\/\/instituciones.gtm.sld.cu\/hppap\/matutino-especial-en-saludo-al-aniversario-61-de-la-fundacion-de-la-direccion-de-seguridad-personal-perteneciente-al-ministerio-del-interior\/"]}]},{"@type":"BreadcrumbList","@id":"https:\/\/instituciones.gtm.sld.cu\/hppap\/matutino-especial-en-saludo-al-aniversario-61-de-la-fundacion-de-la-direccion-de-seguridad-personal-perteneciente-al-ministerio-del-interior\/#breadcrumb","itemListElement":[{"@type":"ListItem","position":1,"name":"Inicio","item":"https:\/\/instituciones.gtm.sld.cu\/hppap\/"},{"@type":"ListItem","position":2,"name":"Matutino especial en saludo al aniversario 61 de la fundaci\u00f3n de la Direcci\u00f3n de Seguridad Personal, perteneciente al Ministerio del Interior"}]},{"@type":"WebSite","@id":"https:\/\/instituciones.gtm.sld.cu\/hppap\/#website","url":"https:\/\/instituciones.gtm.sld.cu\/hppap\/","name":"Hospital Pedi\u00e1trico \"Pedro Agust\u00edn P\u00e9rez\"","description":"","publisher":{"@id":"https:\/\/instituciones.gtm.sld.cu\/hppap\/#organization"},"potentialAction":[{"@type":"SearchAction","target":{"@type":"EntryPoint","urlTemplate":"https:\/\/instituciones.gtm.sld.cu\/hppap\/?s={search_term_string}"},"query-input":"required name=search_term_string"}],"inLanguage":"es"},{"@type":"Organization","@id":"https:\/\/instituciones.gtm.sld.cu\/hppap\/#organization","name":"Hospital Pedi\u00e1trico \"Pedro Agust\u00edn P\u00e9rez\"","url":"https:\/\/instituciones.gtm.sld.cu\/hppap\/","logo":{"@type":"ImageObject","inLanguage":"es","@id":"https:\/\/instituciones.gtm.sld.cu\/hppap\/#\/schema\/logo\/image\/","url":"https:\/\/instituciones.gtm.sld.cu\/hppap\/wp-content\/uploads\/sites\/37\/2024\/05\/299145640_582996300017682_8206920265837739482_n-1.jpg","contentUrl":"https:\/\/instituciones.gtm.sld.cu\/hppap\/wp-content\/uploads\/sites\/37\/2024\/05\/299145640_582996300017682_8206920265837739482_n-1.jpg","width":960,"height":479,"caption":"Hospital Pedi\u00e1trico \"Pedro Agust\u00edn P\u00e9rez\""},"image":{"@id":"https:\/\/instituciones.gtm.sld.cu\/hppap\/#\/schema\/logo\/image\/"}},{"@type":"Person","@id":"","url":"https:\/\/instituciones.gtm.sld.cu\/hppap\/author\/"}]}},"jetpack_featured_media_url":"","_links":{"self":[{"href":"https:\/\/instituciones.gtm.sld.cu\/hppap\/wp-json\/wp\/v2\/posts\/2932"}],"collection":[{"href":"https:\/\/instituciones.gtm.sld.cu\/hppap\/wp-json\/wp\/v2\/posts"}],"about":[{"href":"https:\/\/instituciones.gtm.sld.cu\/hppap\/wp-json\/wp\/v2\/types\/post"}],"author":[{"embeddable":true,"href":"https:\/\/instituciones.gtm.sld.cu\/hppap\/wp-json\/wp\/v2\/users\/18"}],"replies":[{"embeddable":true,"href":"https:\/\/instituciones.gtm.sld.cu\/hppap\/wp-json\/wp\/v2\/comments?post=2932"}],"version-history":[{"count":2,"href":"https:\/\/instituciones.gtm.sld.cu\/hppap\/wp-json\/wp\/v2\/posts\/2932\/revisions"}],"predecessor-version":[{"id":2937,"href":"https:\/\/instituciones.gtm.sld.cu\/hppap\/wp-json\/wp\/v2\/posts\/2932\/revisions\/2937"}],"wp:attachment":[{"href":"https:\/\/instituciones.gtm.sld.cu\/hppap\/wp-json\/wp\/v2\/media?parent=2932"}],"wp:term":[{"taxonomy":"category","embeddable":true,"href":"https:\/\/instituciones.gtm.sld.cu\/hppap\/wp-json\/wp\/v2\/categories?post=2932"},{"taxonomy":"post_tag","embeddable":true,"href":"https:\/\/instituciones.gtm.sld.cu\/hppap\/wp-json\/wp\/v2\/tags?post=2932"}],"curies":[{"name":"wp","href":"https:\/\/api.w.org\/{rel}","templated":true}]}}