{"id":3038,"date":"2022-10-19T17:26:33","date_gmt":"2022-10-19T17:26:33","guid":{"rendered":"https:\/\/instituciones.gtm.sld.cu\/hppap\/?p=3038"},"modified":"2022-10-19T17:29:22","modified_gmt":"2022-10-19T17:29:22","slug":"sesiona-en-la-habana-xiv-congreso-internacional-de-informatica-en-salud","status":"publish","type":"post","link":"https:\/\/instituciones.gtm.sld.cu\/hppap\/sesiona-en-la-habana-xiv-congreso-internacional-de-informatica-en-salud\/","title":{"rendered":"Sesiona en La Habana XIV Congreso Internacional de Inform\u00e1tica en Salud"},"content":{"rendered":"<p><img fetchpriority=\"high\" decoding=\"async\" class=\"alignnone size-full wp-image-3039\" src=\"https:\/\/instituciones.gtm.sld.cu\/hppap\/wp-content\/uploads\/sites\/37\/2022\/10\/xiv-congreso-informatica-en-salud.png\" alt=\"\" width=\"300\" height=\"300\" srcset=\"https:\/\/instituciones.gtm.sld.cu\/hppap\/wp-content\/uploads\/sites\/37\/2022\/10\/xiv-congreso-informatica-en-salud.png 300w, https:\/\/instituciones.gtm.sld.cu\/hppap\/wp-content\/uploads\/sites\/37\/2022\/10\/xiv-congreso-informatica-en-salud-150x150.png 150w\" sizes=\"(max-width: 300px) 100vw, 300px\" \/><\/p>\n<p>Tomado del Portal de la Red de Salud de Cuba, Infomed<\/p>\n<p>La salud digital en el contexto de la pandemia de COVID-19 es una de las tem\u00e1ticas del <a href=\"https:\/\/cubasalud.sld.cu\/eventos\" target=\"_blank\" rel=\"noopener noreferrer\">XIV Congreso Internacional de Inform\u00e1tica en Salud<\/a>, que sesiona el 20 y 21 de octubre en el Palacio de Convenciones de La Habana como parte de los <a href=\"https:\/\/cubasalud.sld.cu\/eventos\" target=\"_blank\" rel=\"noopener noreferrer\">eventos de la IV Convenci\u00f3n Internacional de Salud Cuba-Salud 2022<\/a>.<\/p>\n<p>La cita, que tiene como lema eSalud: Por la transformaci\u00f3n digital, abarca adem\u00e1s los soportes inform\u00e1ticos para la salud, el trabajo colaborativo en red y teletrabajo, la educaci\u00f3n en TICs y aprendizaje en red, y ciberseguridad y gobierno electr\u00f3nico en salud.<\/p>\n<p>La coordinadora del evento y presidenta del Comit\u00e9 Cient\u00edfico, MSc. Dra. Patricia Alonso Galb\u00e1n, precis\u00f3 a nuestro portal que en esta edici\u00f3n se estar\u00e1n presentando 96 ponencias, 25 en modalidad presencial y 71 en modalidad virtual, se impartir\u00e1n cinco conferencias y se realizar\u00e1n dos mesas redondas.<\/p>\n<p>En este espacio, profesionales del sector, cient\u00edficos, t\u00e9cnicos, empresarios y representantes gubernamentales, podr\u00e1n actualizarse sobre lo m\u00e1s novedoso de las tecnolog\u00edas de la informaci\u00f3n, las comunicaciones, la electr\u00f3nica y la autom\u00e1tica aplicadas en el campo de la salud.<\/p>\n<p>El XIV Congreso Internacional de Inform\u00e1tica en Salud fue organizado por la direcci\u00f3n de Inform\u00e1tica y Comunicaciones del <a href=\"https:\/\/salud.msp.gob.cu\/\" target=\"_blank\" rel=\"noopener noreferrer\">Ministerio de Salud P\u00fablica de Cuba<\/a> y la <a href=\"https:\/\/temas.sld.cu\/informaticamedica\/acerca-de\/sociedad-cubana-de-informatica-medica\/\" target=\"_blank\" rel=\"noopener noreferrer\">Sociedad de Inform\u00e1tica M\u00e9dica<\/a><\/p>\n<p>La <a href=\"https:\/\/cubasalud.sld.cu\/evento\/4\" target=\"_blank\" rel=\"noopener noreferrer\">Convenci\u00f3n Internacional de Salud<\/a>, <a href=\"https:\/\/cubasalud.sld.cu\/evento\/4\" target=\"_blank\" rel=\"noopener noreferrer\">Cuba-Salud 2022<\/a>, se desarrolla del 17 al 21 de octubre en el Palacio de Convenciones y en el recinto Ferial Pabexpo, este \u00faltimo sede de la <a href=\"https:\/\/cubasalud.sld.cu\/feria\" target=\"_blank\" rel=\"noopener noreferrer\">XV Feria Comercial Salud para Todos<\/a> y <a href=\"https:\/\/cubasalud.sld.cu\/convocatoria-feria-1\" target=\"_blank\" rel=\"noopener noreferrer\">I Feria Internacional de Turismo M\u00e9dico y Bienestar<\/a>.<\/p>\n<p>Asisten a esta edici\u00f3n la directora de la <a href=\"https:\/\/www.paho.org\/es\" target=\"_blank\" rel=\"noopener noreferrer\">Organizaci\u00f3n Panamericana de la Salud<\/a>, doctora Carissa Etienne, m\u00e1s de 50 delegaciones oficiales y varios ministros y altos funcionarios del sector, en total m\u00e1s de dos mil participantes de 65 naciones.<\/p>\n<p>Centro Nacional de Informaci\u00f3n de Ciencias M\u00e9dicas-Infomed<\/p>\n<p>Con informaci\u00f3n de:<\/p>\n<ul>\n<li><a href=\"https:\/\/cubasalud.sld.cu\/evento\/4\" target=\"_blank\" rel=\"noopener noreferrer\">Cuba-Salud 2022<\/a><\/li>\n<li><a href=\"https:\/\/temas.sld.cu\/informaticamedica\/\" target=\"_blank\" rel=\"noopener noreferrer\">Sitio web de Inform\u00e1tica M\u00e9dica<\/a><\/li>\n<\/ul>\n","protected":false},"excerpt":{"rendered":"<p>Tomado del Portal de la Red de Salud de Cuba, Infomed<\/p>\n<p>La salud digital en el contexto de la pandemia de COVID-19 es una de las tem\u00e1ticas del XIV Congreso Internacional de Inform\u00e1tica en Salud, que sesiona el 20 y 21 de octubre en el Palacio de Convenciones de La Habana como parte de los eventos de la IV Convenci\u00f3n Internacional de Salud Cuba-Salud 2022.<\/p>\n<p>La cita, que tiene como lema eSalud: Por la transformaci\u00f3n digital, abarca adem\u00e1s los soportes inform\u00e1ticos para la salud, el trabajo colaborativo en red y teletrabajo, la educaci\u00f3n en TICs y aprendizaje en red, y ciberseguridad y gobierno electr\u00f3nico en salud.<\/p><p><a class=\"more-link btn\" href=\"https:\/\/instituciones.gtm.sld.cu\/hppap\/sesiona-en-la-habana-xiv-congreso-internacional-de-informatica-en-salud\/\">Seguir leyendo<\/a><\/p>\n","protected":false},"author":18,"featured_media":3039,"comment_status":"open","ping_status":"open","sticky":false,"template":"","format":"standard","meta":{"ngg_post_thumbnail":0},"categories":[5],"tags":[],"yoast_head":"<!-- This site is optimized with the Yoast SEO plugin v21.8 - https:\/\/yoast.com\/wordpress\/plugins\/seo\/ -->\n<title>Sesiona en La Habana XIV Congreso Internacional de Inform\u00e1tica en Salud - Hospital Pedi\u00e1trico &quot;Pedro Agust\u00edn P\u00e9rez&quot;<\/title>\n<meta name=\"robots\" content=\"index, follow, max-snippet:-1, max-image-preview:large, max-video-preview:-1\" \/>\n<link rel=\"canonical\" href=\"https:\/\/instituciones.gtm.sld.cu\/hppap\/sesiona-en-la-habana-xiv-congreso-internacional-de-informatica-en-salud\/\" \/>\n<meta property=\"og:locale\" content=\"es_ES\" \/>\n<meta property=\"og:type\" content=\"article\" \/>\n<meta property=\"og:title\" content=\"Sesiona en La Habana XIV Congreso Internacional de Inform\u00e1tica en Salud - Hospital Pedi\u00e1trico &quot;Pedro Agust\u00edn P\u00e9rez&quot;\" \/>\n<meta property=\"og:description\" content=\"Tomado del Portal de la Red de Salud de Cuba, Infomed La salud digital en el contexto de la pandemia de COVID-19 es una de las tem\u00e1ticas del XIV Congreso Internacional de Inform\u00e1tica en Salud, que sesiona el 20 y 21 de octubre en el Palacio de Convenciones de La Habana como parte de los eventos de la IV Convenci\u00f3n Internacional de Salud Cuba-Salud 2022. La cita, que tiene como lema eSalud: Por la transformaci\u00f3n digital, abarca adem\u00e1s los soportes inform\u00e1ticos para la salud, el trabajo colaborativo en red y teletrabajo, la educaci\u00f3n en TICs y aprendizaje en red, y ciberseguridad y gobierno electr\u00f3nico en salud.\" \/>\n<meta property=\"og:url\" content=\"https:\/\/instituciones.gtm.sld.cu\/hppap\/sesiona-en-la-habana-xiv-congreso-internacional-de-informatica-en-salud\/\" \/>\n<meta property=\"og:site_name\" content=\"Hospital Pedi\u00e1trico &quot;Pedro Agust\u00edn P\u00e9rez&quot;\" \/>\n<meta property=\"article:published_time\" content=\"2022-10-19T17:26:33+00:00\" \/>\n<meta property=\"article:modified_time\" content=\"2022-10-19T17:29:22+00:00\" \/>\n<meta property=\"og:image\" content=\"https:\/\/instituciones.gtm.sld.cu\/hppap\/wp-content\/uploads\/sites\/37\/2022\/10\/xiv-congreso-informatica-en-salud.png\" \/>\n\t<meta property=\"og:image:width\" content=\"300\" \/>\n\t<meta property=\"og:image:height\" content=\"300\" \/>\n\t<meta property=\"og:image:type\" content=\"image\/png\" \/>\n<meta name=\"twitter:card\" content=\"summary_large_image\" \/>\n<meta name=\"twitter:label1\" content=\"Escrito por\" \/>\n\t<meta name=\"twitter:data1\" content=\"\" \/>\n\t<meta name=\"twitter:label2\" content=\"Tiempo de lectura\" \/>\n\t<meta name=\"twitter:data2\" content=\"2 minutos\" \/>\n<script type=\"application\/ld+json\" class=\"yoast-schema-graph\">{\"@context\":\"https:\/\/schema.org\",\"@graph\":[{\"@type\":\"Article\",\"@id\":\"https:\/\/instituciones.gtm.sld.cu\/hppap\/sesiona-en-la-habana-xiv-congreso-internacional-de-informatica-en-salud\/#article\",\"isPartOf\":{\"@id\":\"https:\/\/instituciones.gtm.sld.cu\/hppap\/sesiona-en-la-habana-xiv-congreso-internacional-de-informatica-en-salud\/\"},\"author\":{\"name\":\"\",\"@id\":\"\"},\"headline\":\"Sesiona en La Habana XIV Congreso Internacional de Inform\u00e1tica en Salud\",\"datePublished\":\"2022-10-19T17:26:33+00:00\",\"dateModified\":\"2022-10-19T17:29:22+00:00\",\"mainEntityOfPage\":{\"@id\":\"https:\/\/instituciones.gtm.sld.cu\/hppap\/sesiona-en-la-habana-xiv-congreso-internacional-de-informatica-en-salud\/\"},\"wordCount\":361,\"commentCount\":0,\"publisher\":{\"@id\":\"https:\/\/instituciones.gtm.sld.cu\/hppap\/#organization\"},\"articleSection\":[\"Noticias\"],\"inLanguage\":\"es\",\"potentialAction\":[{\"@type\":\"CommentAction\",\"name\":\"Comment\",\"target\":[\"https:\/\/instituciones.gtm.sld.cu\/hppap\/sesiona-en-la-habana-xiv-congreso-internacional-de-informatica-en-salud\/#respond\"]}]},{\"@type\":\"WebPage\",\"@id\":\"https:\/\/instituciones.gtm.sld.cu\/hppap\/sesiona-en-la-habana-xiv-congreso-internacional-de-informatica-en-salud\/\",\"url\":\"https:\/\/instituciones.gtm.sld.cu\/hppap\/sesiona-en-la-habana-xiv-congreso-internacional-de-informatica-en-salud\/\",\"name\":\"Sesiona en La Habana XIV Congreso Internacional de Inform\u00e1tica en Salud - Hospital Pedi\u00e1trico &quot;Pedro Agust\u00edn P\u00e9rez&quot;\",\"isPartOf\":{\"@id\":\"https:\/\/instituciones.gtm.sld.cu\/hppap\/#website\"},\"datePublished\":\"2022-10-19T17:26:33+00:00\",\"dateModified\":\"2022-10-19T17:29:22+00:00\",\"breadcrumb\":{\"@id\":\"https:\/\/instituciones.gtm.sld.cu\/hppap\/sesiona-en-la-habana-xiv-congreso-internacional-de-informatica-en-salud\/#breadcrumb\"},\"inLanguage\":\"es\",\"potentialAction\":[{\"@type\":\"ReadAction\",\"target\":[\"https:\/\/instituciones.gtm.sld.cu\/hppap\/sesiona-en-la-habana-xiv-congreso-internacional-de-informatica-en-salud\/\"]}]},{\"@type\":\"BreadcrumbList\",\"@id\":\"https:\/\/instituciones.gtm.sld.cu\/hppap\/sesiona-en-la-habana-xiv-congreso-internacional-de-informatica-en-salud\/#breadcrumb\",\"itemListElement\":[{\"@type\":\"ListItem\",\"position\":1,\"name\":\"Inicio\",\"item\":\"https:\/\/instituciones.gtm.sld.cu\/hppap\/\"},{\"@type\":\"ListItem\",\"position\":2,\"name\":\"Sesiona en La Habana XIV Congreso Internacional de Inform\u00e1tica en Salud\"}]},{\"@type\":\"WebSite\",\"@id\":\"https:\/\/instituciones.gtm.sld.cu\/hppap\/#website\",\"url\":\"https:\/\/instituciones.gtm.sld.cu\/hppap\/\",\"name\":\"Hospital Pedi\u00e1trico \\\"Pedro Agust\u00edn P\u00e9rez\\\"\",\"description\":\"\",\"publisher\":{\"@id\":\"https:\/\/instituciones.gtm.sld.cu\/hppap\/#organization\"},\"potentialAction\":[{\"@type\":\"SearchAction\",\"target\":{\"@type\":\"EntryPoint\",\"urlTemplate\":\"https:\/\/instituciones.gtm.sld.cu\/hppap\/?s={search_term_string}\"},\"query-input\":\"required name=search_term_string\"}],\"inLanguage\":\"es\"},{\"@type\":\"Organization\",\"@id\":\"https:\/\/instituciones.gtm.sld.cu\/hppap\/#organization\",\"name\":\"Hospital Pedi\u00e1trico \\\"Pedro Agust\u00edn P\u00e9rez\\\"\",\"url\":\"https:\/\/instituciones.gtm.sld.cu\/hppap\/\",\"logo\":{\"@type\":\"ImageObject\",\"inLanguage\":\"es\",\"@id\":\"https:\/\/instituciones.gtm.sld.cu\/hppap\/#\/schema\/logo\/image\/\",\"url\":\"https:\/\/instituciones.gtm.sld.cu\/hppap\/wp-content\/uploads\/sites\/37\/2024\/05\/299145640_582996300017682_8206920265837739482_n-1.jpg\",\"contentUrl\":\"https:\/\/instituciones.gtm.sld.cu\/hppap\/wp-content\/uploads\/sites\/37\/2024\/05\/299145640_582996300017682_8206920265837739482_n-1.jpg\",\"width\":960,\"height\":479,\"caption\":\"Hospital Pedi\u00e1trico \\\"Pedro Agust\u00edn P\u00e9rez\\\"\"},\"image\":{\"@id\":\"https:\/\/instituciones.gtm.sld.cu\/hppap\/#\/schema\/logo\/image\/\"}},{\"@type\":\"Person\",\"@id\":\"\",\"url\":\"https:\/\/instituciones.gtm.sld.cu\/hppap\/author\/\"}]}<\/script>\n<!-- \/ Yoast SEO plugin. -->","yoast_head_json":{"title":"Sesiona en La Habana XIV Congreso Internacional de Inform\u00e1tica en Salud - Hospital Pedi\u00e1trico &quot;Pedro Agust\u00edn P\u00e9rez&quot;","robots":{"index":"index","follow":"follow","max-snippet":"max-snippet:-1","max-image-preview":"max-image-preview:large","max-video-preview":"max-video-preview:-1"},"canonical":"https:\/\/instituciones.gtm.sld.cu\/hppap\/sesiona-en-la-habana-xiv-congreso-internacional-de-informatica-en-salud\/","og_locale":"es_ES","og_type":"article","og_title":"Sesiona en La Habana XIV Congreso Internacional de Inform\u00e1tica en Salud - Hospital Pedi\u00e1trico &quot;Pedro Agust\u00edn P\u00e9rez&quot;","og_description":"Tomado del Portal de la Red de Salud de Cuba, Infomed La salud digital en el contexto de la pandemia de COVID-19 es una de las tem\u00e1ticas del XIV Congreso Internacional de Inform\u00e1tica en Salud, que sesiona el 20 y 21 de octubre en el Palacio de Convenciones de La Habana como parte de los eventos de la IV Convenci\u00f3n Internacional de Salud Cuba-Salud 2022. La cita, que tiene como lema eSalud: Por la transformaci\u00f3n digital, abarca adem\u00e1s los soportes inform\u00e1ticos para la salud, el trabajo colaborativo en red y teletrabajo, la educaci\u00f3n en TICs y aprendizaje en red, y ciberseguridad y gobierno electr\u00f3nico en salud.","og_url":"https:\/\/instituciones.gtm.sld.cu\/hppap\/sesiona-en-la-habana-xiv-congreso-internacional-de-informatica-en-salud\/","og_site_name":"Hospital Pedi\u00e1trico &quot;Pedro Agust\u00edn P\u00e9rez&quot;","article_published_time":"2022-10-19T17:26:33+00:00","article_modified_time":"2022-10-19T17:29:22+00:00","og_image":[{"width":300,"height":300,"url":"https:\/\/instituciones.gtm.sld.cu\/hppap\/wp-content\/uploads\/sites\/37\/2022\/10\/xiv-congreso-informatica-en-salud.png","type":"image\/png"}],"twitter_card":"summary_large_image","twitter_misc":{"Escrito por":"","Tiempo de lectura":"2 minutos"},"schema":{"@context":"https:\/\/schema.org","@graph":[{"@type":"Article","@id":"https:\/\/instituciones.gtm.sld.cu\/hppap\/sesiona-en-la-habana-xiv-congreso-internacional-de-informatica-en-salud\/#article","isPartOf":{"@id":"https:\/\/instituciones.gtm.sld.cu\/hppap\/sesiona-en-la-habana-xiv-congreso-internacional-de-informatica-en-salud\/"},"author":{"name":"","@id":""},"headline":"Sesiona en La Habana XIV Congreso Internacional de Inform\u00e1tica en Salud","datePublished":"2022-10-19T17:26:33+00:00","dateModified":"2022-10-19T17:29:22+00:00","mainEntityOfPage":{"@id":"https:\/\/instituciones.gtm.sld.cu\/hppap\/sesiona-en-la-habana-xiv-congreso-internacional-de-informatica-en-salud\/"},"wordCount":361,"commentCount":0,"publisher":{"@id":"https:\/\/instituciones.gtm.sld.cu\/hppap\/#organization"},"articleSection":["Noticias"],"inLanguage":"es","potentialAction":[{"@type":"CommentAction","name":"Comment","target":["https:\/\/instituciones.gtm.sld.cu\/hppap\/sesiona-en-la-habana-xiv-congreso-internacional-de-informatica-en-salud\/#respond"]}]},{"@type":"WebPage","@id":"https:\/\/instituciones.gtm.sld.cu\/hppap\/sesiona-en-la-habana-xiv-congreso-internacional-de-informatica-en-salud\/","url":"https:\/\/instituciones.gtm.sld.cu\/hppap\/sesiona-en-la-habana-xiv-congreso-internacional-de-informatica-en-salud\/","name":"Sesiona en La Habana XIV Congreso Internacional de Inform\u00e1tica en Salud - Hospital Pedi\u00e1trico &quot;Pedro Agust\u00edn P\u00e9rez&quot;","isPartOf":{"@id":"https:\/\/instituciones.gtm.sld.cu\/hppap\/#website"},"datePublished":"2022-10-19T17:26:33+00:00","dateModified":"2022-10-19T17:29:22+00:00","breadcrumb":{"@id":"https:\/\/instituciones.gtm.sld.cu\/hppap\/sesiona-en-la-habana-xiv-congreso-internacional-de-informatica-en-salud\/#breadcrumb"},"inLanguage":"es","potentialAction":[{"@type":"ReadAction","target":["https:\/\/instituciones.gtm.sld.cu\/hppap\/sesiona-en-la-habana-xiv-congreso-internacional-de-informatica-en-salud\/"]}]},{"@type":"BreadcrumbList","@id":"https:\/\/instituciones.gtm.sld.cu\/hppap\/sesiona-en-la-habana-xiv-congreso-internacional-de-informatica-en-salud\/#breadcrumb","itemListElement":[{"@type":"ListItem","position":1,"name":"Inicio","item":"https:\/\/instituciones.gtm.sld.cu\/hppap\/"},{"@type":"ListItem","position":2,"name":"Sesiona en La Habana XIV Congreso Internacional de Inform\u00e1tica en Salud"}]},{"@type":"WebSite","@id":"https:\/\/instituciones.gtm.sld.cu\/hppap\/#website","url":"https:\/\/instituciones.gtm.sld.cu\/hppap\/","name":"Hospital Pedi\u00e1trico \"Pedro Agust\u00edn P\u00e9rez\"","description":"","publisher":{"@id":"https:\/\/instituciones.gtm.sld.cu\/hppap\/#organization"},"potentialAction":[{"@type":"SearchAction","target":{"@type":"EntryPoint","urlTemplate":"https:\/\/instituciones.gtm.sld.cu\/hppap\/?s={search_term_string}"},"query-input":"required name=search_term_string"}],"inLanguage":"es"},{"@type":"Organization","@id":"https:\/\/instituciones.gtm.sld.cu\/hppap\/#organization","name":"Hospital Pedi\u00e1trico \"Pedro Agust\u00edn P\u00e9rez\"","url":"https:\/\/instituciones.gtm.sld.cu\/hppap\/","logo":{"@type":"ImageObject","inLanguage":"es","@id":"https:\/\/instituciones.gtm.sld.cu\/hppap\/#\/schema\/logo\/image\/","url":"https:\/\/instituciones.gtm.sld.cu\/hppap\/wp-content\/uploads\/sites\/37\/2024\/05\/299145640_582996300017682_8206920265837739482_n-1.jpg","contentUrl":"https:\/\/instituciones.gtm.sld.cu\/hppap\/wp-content\/uploads\/sites\/37\/2024\/05\/299145640_582996300017682_8206920265837739482_n-1.jpg","width":960,"height":479,"caption":"Hospital Pedi\u00e1trico \"Pedro Agust\u00edn P\u00e9rez\""},"image":{"@id":"https:\/\/instituciones.gtm.sld.cu\/hppap\/#\/schema\/logo\/image\/"}},{"@type":"Person","@id":"","url":"https:\/\/instituciones.gtm.sld.cu\/hppap\/author\/"}]}},"jetpack_featured_media_url":"https:\/\/instituciones.gtm.sld.cu\/hppap\/wp-content\/uploads\/sites\/37\/2022\/10\/xiv-congreso-informatica-en-salud.png","_links":{"self":[{"href":"https:\/\/instituciones.gtm.sld.cu\/hppap\/wp-json\/wp\/v2\/posts\/3038"}],"collection":[{"href":"https:\/\/instituciones.gtm.sld.cu\/hppap\/wp-json\/wp\/v2\/posts"}],"about":[{"href":"https:\/\/instituciones.gtm.sld.cu\/hppap\/wp-json\/wp\/v2\/types\/post"}],"author":[{"embeddable":true,"href":"https:\/\/instituciones.gtm.sld.cu\/hppap\/wp-json\/wp\/v2\/users\/18"}],"replies":[{"embeddable":true,"href":"https:\/\/instituciones.gtm.sld.cu\/hppap\/wp-json\/wp\/v2\/comments?post=3038"}],"version-history":[{"count":2,"href":"https:\/\/instituciones.gtm.sld.cu\/hppap\/wp-json\/wp\/v2\/posts\/3038\/revisions"}],"predecessor-version":[{"id":3041,"href":"https:\/\/instituciones.gtm.sld.cu\/hppap\/wp-json\/wp\/v2\/posts\/3038\/revisions\/3041"}],"wp:featuredmedia":[{"embeddable":true,"href":"https:\/\/instituciones.gtm.sld.cu\/hppap\/wp-json\/wp\/v2\/media\/3039"}],"wp:attachment":[{"href":"https:\/\/instituciones.gtm.sld.cu\/hppap\/wp-json\/wp\/v2\/media?parent=3038"}],"wp:term":[{"taxonomy":"category","embeddable":true,"href":"https:\/\/instituciones.gtm.sld.cu\/hppap\/wp-json\/wp\/v2\/categories?post=3038"},{"taxonomy":"post_tag","embeddable":true,"href":"https:\/\/instituciones.gtm.sld.cu\/hppap\/wp-json\/wp\/v2\/tags?post=3038"}],"curies":[{"name":"wp","href":"https:\/\/api.w.org\/{rel}","templated":true}]}}