{"id":3047,"date":"2022-10-19T18:39:01","date_gmt":"2022-10-19T18:39:01","guid":{"rendered":"https:\/\/instituciones.gtm.sld.cu\/hppap\/?p=3047"},"modified":"2022-10-19T18:40:21","modified_gmt":"2022-10-19T18:40:21","slug":"estrategia-cubana-para-la-prevencion-y-el-control-de-enfermedades-no-transmisibles","status":"publish","type":"post","link":"https:\/\/instituciones.gtm.sld.cu\/hppap\/estrategia-cubana-para-la-prevencion-y-el-control-de-enfermedades-no-transmisibles\/","title":{"rendered":"Estrategia cubana para la prevenci\u00f3n y el control de enfermedades no transmisibles"},"content":{"rendered":"<p><img fetchpriority=\"high\" decoding=\"async\" class=\"alignnone wp-image-3048 size-full\" src=\"https:\/\/instituciones.gtm.sld.cu\/hppap\/wp-content\/uploads\/sites\/37\/2022\/10\/libro-Estrategia-cubana-para-la-prevencion-y-el-control-de-enfermedades-no-transmisibles.jpg\" alt=\"\" width=\"300\" height=\"439\" srcset=\"https:\/\/instituciones.gtm.sld.cu\/hppap\/wp-content\/uploads\/sites\/37\/2022\/10\/libro-Estrategia-cubana-para-la-prevencion-y-el-control-de-enfermedades-no-transmisibles.jpg 300w, https:\/\/instituciones.gtm.sld.cu\/hppap\/wp-content\/uploads\/sites\/37\/2022\/10\/libro-Estrategia-cubana-para-la-prevencion-y-el-control-de-enfermedades-no-transmisibles-205x300.jpg 205w\" sizes=\"(max-width: 300px) 100vw, 300px\" \/><\/p>\n<p>Tomado del Portal de la Red de Salud de Cuba, Infomed.<\/p>\n<p>La <a href=\"http:\/\/www.ecimed.sld.cu\/\" target=\"_blank\" rel=\"noopener noreferrer\">Editorial Ciencias M\u00e9dicas<\/a> presenta <a href=\"http:\/\/www.bvscuba.sld.cu\/libro\/estrategia-cubana-para-la-prevencion-y-el-control-de-enfermedades-no-transmisibles\/\" target=\"_blank\" rel=\"noopener noreferrer\">Estrategia cubana para la prevenci\u00f3n y el control de enfermedades no transmisibles<\/a>, texto que expone la actualizaci\u00f3n de la Estrategia Nacional para la Prevenci\u00f3n y el Control de las Enfermedades no Transmisibles, mediante el abordaje integral de los factores protectores y los factores de riesgo, para el mejoramiento de la calidad de vida de la poblaci\u00f3n nacional<\/p>\n<p>En el <a href=\"http:\/\/www.ecimed.sld.cu\/libros\/\" target=\"_blank\" rel=\"noopener noreferrer\">Cat\u00e1logo de la Editorial Ciencias M\u00e9dicas<\/a>, usted puede acceder a la <a href=\"http:\/\/www.ecimed.sld.cu\/2022\/10\/12\/estrategia-cubana-para-la-prevencion-y-el-control-de-enfermedades-no-transmisibles\/\" target=\"_blank\" rel=\"noopener noreferrer\">presentaci\u00f3n del libro<\/a>, as\u00ed como a las versiones disponibles en formato <a href=\"http:\/\/www.bvs.sld.cu\/libros\/estrategia_cubana_prevencion_control_enfermedades_notransmisibles\/estrategia_cubana_prevencion_control_enfermedades_no_transmisibles.pdf\" target=\"_blank\" rel=\"noopener noreferrer\">PDF<\/a> (2,66 MB) y <a href=\"http:\/\/www.bvs.sld.cu\/libros\/estrategia_cubana_prevencion_control_enfermedades_notransmisibles\/epub_estrategia_cubana_prevencion_control_enfermedades_no_transmisibles.html\" target=\"_blank\" rel=\"noopener noreferrer\">EPUB<\/a> (826 KB), donde podr\u00e1 realizar los comentarios que considere; adem\u00e1s, se brinda la informaci\u00f3n de <em>C\u00f3mo citar esta obra<\/em>.<\/p>\n<p>El texto completo en los formatos PDF y EPUB est\u00e1 disponible en la <a href=\"http:\/\/www.bvscuba.sld.cu\/clasificacion-de-libro\/libros-de-autores-cubanos\/\">secci\u00f3n de Libros de Autores Cubanos <\/a>de la<a href=\"http:\/\/www.bvscuba.sld.cu\/\" target=\"_blank\" rel=\"noopener noreferrer\"> Biblioteca Virtual en Salud de Cuba<\/a>. Asimismo, en el <a href=\"http:\/\/librossalud.sld.cu\/index.php?P=Home\" target=\"_blank\" rel=\"noopener noreferrer\">Cat\u00e1logo de Libros de Ciencias de la Salud<\/a>, podr\u00e1 acceder a la <a href=\"http:\/\/librossalud.sld.cu\/index.php?P=FullRecord&amp;ID=750\" target=\"_blank\" rel=\"noopener noreferrer\">ficha del libro<\/a> y obtener otros datos relacionados con esta importante publicaci\u00f3n.<\/p>\n<p>Fuente: <span class=\"dmbs-post-fuente text-muted text-uppercase\"><a href=\"http:\/\/www.bvscuba.sld.cu\/libro\/estrategia-cubana-para-la-prevencion-y-el-control-de-enfermedades-no-transmisibles\/\" target=\"_blank\" rel=\"noopener noreferrer\">Ecimed-BVS<\/a><\/span><\/p>\n","protected":false},"excerpt":{"rendered":"<p>La Editorial Ciencias M\u00e9dicas presenta Estrategia cubana para la prevenci\u00f3n y el control de enfermedades no transmisibles, texto que expone la actualizaci\u00f3n de la Estrategia Nacional para la Prevenci\u00f3n y el Control de las Enfermedades no Transmisibles, mediante el abordaje integral de los factores protectores y los factores de riesgo, para el mejoramiento de la calidad de vida de la poblaci\u00f3n nacional<\/p><p><a class=\"more-link btn\" href=\"https:\/\/instituciones.gtm.sld.cu\/hppap\/estrategia-cubana-para-la-prevencion-y-el-control-de-enfermedades-no-transmisibles\/\">Seguir leyendo<\/a><\/p>\n","protected":false},"author":18,"featured_media":0,"comment_status":"open","ping_status":"open","sticky":false,"template":"","format":"standard","meta":{"ngg_post_thumbnail":0},"categories":[5],"tags":[],"yoast_head":"<!-- This site is optimized with the Yoast SEO plugin v21.8 - https:\/\/yoast.com\/wordpress\/plugins\/seo\/ -->\n<title>Estrategia cubana para la prevenci\u00f3n y el control de enfermedades no transmisibles - Hospital Pedi\u00e1trico &quot;Pedro Agust\u00edn P\u00e9rez&quot;<\/title>\n<meta name=\"robots\" content=\"index, follow, max-snippet:-1, max-image-preview:large, max-video-preview:-1\" \/>\n<link rel=\"canonical\" href=\"https:\/\/instituciones.gtm.sld.cu\/hppap\/estrategia-cubana-para-la-prevencion-y-el-control-de-enfermedades-no-transmisibles\/\" \/>\n<meta property=\"og:locale\" content=\"es_ES\" \/>\n<meta property=\"og:type\" content=\"article\" \/>\n<meta property=\"og:title\" content=\"Estrategia cubana para la prevenci\u00f3n y el control de enfermedades no transmisibles - Hospital Pedi\u00e1trico &quot;Pedro Agust\u00edn P\u00e9rez&quot;\" \/>\n<meta property=\"og:description\" content=\"La Editorial Ciencias M\u00e9dicas presenta Estrategia cubana para la prevenci\u00f3n y el control de enfermedades no transmisibles, texto que expone la actualizaci\u00f3n de la Estrategia Nacional para la Prevenci\u00f3n y el Control de las Enfermedades no Transmisibles, mediante el abordaje integral de los factores protectores y los factores de riesgo, para el mejoramiento de la calidad de vida de la poblaci\u00f3n nacional\" \/>\n<meta property=\"og:url\" content=\"https:\/\/instituciones.gtm.sld.cu\/hppap\/estrategia-cubana-para-la-prevencion-y-el-control-de-enfermedades-no-transmisibles\/\" \/>\n<meta property=\"og:site_name\" content=\"Hospital Pedi\u00e1trico &quot;Pedro Agust\u00edn P\u00e9rez&quot;\" \/>\n<meta property=\"article:published_time\" content=\"2022-10-19T18:39:01+00:00\" \/>\n<meta property=\"article:modified_time\" content=\"2022-10-19T18:40:21+00:00\" \/>\n<meta property=\"og:image\" content=\"https:\/\/instituciones.gtm.sld.cu\/hppap\/wp-content\/uploads\/sites\/37\/2022\/10\/libro-Estrategia-cubana-para-la-prevencion-y-el-control-de-enfermedades-no-transmisibles.jpg\" \/>\n<meta name=\"twitter:card\" content=\"summary_large_image\" \/>\n<meta name=\"twitter:label1\" content=\"Escrito por\" \/>\n\t<meta name=\"twitter:data1\" content=\"\" \/>\n\t<meta name=\"twitter:label2\" content=\"Tiempo de lectura\" \/>\n\t<meta name=\"twitter:data2\" content=\"1 minuto\" \/>\n<script type=\"application\/ld+json\" class=\"yoast-schema-graph\">{\"@context\":\"https:\/\/schema.org\",\"@graph\":[{\"@type\":\"Article\",\"@id\":\"https:\/\/instituciones.gtm.sld.cu\/hppap\/estrategia-cubana-para-la-prevencion-y-el-control-de-enfermedades-no-transmisibles\/#article\",\"isPartOf\":{\"@id\":\"https:\/\/instituciones.gtm.sld.cu\/hppap\/estrategia-cubana-para-la-prevencion-y-el-control-de-enfermedades-no-transmisibles\/\"},\"author\":{\"name\":\"\",\"@id\":\"\"},\"headline\":\"Estrategia cubana para la prevenci\u00f3n y el control de enfermedades no transmisibles\",\"datePublished\":\"2022-10-19T18:39:01+00:00\",\"dateModified\":\"2022-10-19T18:40:21+00:00\",\"mainEntityOfPage\":{\"@id\":\"https:\/\/instituciones.gtm.sld.cu\/hppap\/estrategia-cubana-para-la-prevencion-y-el-control-de-enfermedades-no-transmisibles\/\"},\"wordCount\":202,\"commentCount\":0,\"publisher\":{\"@id\":\"https:\/\/instituciones.gtm.sld.cu\/hppap\/#organization\"},\"articleSection\":[\"Noticias\"],\"inLanguage\":\"es\",\"potentialAction\":[{\"@type\":\"CommentAction\",\"name\":\"Comment\",\"target\":[\"https:\/\/instituciones.gtm.sld.cu\/hppap\/estrategia-cubana-para-la-prevencion-y-el-control-de-enfermedades-no-transmisibles\/#respond\"]}]},{\"@type\":\"WebPage\",\"@id\":\"https:\/\/instituciones.gtm.sld.cu\/hppap\/estrategia-cubana-para-la-prevencion-y-el-control-de-enfermedades-no-transmisibles\/\",\"url\":\"https:\/\/instituciones.gtm.sld.cu\/hppap\/estrategia-cubana-para-la-prevencion-y-el-control-de-enfermedades-no-transmisibles\/\",\"name\":\"Estrategia cubana para la prevenci\u00f3n y el control de enfermedades no transmisibles - Hospital Pedi\u00e1trico &quot;Pedro Agust\u00edn P\u00e9rez&quot;\",\"isPartOf\":{\"@id\":\"https:\/\/instituciones.gtm.sld.cu\/hppap\/#website\"},\"datePublished\":\"2022-10-19T18:39:01+00:00\",\"dateModified\":\"2022-10-19T18:40:21+00:00\",\"breadcrumb\":{\"@id\":\"https:\/\/instituciones.gtm.sld.cu\/hppap\/estrategia-cubana-para-la-prevencion-y-el-control-de-enfermedades-no-transmisibles\/#breadcrumb\"},\"inLanguage\":\"es\",\"potentialAction\":[{\"@type\":\"ReadAction\",\"target\":[\"https:\/\/instituciones.gtm.sld.cu\/hppap\/estrategia-cubana-para-la-prevencion-y-el-control-de-enfermedades-no-transmisibles\/\"]}]},{\"@type\":\"BreadcrumbList\",\"@id\":\"https:\/\/instituciones.gtm.sld.cu\/hppap\/estrategia-cubana-para-la-prevencion-y-el-control-de-enfermedades-no-transmisibles\/#breadcrumb\",\"itemListElement\":[{\"@type\":\"ListItem\",\"position\":1,\"name\":\"Inicio\",\"item\":\"https:\/\/instituciones.gtm.sld.cu\/hppap\/\"},{\"@type\":\"ListItem\",\"position\":2,\"name\":\"Estrategia cubana para la prevenci\u00f3n y el control de enfermedades no transmisibles\"}]},{\"@type\":\"WebSite\",\"@id\":\"https:\/\/instituciones.gtm.sld.cu\/hppap\/#website\",\"url\":\"https:\/\/instituciones.gtm.sld.cu\/hppap\/\",\"name\":\"Hospital Pedi\u00e1trico \\\"Pedro Agust\u00edn P\u00e9rez\\\"\",\"description\":\"\",\"publisher\":{\"@id\":\"https:\/\/instituciones.gtm.sld.cu\/hppap\/#organization\"},\"potentialAction\":[{\"@type\":\"SearchAction\",\"target\":{\"@type\":\"EntryPoint\",\"urlTemplate\":\"https:\/\/instituciones.gtm.sld.cu\/hppap\/?s={search_term_string}\"},\"query-input\":\"required name=search_term_string\"}],\"inLanguage\":\"es\"},{\"@type\":\"Organization\",\"@id\":\"https:\/\/instituciones.gtm.sld.cu\/hppap\/#organization\",\"name\":\"Hospital Pedi\u00e1trico \\\"Pedro Agust\u00edn P\u00e9rez\\\"\",\"url\":\"https:\/\/instituciones.gtm.sld.cu\/hppap\/\",\"logo\":{\"@type\":\"ImageObject\",\"inLanguage\":\"es\",\"@id\":\"https:\/\/instituciones.gtm.sld.cu\/hppap\/#\/schema\/logo\/image\/\",\"url\":\"https:\/\/instituciones.gtm.sld.cu\/hppap\/wp-content\/uploads\/sites\/37\/2024\/05\/299145640_582996300017682_8206920265837739482_n-1.jpg\",\"contentUrl\":\"https:\/\/instituciones.gtm.sld.cu\/hppap\/wp-content\/uploads\/sites\/37\/2024\/05\/299145640_582996300017682_8206920265837739482_n-1.jpg\",\"width\":960,\"height\":479,\"caption\":\"Hospital Pedi\u00e1trico \\\"Pedro Agust\u00edn P\u00e9rez\\\"\"},\"image\":{\"@id\":\"https:\/\/instituciones.gtm.sld.cu\/hppap\/#\/schema\/logo\/image\/\"}},{\"@type\":\"Person\",\"@id\":\"\",\"url\":\"https:\/\/instituciones.gtm.sld.cu\/hppap\/author\/\"}]}<\/script>\n<!-- \/ Yoast SEO plugin. -->","yoast_head_json":{"title":"Estrategia cubana para la prevenci\u00f3n y el control de enfermedades no transmisibles - Hospital Pedi\u00e1trico &quot;Pedro Agust\u00edn P\u00e9rez&quot;","robots":{"index":"index","follow":"follow","max-snippet":"max-snippet:-1","max-image-preview":"max-image-preview:large","max-video-preview":"max-video-preview:-1"},"canonical":"https:\/\/instituciones.gtm.sld.cu\/hppap\/estrategia-cubana-para-la-prevencion-y-el-control-de-enfermedades-no-transmisibles\/","og_locale":"es_ES","og_type":"article","og_title":"Estrategia cubana para la prevenci\u00f3n y el control de enfermedades no transmisibles - Hospital Pedi\u00e1trico &quot;Pedro Agust\u00edn P\u00e9rez&quot;","og_description":"La Editorial Ciencias M\u00e9dicas presenta Estrategia cubana para la prevenci\u00f3n y el control de enfermedades no transmisibles, texto que expone la actualizaci\u00f3n de la Estrategia Nacional para la Prevenci\u00f3n y el Control de las Enfermedades no Transmisibles, mediante el abordaje integral de los factores protectores y los factores de riesgo, para el mejoramiento de la calidad de vida de la poblaci\u00f3n nacional","og_url":"https:\/\/instituciones.gtm.sld.cu\/hppap\/estrategia-cubana-para-la-prevencion-y-el-control-de-enfermedades-no-transmisibles\/","og_site_name":"Hospital Pedi\u00e1trico &quot;Pedro Agust\u00edn P\u00e9rez&quot;","article_published_time":"2022-10-19T18:39:01+00:00","article_modified_time":"2022-10-19T18:40:21+00:00","og_image":[{"url":"https:\/\/instituciones.gtm.sld.cu\/hppap\/wp-content\/uploads\/sites\/37\/2022\/10\/libro-Estrategia-cubana-para-la-prevencion-y-el-control-de-enfermedades-no-transmisibles.jpg"}],"twitter_card":"summary_large_image","twitter_misc":{"Escrito por":"","Tiempo de lectura":"1 minuto"},"schema":{"@context":"https:\/\/schema.org","@graph":[{"@type":"Article","@id":"https:\/\/instituciones.gtm.sld.cu\/hppap\/estrategia-cubana-para-la-prevencion-y-el-control-de-enfermedades-no-transmisibles\/#article","isPartOf":{"@id":"https:\/\/instituciones.gtm.sld.cu\/hppap\/estrategia-cubana-para-la-prevencion-y-el-control-de-enfermedades-no-transmisibles\/"},"author":{"name":"","@id":""},"headline":"Estrategia cubana para la prevenci\u00f3n y el control de enfermedades no transmisibles","datePublished":"2022-10-19T18:39:01+00:00","dateModified":"2022-10-19T18:40:21+00:00","mainEntityOfPage":{"@id":"https:\/\/instituciones.gtm.sld.cu\/hppap\/estrategia-cubana-para-la-prevencion-y-el-control-de-enfermedades-no-transmisibles\/"},"wordCount":202,"commentCount":0,"publisher":{"@id":"https:\/\/instituciones.gtm.sld.cu\/hppap\/#organization"},"articleSection":["Noticias"],"inLanguage":"es","potentialAction":[{"@type":"CommentAction","name":"Comment","target":["https:\/\/instituciones.gtm.sld.cu\/hppap\/estrategia-cubana-para-la-prevencion-y-el-control-de-enfermedades-no-transmisibles\/#respond"]}]},{"@type":"WebPage","@id":"https:\/\/instituciones.gtm.sld.cu\/hppap\/estrategia-cubana-para-la-prevencion-y-el-control-de-enfermedades-no-transmisibles\/","url":"https:\/\/instituciones.gtm.sld.cu\/hppap\/estrategia-cubana-para-la-prevencion-y-el-control-de-enfermedades-no-transmisibles\/","name":"Estrategia cubana para la prevenci\u00f3n y el control de enfermedades no transmisibles - Hospital Pedi\u00e1trico &quot;Pedro Agust\u00edn P\u00e9rez&quot;","isPartOf":{"@id":"https:\/\/instituciones.gtm.sld.cu\/hppap\/#website"},"datePublished":"2022-10-19T18:39:01+00:00","dateModified":"2022-10-19T18:40:21+00:00","breadcrumb":{"@id":"https:\/\/instituciones.gtm.sld.cu\/hppap\/estrategia-cubana-para-la-prevencion-y-el-control-de-enfermedades-no-transmisibles\/#breadcrumb"},"inLanguage":"es","potentialAction":[{"@type":"ReadAction","target":["https:\/\/instituciones.gtm.sld.cu\/hppap\/estrategia-cubana-para-la-prevencion-y-el-control-de-enfermedades-no-transmisibles\/"]}]},{"@type":"BreadcrumbList","@id":"https:\/\/instituciones.gtm.sld.cu\/hppap\/estrategia-cubana-para-la-prevencion-y-el-control-de-enfermedades-no-transmisibles\/#breadcrumb","itemListElement":[{"@type":"ListItem","position":1,"name":"Inicio","item":"https:\/\/instituciones.gtm.sld.cu\/hppap\/"},{"@type":"ListItem","position":2,"name":"Estrategia cubana para la prevenci\u00f3n y el control de enfermedades no transmisibles"}]},{"@type":"WebSite","@id":"https:\/\/instituciones.gtm.sld.cu\/hppap\/#website","url":"https:\/\/instituciones.gtm.sld.cu\/hppap\/","name":"Hospital Pedi\u00e1trico \"Pedro Agust\u00edn P\u00e9rez\"","description":"","publisher":{"@id":"https:\/\/instituciones.gtm.sld.cu\/hppap\/#organization"},"potentialAction":[{"@type":"SearchAction","target":{"@type":"EntryPoint","urlTemplate":"https:\/\/instituciones.gtm.sld.cu\/hppap\/?s={search_term_string}"},"query-input":"required name=search_term_string"}],"inLanguage":"es"},{"@type":"Organization","@id":"https:\/\/instituciones.gtm.sld.cu\/hppap\/#organization","name":"Hospital Pedi\u00e1trico \"Pedro Agust\u00edn P\u00e9rez\"","url":"https:\/\/instituciones.gtm.sld.cu\/hppap\/","logo":{"@type":"ImageObject","inLanguage":"es","@id":"https:\/\/instituciones.gtm.sld.cu\/hppap\/#\/schema\/logo\/image\/","url":"https:\/\/instituciones.gtm.sld.cu\/hppap\/wp-content\/uploads\/sites\/37\/2024\/05\/299145640_582996300017682_8206920265837739482_n-1.jpg","contentUrl":"https:\/\/instituciones.gtm.sld.cu\/hppap\/wp-content\/uploads\/sites\/37\/2024\/05\/299145640_582996300017682_8206920265837739482_n-1.jpg","width":960,"height":479,"caption":"Hospital Pedi\u00e1trico \"Pedro Agust\u00edn P\u00e9rez\""},"image":{"@id":"https:\/\/instituciones.gtm.sld.cu\/hppap\/#\/schema\/logo\/image\/"}},{"@type":"Person","@id":"","url":"https:\/\/instituciones.gtm.sld.cu\/hppap\/author\/"}]}},"jetpack_featured_media_url":"","_links":{"self":[{"href":"https:\/\/instituciones.gtm.sld.cu\/hppap\/wp-json\/wp\/v2\/posts\/3047"}],"collection":[{"href":"https:\/\/instituciones.gtm.sld.cu\/hppap\/wp-json\/wp\/v2\/posts"}],"about":[{"href":"https:\/\/instituciones.gtm.sld.cu\/hppap\/wp-json\/wp\/v2\/types\/post"}],"author":[{"embeddable":true,"href":"https:\/\/instituciones.gtm.sld.cu\/hppap\/wp-json\/wp\/v2\/users\/18"}],"replies":[{"embeddable":true,"href":"https:\/\/instituciones.gtm.sld.cu\/hppap\/wp-json\/wp\/v2\/comments?post=3047"}],"version-history":[{"count":3,"href":"https:\/\/instituciones.gtm.sld.cu\/hppap\/wp-json\/wp\/v2\/posts\/3047\/revisions"}],"predecessor-version":[{"id":3051,"href":"https:\/\/instituciones.gtm.sld.cu\/hppap\/wp-json\/wp\/v2\/posts\/3047\/revisions\/3051"}],"wp:attachment":[{"href":"https:\/\/instituciones.gtm.sld.cu\/hppap\/wp-json\/wp\/v2\/media?parent=3047"}],"wp:term":[{"taxonomy":"category","embeddable":true,"href":"https:\/\/instituciones.gtm.sld.cu\/hppap\/wp-json\/wp\/v2\/categories?post=3047"},{"taxonomy":"post_tag","embeddable":true,"href":"https:\/\/instituciones.gtm.sld.cu\/hppap\/wp-json\/wp\/v2\/tags?post=3047"}],"curies":[{"name":"wp","href":"https:\/\/api.w.org\/{rel}","templated":true}]}}