{"id":3133,"date":"2022-12-20T16:53:07","date_gmt":"2022-12-20T16:53:07","guid":{"rendered":"https:\/\/instituciones.gtm.sld.cu\/hppap\/?p=3133"},"modified":"2022-12-21T18:17:37","modified_gmt":"2022-12-21T18:17:37","slug":"otorgan-premio-anual-de-salud-a-investigacion-sobre-vacunacion-contra-covid-19","status":"publish","type":"post","link":"https:\/\/instituciones.gtm.sld.cu\/hppap\/otorgan-premio-anual-de-salud-a-investigacion-sobre-vacunacion-contra-covid-19\/","title":{"rendered":"Otorgan Premio Anual de Salud a investigaci\u00f3n sobre vacunaci\u00f3n contra COVID-19"},"content":{"rendered":"<p><strong><img decoding=\"async\" class=\"alignleft wp-image-3135 size-thumbnail\" src=\"https:\/\/instituciones.gtm.sld.cu\/hppap\/wp-content\/uploads\/sites\/37\/2022\/12\/premio-vacunas-150x150.jpeg\" alt=\"\" width=\"150\" height=\"150\" \/><\/strong><strong>La investigaci\u00f3n \u201cVacunaci\u00f3n contra la COVID-19 en Cuba: una experiencia exitosa de estrategia innovadora en la salud\u201d, recibi\u00f3 este jueves el Gran Premio Anual de la Salud, mayor reconocimiento que otorga el Ministerio de Salud P\u00fablica (Minsap) a los resultados cient\u00edficos m\u00e1s relevantes en ese campo.<\/strong><\/p>\n<p>El estudio, integrado por un colectivo de 50 autores, mereci\u00f3 el galard\u00f3n por la haza\u00f1a que represent\u00f3 la inmunizaci\u00f3n en t\u00e9rminos organizativos, cient\u00edficos y sanitarios, el alto grado de complejidad como intervenci\u00f3n sanitaria, por su elevado nivel de trans y multidisciplinariedad, por los esfuerzos intersectoriales y la decisiva contribuci\u00f3n realizada al control de la epidemia por COVID-19 en Cuba.<\/p>\n<p>En el acto de premiaci\u00f3n de esta edici\u00f3n 45 del concurso, presidido por Jorge Luis Broche Lorenzo, miembro del Secretariado y Jefe del Departamento de Atenci\u00f3n al Sector Social del Comit\u00e9 Central del Partido, y Jos\u00e9 Angel Portal Miranda, ministro de Salud P\u00fablica, se ratific\u00f3 que los dos a\u00f1os de pandemia de COVID-19 no afectaron la labor cient\u00edfica de los profesionales del sector, sino que se convirtieron en una etapa muy fruct\u00edfera para la actividad de ciencia e innovaci\u00f3n.<\/p>\n<p>Pedro V\u00e9liz Mart\u00ednez, director del Consejo Nacional de Sociedades Cient\u00edficas de la Salud, expres\u00f3 que\u00a0<strong>el jurado del Premio Anual estuvo compuesto por 45 Doctores en Ciencias de todo el pa\u00eds y participaron m\u00e1s de 50 expertos que evaluaron los 399 trabajos concursantes, 206 m\u00e1s que la edici\u00f3n anterior<\/strong>.<\/p>\n<p>En esta ocasi\u00f3n unos 70 premios fueron entregados en las categor\u00edas de trabajo estudiantil, tesis de especialidades, maestr\u00edas y doctorales, por la relevante visibilidad cient\u00edfica, art\u00edculos cient\u00edficos, investigaci\u00f3n aplicada, investigaci\u00f3n tecnol\u00f3gica, teor\u00eda cient\u00edfica y libros.<\/p>\n<p>leana Morales Su\u00e1rez, directora de Ciencia e Innovaci\u00f3n Tecnol\u00f3gica del Minsap, se\u00f1al\u00f3 que la ciencia cubana en el campo de la salud ha tenido en su devenir hist\u00f3rico relevantes figuras que contribuyeron a la creaci\u00f3n de paradigmas que se mantienen hasta nuestros d\u00edas, los que sirven de inspiraci\u00f3n y sustento a las generaciones actuales.<\/p>\n<p>El Premio Anual, dijo, constituye el momento final de una etapa de intenso trabajo de selecci\u00f3n y presentaci\u00f3n de los m\u00e1s relevantes resultados, y en estos dos a\u00f1os, como nunca antes, los cient\u00edficos y profesionales investigaron de manera intensa sobre un mismo tema: la COVID-19.<\/p>\n<p>Para la doctora el 2023 llegar\u00e1 con muchos desaf\u00edos relacionados con el desarrollo del Sistema Nacional de Salud, la ciencia cubana, sus cient\u00edficos, acad\u00e9micos, profesionales y expertos, quienes continuar\u00e1n trabajando para acompa\u00f1ar cada paso de este proceso de perfeccionamiento necesario y permanente en favor de la vida.<\/p>\n<p><strong>(Con informaci\u00f3n del Ministerio de Salud P\u00fablica)<\/strong><\/p>\n<p><strong>(Tomado de Cubadebate)<\/strong><\/p>\n","protected":false},"excerpt":{"rendered":"<p>(Tomado de Cubadebate)La investigaci\u00f3n \u201cVacunaci\u00f3n contra la COVID-19 en Cuba: una experiencia exitosa de estrategia innovadora en la salud\u201d, recibi\u00f3 este jueves el Gran Premio Anual de la Salud, mayor reconocimiento que otorga el Ministerio de Salud P\u00fablica (Minsap) a los resultados cient\u00edficos m\u00e1s relevantes en ese campo.<\/p><p><a class=\"more-link btn\" href=\"https:\/\/instituciones.gtm.sld.cu\/hppap\/otorgan-premio-anual-de-salud-a-investigacion-sobre-vacunacion-contra-covid-19\/\">Seguir leyendo<\/a><\/p>\n","protected":false},"author":95,"featured_media":3135,"comment_status":"open","ping_status":"open","sticky":false,"template":"","format":"standard","meta":{"ngg_post_thumbnail":0},"categories":[5],"tags":[],"yoast_head":"<!-- This site is optimized with the Yoast SEO plugin v21.8 - https:\/\/yoast.com\/wordpress\/plugins\/seo\/ -->\n<title>Otorgan Premio Anual de Salud a investigaci\u00f3n sobre vacunaci\u00f3n contra COVID-19 - Hospital Pedi\u00e1trico &quot;Pedro Agust\u00edn P\u00e9rez&quot;<\/title>\n<meta name=\"robots\" content=\"index, follow, max-snippet:-1, max-image-preview:large, max-video-preview:-1\" \/>\n<link rel=\"canonical\" href=\"https:\/\/instituciones.gtm.sld.cu\/hppap\/otorgan-premio-anual-de-salud-a-investigacion-sobre-vacunacion-contra-covid-19\/\" \/>\n<meta property=\"og:locale\" content=\"es_ES\" \/>\n<meta property=\"og:type\" content=\"article\" \/>\n<meta property=\"og:title\" content=\"Otorgan Premio Anual de Salud a investigaci\u00f3n sobre vacunaci\u00f3n contra COVID-19 - Hospital Pedi\u00e1trico &quot;Pedro Agust\u00edn P\u00e9rez&quot;\" \/>\n<meta property=\"og:description\" content=\"(Tomado de Cubadebate)La investigaci\u00f3n \u201cVacunaci\u00f3n contra la COVID-19 en Cuba: una experiencia exitosa de estrategia innovadora en la salud\u201d, recibi\u00f3 este jueves el Gran Premio Anual de la Salud, mayor reconocimiento que otorga el Ministerio de Salud P\u00fablica (Minsap) a los resultados cient\u00edficos m\u00e1s relevantes en ese campo.\" \/>\n<meta property=\"og:url\" content=\"https:\/\/instituciones.gtm.sld.cu\/hppap\/otorgan-premio-anual-de-salud-a-investigacion-sobre-vacunacion-contra-covid-19\/\" \/>\n<meta property=\"og:site_name\" content=\"Hospital Pedi\u00e1trico &quot;Pedro Agust\u00edn P\u00e9rez&quot;\" \/>\n<meta property=\"article:published_time\" content=\"2022-12-20T16:53:07+00:00\" \/>\n<meta property=\"article:modified_time\" content=\"2022-12-21T18:17:37+00:00\" \/>\n<meta property=\"og:image\" content=\"https:\/\/instituciones.gtm.sld.cu\/hppap\/wp-content\/uploads\/sites\/37\/2022\/12\/premio-vacunas-e1671646783300.jpeg\" \/>\n\t<meta property=\"og:image:width\" content=\"406\" \/>\n\t<meta property=\"og:image:height\" content=\"293\" \/>\n\t<meta property=\"og:image:type\" content=\"image\/jpeg\" \/>\n<meta name=\"author\" content=\"hppap\" \/>\n<meta name=\"twitter:card\" content=\"summary_large_image\" \/>\n<meta name=\"twitter:label1\" content=\"Escrito por\" \/>\n\t<meta name=\"twitter:data1\" content=\"hppap\" \/>\n\t<meta name=\"twitter:label2\" content=\"Tiempo de lectura\" \/>\n\t<meta name=\"twitter:data2\" content=\"2 minutos\" \/>\n<script type=\"application\/ld+json\" class=\"yoast-schema-graph\">{\"@context\":\"https:\/\/schema.org\",\"@graph\":[{\"@type\":\"Article\",\"@id\":\"https:\/\/instituciones.gtm.sld.cu\/hppap\/otorgan-premio-anual-de-salud-a-investigacion-sobre-vacunacion-contra-covid-19\/#article\",\"isPartOf\":{\"@id\":\"https:\/\/instituciones.gtm.sld.cu\/hppap\/otorgan-premio-anual-de-salud-a-investigacion-sobre-vacunacion-contra-covid-19\/\"},\"author\":{\"name\":\"hppap\",\"@id\":\"https:\/\/instituciones.gtm.sld.cu\/hppap\/#\/schema\/person\/7605b57472329db26d514bb3a399f602\"},\"headline\":\"Otorgan Premio Anual de Salud a investigaci\u00f3n sobre vacunaci\u00f3n contra COVID-19\",\"datePublished\":\"2022-12-20T16:53:07+00:00\",\"dateModified\":\"2022-12-21T18:17:37+00:00\",\"mainEntityOfPage\":{\"@id\":\"https:\/\/instituciones.gtm.sld.cu\/hppap\/otorgan-premio-anual-de-salud-a-investigacion-sobre-vacunacion-contra-covid-19\/\"},\"wordCount\":487,\"commentCount\":0,\"publisher\":{\"@id\":\"https:\/\/instituciones.gtm.sld.cu\/hppap\/#organization\"},\"articleSection\":[\"Noticias\"],\"inLanguage\":\"es\",\"potentialAction\":[{\"@type\":\"CommentAction\",\"name\":\"Comment\",\"target\":[\"https:\/\/instituciones.gtm.sld.cu\/hppap\/otorgan-premio-anual-de-salud-a-investigacion-sobre-vacunacion-contra-covid-19\/#respond\"]}]},{\"@type\":\"WebPage\",\"@id\":\"https:\/\/instituciones.gtm.sld.cu\/hppap\/otorgan-premio-anual-de-salud-a-investigacion-sobre-vacunacion-contra-covid-19\/\",\"url\":\"https:\/\/instituciones.gtm.sld.cu\/hppap\/otorgan-premio-anual-de-salud-a-investigacion-sobre-vacunacion-contra-covid-19\/\",\"name\":\"Otorgan Premio Anual de Salud a investigaci\u00f3n sobre vacunaci\u00f3n contra COVID-19 - Hospital Pedi\u00e1trico &quot;Pedro Agust\u00edn P\u00e9rez&quot;\",\"isPartOf\":{\"@id\":\"https:\/\/instituciones.gtm.sld.cu\/hppap\/#website\"},\"datePublished\":\"2022-12-20T16:53:07+00:00\",\"dateModified\":\"2022-12-21T18:17:37+00:00\",\"breadcrumb\":{\"@id\":\"https:\/\/instituciones.gtm.sld.cu\/hppap\/otorgan-premio-anual-de-salud-a-investigacion-sobre-vacunacion-contra-covid-19\/#breadcrumb\"},\"inLanguage\":\"es\",\"potentialAction\":[{\"@type\":\"ReadAction\",\"target\":[\"https:\/\/instituciones.gtm.sld.cu\/hppap\/otorgan-premio-anual-de-salud-a-investigacion-sobre-vacunacion-contra-covid-19\/\"]}]},{\"@type\":\"BreadcrumbList\",\"@id\":\"https:\/\/instituciones.gtm.sld.cu\/hppap\/otorgan-premio-anual-de-salud-a-investigacion-sobre-vacunacion-contra-covid-19\/#breadcrumb\",\"itemListElement\":[{\"@type\":\"ListItem\",\"position\":1,\"name\":\"Inicio\",\"item\":\"https:\/\/instituciones.gtm.sld.cu\/hppap\/\"},{\"@type\":\"ListItem\",\"position\":2,\"name\":\"Otorgan Premio Anual de Salud a investigaci\u00f3n sobre vacunaci\u00f3n contra COVID-19\"}]},{\"@type\":\"WebSite\",\"@id\":\"https:\/\/instituciones.gtm.sld.cu\/hppap\/#website\",\"url\":\"https:\/\/instituciones.gtm.sld.cu\/hppap\/\",\"name\":\"Hospital Pedi\u00e1trico \\\"Pedro Agust\u00edn P\u00e9rez\\\"\",\"description\":\"\",\"publisher\":{\"@id\":\"https:\/\/instituciones.gtm.sld.cu\/hppap\/#organization\"},\"potentialAction\":[{\"@type\":\"SearchAction\",\"target\":{\"@type\":\"EntryPoint\",\"urlTemplate\":\"https:\/\/instituciones.gtm.sld.cu\/hppap\/?s={search_term_string}\"},\"query-input\":\"required name=search_term_string\"}],\"inLanguage\":\"es\"},{\"@type\":\"Organization\",\"@id\":\"https:\/\/instituciones.gtm.sld.cu\/hppap\/#organization\",\"name\":\"Hospital Pedi\u00e1trico \\\"Pedro Agust\u00edn P\u00e9rez\\\"\",\"url\":\"https:\/\/instituciones.gtm.sld.cu\/hppap\/\",\"logo\":{\"@type\":\"ImageObject\",\"inLanguage\":\"es\",\"@id\":\"https:\/\/instituciones.gtm.sld.cu\/hppap\/#\/schema\/logo\/image\/\",\"url\":\"https:\/\/instituciones.gtm.sld.cu\/hppap\/wp-content\/uploads\/sites\/37\/2024\/05\/299145640_582996300017682_8206920265837739482_n-1.jpg\",\"contentUrl\":\"https:\/\/instituciones.gtm.sld.cu\/hppap\/wp-content\/uploads\/sites\/37\/2024\/05\/299145640_582996300017682_8206920265837739482_n-1.jpg\",\"width\":960,\"height\":479,\"caption\":\"Hospital Pedi\u00e1trico \\\"Pedro Agust\u00edn P\u00e9rez\\\"\"},\"image\":{\"@id\":\"https:\/\/instituciones.gtm.sld.cu\/hppap\/#\/schema\/logo\/image\/\"}},{\"@type\":\"Person\",\"@id\":\"https:\/\/instituciones.gtm.sld.cu\/hppap\/#\/schema\/person\/7605b57472329db26d514bb3a399f602\",\"name\":\"hppap\",\"url\":\"https:\/\/instituciones.gtm.sld.cu\/hppap\/author\/hppap\/\"}]}<\/script>\n<!-- \/ Yoast SEO plugin. -->","yoast_head_json":{"title":"Otorgan Premio Anual de Salud a investigaci\u00f3n sobre vacunaci\u00f3n contra COVID-19 - Hospital Pedi\u00e1trico &quot;Pedro Agust\u00edn P\u00e9rez&quot;","robots":{"index":"index","follow":"follow","max-snippet":"max-snippet:-1","max-image-preview":"max-image-preview:large","max-video-preview":"max-video-preview:-1"},"canonical":"https:\/\/instituciones.gtm.sld.cu\/hppap\/otorgan-premio-anual-de-salud-a-investigacion-sobre-vacunacion-contra-covid-19\/","og_locale":"es_ES","og_type":"article","og_title":"Otorgan Premio Anual de Salud a investigaci\u00f3n sobre vacunaci\u00f3n contra COVID-19 - Hospital Pedi\u00e1trico &quot;Pedro Agust\u00edn P\u00e9rez&quot;","og_description":"(Tomado de Cubadebate)La investigaci\u00f3n \u201cVacunaci\u00f3n contra la COVID-19 en Cuba: una experiencia exitosa de estrategia innovadora en la salud\u201d, recibi\u00f3 este jueves el Gran Premio Anual de la Salud, mayor reconocimiento que otorga el Ministerio de Salud P\u00fablica (Minsap) a los resultados cient\u00edficos m\u00e1s relevantes en ese campo.","og_url":"https:\/\/instituciones.gtm.sld.cu\/hppap\/otorgan-premio-anual-de-salud-a-investigacion-sobre-vacunacion-contra-covid-19\/","og_site_name":"Hospital Pedi\u00e1trico &quot;Pedro Agust\u00edn P\u00e9rez&quot;","article_published_time":"2022-12-20T16:53:07+00:00","article_modified_time":"2022-12-21T18:17:37+00:00","og_image":[{"width":406,"height":293,"url":"https:\/\/instituciones.gtm.sld.cu\/hppap\/wp-content\/uploads\/sites\/37\/2022\/12\/premio-vacunas-e1671646783300.jpeg","type":"image\/jpeg"}],"author":"hppap","twitter_card":"summary_large_image","twitter_misc":{"Escrito por":"hppap","Tiempo de lectura":"2 minutos"},"schema":{"@context":"https:\/\/schema.org","@graph":[{"@type":"Article","@id":"https:\/\/instituciones.gtm.sld.cu\/hppap\/otorgan-premio-anual-de-salud-a-investigacion-sobre-vacunacion-contra-covid-19\/#article","isPartOf":{"@id":"https:\/\/instituciones.gtm.sld.cu\/hppap\/otorgan-premio-anual-de-salud-a-investigacion-sobre-vacunacion-contra-covid-19\/"},"author":{"name":"hppap","@id":"https:\/\/instituciones.gtm.sld.cu\/hppap\/#\/schema\/person\/7605b57472329db26d514bb3a399f602"},"headline":"Otorgan Premio Anual de Salud a investigaci\u00f3n sobre vacunaci\u00f3n contra COVID-19","datePublished":"2022-12-20T16:53:07+00:00","dateModified":"2022-12-21T18:17:37+00:00","mainEntityOfPage":{"@id":"https:\/\/instituciones.gtm.sld.cu\/hppap\/otorgan-premio-anual-de-salud-a-investigacion-sobre-vacunacion-contra-covid-19\/"},"wordCount":487,"commentCount":0,"publisher":{"@id":"https:\/\/instituciones.gtm.sld.cu\/hppap\/#organization"},"articleSection":["Noticias"],"inLanguage":"es","potentialAction":[{"@type":"CommentAction","name":"Comment","target":["https:\/\/instituciones.gtm.sld.cu\/hppap\/otorgan-premio-anual-de-salud-a-investigacion-sobre-vacunacion-contra-covid-19\/#respond"]}]},{"@type":"WebPage","@id":"https:\/\/instituciones.gtm.sld.cu\/hppap\/otorgan-premio-anual-de-salud-a-investigacion-sobre-vacunacion-contra-covid-19\/","url":"https:\/\/instituciones.gtm.sld.cu\/hppap\/otorgan-premio-anual-de-salud-a-investigacion-sobre-vacunacion-contra-covid-19\/","name":"Otorgan Premio Anual de Salud a investigaci\u00f3n sobre vacunaci\u00f3n contra COVID-19 - Hospital Pedi\u00e1trico &quot;Pedro Agust\u00edn P\u00e9rez&quot;","isPartOf":{"@id":"https:\/\/instituciones.gtm.sld.cu\/hppap\/#website"},"datePublished":"2022-12-20T16:53:07+00:00","dateModified":"2022-12-21T18:17:37+00:00","breadcrumb":{"@id":"https:\/\/instituciones.gtm.sld.cu\/hppap\/otorgan-premio-anual-de-salud-a-investigacion-sobre-vacunacion-contra-covid-19\/#breadcrumb"},"inLanguage":"es","potentialAction":[{"@type":"ReadAction","target":["https:\/\/instituciones.gtm.sld.cu\/hppap\/otorgan-premio-anual-de-salud-a-investigacion-sobre-vacunacion-contra-covid-19\/"]}]},{"@type":"BreadcrumbList","@id":"https:\/\/instituciones.gtm.sld.cu\/hppap\/otorgan-premio-anual-de-salud-a-investigacion-sobre-vacunacion-contra-covid-19\/#breadcrumb","itemListElement":[{"@type":"ListItem","position":1,"name":"Inicio","item":"https:\/\/instituciones.gtm.sld.cu\/hppap\/"},{"@type":"ListItem","position":2,"name":"Otorgan Premio Anual de Salud a investigaci\u00f3n sobre vacunaci\u00f3n contra COVID-19"}]},{"@type":"WebSite","@id":"https:\/\/instituciones.gtm.sld.cu\/hppap\/#website","url":"https:\/\/instituciones.gtm.sld.cu\/hppap\/","name":"Hospital Pedi\u00e1trico \"Pedro Agust\u00edn P\u00e9rez\"","description":"","publisher":{"@id":"https:\/\/instituciones.gtm.sld.cu\/hppap\/#organization"},"potentialAction":[{"@type":"SearchAction","target":{"@type":"EntryPoint","urlTemplate":"https:\/\/instituciones.gtm.sld.cu\/hppap\/?s={search_term_string}"},"query-input":"required name=search_term_string"}],"inLanguage":"es"},{"@type":"Organization","@id":"https:\/\/instituciones.gtm.sld.cu\/hppap\/#organization","name":"Hospital Pedi\u00e1trico \"Pedro Agust\u00edn P\u00e9rez\"","url":"https:\/\/instituciones.gtm.sld.cu\/hppap\/","logo":{"@type":"ImageObject","inLanguage":"es","@id":"https:\/\/instituciones.gtm.sld.cu\/hppap\/#\/schema\/logo\/image\/","url":"https:\/\/instituciones.gtm.sld.cu\/hppap\/wp-content\/uploads\/sites\/37\/2024\/05\/299145640_582996300017682_8206920265837739482_n-1.jpg","contentUrl":"https:\/\/instituciones.gtm.sld.cu\/hppap\/wp-content\/uploads\/sites\/37\/2024\/05\/299145640_582996300017682_8206920265837739482_n-1.jpg","width":960,"height":479,"caption":"Hospital Pedi\u00e1trico \"Pedro Agust\u00edn P\u00e9rez\""},"image":{"@id":"https:\/\/instituciones.gtm.sld.cu\/hppap\/#\/schema\/logo\/image\/"}},{"@type":"Person","@id":"https:\/\/instituciones.gtm.sld.cu\/hppap\/#\/schema\/person\/7605b57472329db26d514bb3a399f602","name":"hppap","url":"https:\/\/instituciones.gtm.sld.cu\/hppap\/author\/hppap\/"}]}},"jetpack_featured_media_url":"https:\/\/instituciones.gtm.sld.cu\/hppap\/wp-content\/uploads\/sites\/37\/2022\/12\/premio-vacunas-e1671646783300.jpeg","_links":{"self":[{"href":"https:\/\/instituciones.gtm.sld.cu\/hppap\/wp-json\/wp\/v2\/posts\/3133"}],"collection":[{"href":"https:\/\/instituciones.gtm.sld.cu\/hppap\/wp-json\/wp\/v2\/posts"}],"about":[{"href":"https:\/\/instituciones.gtm.sld.cu\/hppap\/wp-json\/wp\/v2\/types\/post"}],"author":[{"embeddable":true,"href":"https:\/\/instituciones.gtm.sld.cu\/hppap\/wp-json\/wp\/v2\/users\/95"}],"replies":[{"embeddable":true,"href":"https:\/\/instituciones.gtm.sld.cu\/hppap\/wp-json\/wp\/v2\/comments?post=3133"}],"version-history":[{"count":3,"href":"https:\/\/instituciones.gtm.sld.cu\/hppap\/wp-json\/wp\/v2\/posts\/3133\/revisions"}],"predecessor-version":[{"id":3177,"href":"https:\/\/instituciones.gtm.sld.cu\/hppap\/wp-json\/wp\/v2\/posts\/3133\/revisions\/3177"}],"wp:featuredmedia":[{"embeddable":true,"href":"https:\/\/instituciones.gtm.sld.cu\/hppap\/wp-json\/wp\/v2\/media\/3135"}],"wp:attachment":[{"href":"https:\/\/instituciones.gtm.sld.cu\/hppap\/wp-json\/wp\/v2\/media?parent=3133"}],"wp:term":[{"taxonomy":"category","embeddable":true,"href":"https:\/\/instituciones.gtm.sld.cu\/hppap\/wp-json\/wp\/v2\/categories?post=3133"},{"taxonomy":"post_tag","embeddable":true,"href":"https:\/\/instituciones.gtm.sld.cu\/hppap\/wp-json\/wp\/v2\/tags?post=3133"}],"curies":[{"name":"wp","href":"https:\/\/api.w.org\/{rel}","templated":true}]}}