{"id":3344,"date":"2023-02-23T01:49:04","date_gmt":"2023-02-23T01:49:04","guid":{"rendered":"https:\/\/instituciones.gtm.sld.cu\/hppap\/?p=3344"},"modified":"2023-07-04T19:51:31","modified_gmt":"2023-07-04T19:51:31","slug":"convocatoria-al-v-taller-de-enfermedades-raras","status":"publish","type":"post","link":"https:\/\/instituciones.gtm.sld.cu\/hppap\/convocatoria-al-v-taller-de-enfermedades-raras\/","title":{"rendered":"Convocatoria al V Taller de Enfermedades Raras"},"content":{"rendered":"<p style=\"text-align: justify\">El <strong>D\u00eda de las Enfermedades Raras<\/strong> es un d\u00eda festivo celebrado el \u00faltimo d\u00eda del mes de febrero, para crear conciencia sobre las enfermedades raras y mejorar el acceso al tratamiento y a la representaci\u00f3n m\u00e9dica de los individuos con alguna enfermedad rara y sus familiares.<\/p>\n<p style=\"text-align: justify\"><!--more--><\/p>\n<p style=\"text-align: justify\"><img decoding=\"async\" class=\"alignnone wp-image-3345 size-thumbnail\" src=\"https:\/\/instituciones.gtm.sld.cu\/hppap\/wp-content\/uploads\/sites\/37\/2023\/02\/images-e1677116936483-150x150.jpg\" alt=\"\" width=\"150\" height=\"150\" \/><\/p>\n<p style=\"text-align: justify\">Fue establecido en 2008, escogi\u00e9ndose un <strong>29 de febrero<\/strong> ya que es \u00abun d\u00eda raro\u00bb. El motivo de su creaci\u00f3n, seg\u00fan la Organizaci\u00f3n Europea para las Enfermedades Raras (EURORDIS, por sus siglas en ingl\u00e9s), atiende al insuficiente tratamiento que existe de muchas enfermedades raras, as\u00ed como a la carencia de redes sociales de apoyo a los individuos con enfermedades raras y sus familias.<\/p>\n<p style=\"text-align: justify\">El Cap\u00edtulo de Pediatr\u00eda, el Departamento Provincial de Gen\u00e9tica M\u00e9dica y el Hospital Pedi\u00e1trico Docente \u201cPedro Agust\u00edn P\u00e9rez\u201d de Guant\u00e1namo, convocan a participar en el V Taller de Enfermedades Raras para demostrar el manejo ante este grupo de enfermedades que padecen los ni\u00f1os, ni\u00f1as y adolescentes en el pa\u00eds, una mirada al presente, sus retos y desaf\u00edos<\/p>\n<p style=\"text-align: justify\"><strong>&#8211; Car\u00e1cter:<\/strong> Provincial<\/p>\n<p style=\"text-align: justify\"><strong>&#8211; Sede del Evento:<\/strong> Hospital Provincial Pedi\u00e1trico Docente \u201cPedro Agust\u00edn P\u00e9rez\u201d Guant\u00e1namo<\/p>\n<p style=\"text-align: justify\"><strong>&#8211; Cap\u00edtulo o Instituci\u00f3n que convoca el evento:<\/strong> Cap\u00edtulo de Pediatr\u00eda &#8211; Hospital Pedi\u00e1trico Docente Pedro Agust\u00edn P\u00e9rez<\/p>\n<p style=\"text-align: justify\"><strong>&#8211; Fecha:<\/strong> 28 de febrero 2023<\/p>\n<p style=\"text-align: justify\"><strong>&#8211; Auspiciadores del Evento:<\/strong> Universidad de Ciencias M\u00e9dicas, Departamento Provincial de Gen\u00e9tica M\u00e9dica, Hospital Pedi\u00e1trico Docente \u201cPedro Agust\u00edn P\u00e9rez\u201d de Guant\u00e1namo<\/p>\n<p style=\"text-align: justify\"><strong>&#8211; Tem\u00e1ticas centrales del Evento:<\/strong><\/p>\n<p style=\"text-align: justify\">Comportamiento de la morbilidad y mortalidad en edad pedi\u00e1trica por defectos cong\u00e9nitos.<\/p>\n<p style=\"text-align: justify\">La prevenci\u00f3n y el diagn\u00f3stico precoz de los defectos cong\u00e9nitos.<\/p>\n<p style=\"text-align: justify\">Algunos aspectos cl\u00ednicos epidemiol\u00f3gicos de las enfermedades raras en la provincia<\/p>\n<p style=\"text-align: justify\">Calidad de vida de los ni\u00f1os, ni\u00f1as y adolescentes que padecen enfermedades raras.<\/p>\n<p style=\"text-align: justify\">Atenci\u00f3n m\u00e9dica y multidisciplinaria de los ni\u00f1os,\u00a0 las ni\u00f1as y adolescentes que padecen enfermedades raras<\/p>\n<p style=\"text-align: justify\">Los trabajos pueden presentarse en las siguientes modalidades: Tema libre, cartel, mesa redonda<\/p>\n<p style=\"text-align: justify\"><strong>Comit\u00e9\u00a0 organizador<\/strong><\/p>\n<p style=\"text-align: justify\">Dr Francisco Marsill\u00ed Faure \u00a0\u00a0\u00a0\u00a0\u00a0\u00a0\u00a0\u00a0\u00a0\u00a0\u00a0\u00a0\u00a0\u00a0\u00a0\u00a0\u00a0\u00a0\u00a0\u00a0\u00a0\u00a0\u00a0\u00a0\u00a0\u00a0\u00a0\u00a0\u00a0\u00a0\u00a0\u00a0\u00a0\u00a0\u00a0\u00a0\u00a0 Comit\u00e9 Cient\u00edfico<\/p>\n<p style=\"text-align: justify\">Dra Limnet\u00a0\u00a0 Crem\u00e9\u00a0 Lambert\u00a0\u00a0\u00a0\u00a0\u00a0\u00a0\u00a0\u00a0\u00a0\u00a0\u00a0\u00a0\u00a0 \u00a0\u00a0\u00a0\u00a0\u00a0\u00a0\u00a0\u00a0\u00a0\u00a0\u00a0\u00a0\u00a0\u00a0\u00a0\u00a0\u00a0\u00a0\u00a0\u00a0 Dra Ruth Rub\u00e1n N\u00e1poles<\/p>\n<p style=\"text-align: justify\">Dra Mireya Lamas Avila\u00a0\u00a0\u00a0\u00a0\u00a0\u00a0\u00a0\u00a0\u00a0\u00a0\u00a0\u00a0\u00a0\u00a0\u00a0\u00a0\u00a0\u00a0\u00a0\u00a0\u00a0\u00a0\u00a0\u00a0\u00a0\u00a0\u00a0\u00a0\u00a0\u00a0\u00a0\u00a0\u00a0\u00a0\u00a0\u00a0\u00a0\u00a0\u00a0\u00a0\u00a0\u00a0\u00a0\u00a0\u00a0 Dr Carlos Manuel Rodriguez Marcheco<\/p>\n<p style=\"text-align: justify\">Dra Yanet Ruiz de Cabo \u00a0\u00a0\u00a0\u00a0\u00a0\u00a0\u00a0\u00a0\u00a0\u00a0\u00a0\u00a0\u00a0\u00a0\u00a0\u00a0\u00a0\u00a0\u00a0\u00a0\u00a0\u00a0\u00a0\u00a0\u00a0\u00a0\u00a0\u00a0\u00a0\u00a0\u00a0\u00a0\u00a0\u00a0\u00a0\u00a0\u00a0\u00a0\u00a0\u00a0\u00a0\u00a0\u00a0\u00a0 Dra Maidolis Tirado Soler<\/p>\n<p style=\"text-align: justify\">Dra Lissette Dorsant \u00a0Rodriguez<\/p>\n<p style=\"text-align: justify\"><strong>Fecha de admisi\u00f3n: <\/strong>20 de febrero de 2023<\/p>\n<p style=\"text-align: justify\">Enviar a<\/p>\n<p style=\"text-align: justify\"><a href=\"mailto:docpedgt@infomed.sld.cu\">docpedgt@infomed.sld.cu<\/a><\/p>\n<p style=\"text-align: justify\"><a href=\"mailto:limnetcl@infomed.sld.cu\">limnetcl@infomed.sld.cu<\/a><\/p>\n<p>Deben de enviar los res\u00famenes de los trabajos hasta el 20 de febrero al Comit\u00e9 Organizador.<\/p>\n<p>Los cursos pre eventos se realizar\u00e1n de manera presencial y online el d\u00eda 28 de febrero<\/p>\n<p>Los trabajos deben reflejar los siguientes datos personales: Nombre y apellidos, Categor\u00eda Ocupacional, Categor\u00eda Docente, CI, Centro de trabajo, Direcci\u00f3n de correo electr\u00f3nico y n\u00famero de tel\u00e9fono.<\/p>\n","protected":false},"excerpt":{"rendered":"<p>El Cap\u00edtulo de Pediatr\u00eda, el Departamento Provincial de Gen\u00e9tica M\u00e9dica y el Hospital Pedi\u00e1trico Docente \u201cPedro Agust\u00edn P\u00e9rez\u201d de Guant\u00e1namo, convocan a participar en el V Taller de Enfermedades Raras para demostrar el manejo ante este grupo de enfermedades que padecen los ni\u00f1os, ni\u00f1as y adolescentes en el pa\u00eds, una mirada al presente, sus retos y desaf\u00edos<\/p>\n","protected":false},"author":95,"featured_media":0,"comment_status":"open","ping_status":"open","sticky":false,"template":"","format":"standard","meta":{"ngg_post_thumbnail":0},"categories":[5],"tags":[],"yoast_head":"<!-- This site is optimized with the Yoast SEO plugin v21.8 - https:\/\/yoast.com\/wordpress\/plugins\/seo\/ -->\n<title>Convocatoria al V Taller de Enfermedades Raras - Hospital Pedi\u00e1trico &quot;Pedro Agust\u00edn P\u00e9rez&quot;<\/title>\n<meta name=\"robots\" content=\"index, follow, max-snippet:-1, max-image-preview:large, max-video-preview:-1\" \/>\n<link rel=\"canonical\" href=\"https:\/\/instituciones.gtm.sld.cu\/hppap\/convocatoria-al-v-taller-de-enfermedades-raras\/\" \/>\n<meta property=\"og:locale\" content=\"es_ES\" \/>\n<meta property=\"og:type\" content=\"article\" \/>\n<meta property=\"og:title\" content=\"Convocatoria al V Taller de Enfermedades Raras - Hospital Pedi\u00e1trico &quot;Pedro Agust\u00edn P\u00e9rez&quot;\" \/>\n<meta property=\"og:description\" content=\"El Cap\u00edtulo de Pediatr\u00eda, el Departamento Provincial de Gen\u00e9tica M\u00e9dica y el Hospital Pedi\u00e1trico Docente \u201cPedro Agust\u00edn P\u00e9rez\u201d de Guant\u00e1namo, convocan a participar en el V Taller de Enfermedades Raras para demostrar el manejo ante este grupo de enfermedades que padecen los ni\u00f1os, ni\u00f1as y adolescentes en el pa\u00eds, una mirada al presente, sus retos y desaf\u00edos\" \/>\n<meta property=\"og:url\" content=\"https:\/\/instituciones.gtm.sld.cu\/hppap\/convocatoria-al-v-taller-de-enfermedades-raras\/\" \/>\n<meta property=\"og:site_name\" content=\"Hospital Pedi\u00e1trico &quot;Pedro Agust\u00edn P\u00e9rez&quot;\" \/>\n<meta property=\"article:published_time\" content=\"2023-02-23T01:49:04+00:00\" \/>\n<meta property=\"article:modified_time\" content=\"2023-07-04T19:51:31+00:00\" \/>\n<meta property=\"og:image\" content=\"https:\/\/instituciones.gtm.sld.cu\/hppap\/wp-content\/uploads\/sites\/37\/2023\/02\/images-e1677116936483-150x150.jpg\" \/>\n<meta name=\"author\" content=\"hppap\" \/>\n<meta name=\"twitter:card\" content=\"summary_large_image\" \/>\n<meta name=\"twitter:label1\" content=\"Escrito por\" \/>\n\t<meta name=\"twitter:data1\" content=\"hppap\" \/>\n\t<meta name=\"twitter:label2\" content=\"Tiempo de lectura\" \/>\n\t<meta name=\"twitter:data2\" content=\"2 minutos\" \/>\n<script type=\"application\/ld+json\" class=\"yoast-schema-graph\">{\"@context\":\"https:\/\/schema.org\",\"@graph\":[{\"@type\":\"Article\",\"@id\":\"https:\/\/instituciones.gtm.sld.cu\/hppap\/convocatoria-al-v-taller-de-enfermedades-raras\/#article\",\"isPartOf\":{\"@id\":\"https:\/\/instituciones.gtm.sld.cu\/hppap\/convocatoria-al-v-taller-de-enfermedades-raras\/\"},\"author\":{\"name\":\"hppap\",\"@id\":\"https:\/\/instituciones.gtm.sld.cu\/hppap\/#\/schema\/person\/7605b57472329db26d514bb3a399f602\"},\"headline\":\"Convocatoria al V Taller de Enfermedades Raras\",\"datePublished\":\"2023-02-23T01:49:04+00:00\",\"dateModified\":\"2023-07-04T19:51:31+00:00\",\"mainEntityOfPage\":{\"@id\":\"https:\/\/instituciones.gtm.sld.cu\/hppap\/convocatoria-al-v-taller-de-enfermedades-raras\/\"},\"wordCount\":488,\"commentCount\":0,\"publisher\":{\"@id\":\"https:\/\/instituciones.gtm.sld.cu\/hppap\/#organization\"},\"articleSection\":[\"Noticias\"],\"inLanguage\":\"es\",\"potentialAction\":[{\"@type\":\"CommentAction\",\"name\":\"Comment\",\"target\":[\"https:\/\/instituciones.gtm.sld.cu\/hppap\/convocatoria-al-v-taller-de-enfermedades-raras\/#respond\"]}]},{\"@type\":\"WebPage\",\"@id\":\"https:\/\/instituciones.gtm.sld.cu\/hppap\/convocatoria-al-v-taller-de-enfermedades-raras\/\",\"url\":\"https:\/\/instituciones.gtm.sld.cu\/hppap\/convocatoria-al-v-taller-de-enfermedades-raras\/\",\"name\":\"Convocatoria al V Taller de Enfermedades Raras - Hospital Pedi\u00e1trico &quot;Pedro Agust\u00edn P\u00e9rez&quot;\",\"isPartOf\":{\"@id\":\"https:\/\/instituciones.gtm.sld.cu\/hppap\/#website\"},\"datePublished\":\"2023-02-23T01:49:04+00:00\",\"dateModified\":\"2023-07-04T19:51:31+00:00\",\"breadcrumb\":{\"@id\":\"https:\/\/instituciones.gtm.sld.cu\/hppap\/convocatoria-al-v-taller-de-enfermedades-raras\/#breadcrumb\"},\"inLanguage\":\"es\",\"potentialAction\":[{\"@type\":\"ReadAction\",\"target\":[\"https:\/\/instituciones.gtm.sld.cu\/hppap\/convocatoria-al-v-taller-de-enfermedades-raras\/\"]}]},{\"@type\":\"BreadcrumbList\",\"@id\":\"https:\/\/instituciones.gtm.sld.cu\/hppap\/convocatoria-al-v-taller-de-enfermedades-raras\/#breadcrumb\",\"itemListElement\":[{\"@type\":\"ListItem\",\"position\":1,\"name\":\"Inicio\",\"item\":\"https:\/\/instituciones.gtm.sld.cu\/hppap\/\"},{\"@type\":\"ListItem\",\"position\":2,\"name\":\"Convocatoria al V Taller de Enfermedades Raras\"}]},{\"@type\":\"WebSite\",\"@id\":\"https:\/\/instituciones.gtm.sld.cu\/hppap\/#website\",\"url\":\"https:\/\/instituciones.gtm.sld.cu\/hppap\/\",\"name\":\"Hospital Pedi\u00e1trico \\\"Pedro Agust\u00edn P\u00e9rez\\\"\",\"description\":\"\",\"publisher\":{\"@id\":\"https:\/\/instituciones.gtm.sld.cu\/hppap\/#organization\"},\"potentialAction\":[{\"@type\":\"SearchAction\",\"target\":{\"@type\":\"EntryPoint\",\"urlTemplate\":\"https:\/\/instituciones.gtm.sld.cu\/hppap\/?s={search_term_string}\"},\"query-input\":\"required name=search_term_string\"}],\"inLanguage\":\"es\"},{\"@type\":\"Organization\",\"@id\":\"https:\/\/instituciones.gtm.sld.cu\/hppap\/#organization\",\"name\":\"Hospital Pedi\u00e1trico \\\"Pedro Agust\u00edn P\u00e9rez\\\"\",\"url\":\"https:\/\/instituciones.gtm.sld.cu\/hppap\/\",\"logo\":{\"@type\":\"ImageObject\",\"inLanguage\":\"es\",\"@id\":\"https:\/\/instituciones.gtm.sld.cu\/hppap\/#\/schema\/logo\/image\/\",\"url\":\"https:\/\/instituciones.gtm.sld.cu\/hppap\/wp-content\/uploads\/sites\/37\/2024\/05\/299145640_582996300017682_8206920265837739482_n-1.jpg\",\"contentUrl\":\"https:\/\/instituciones.gtm.sld.cu\/hppap\/wp-content\/uploads\/sites\/37\/2024\/05\/299145640_582996300017682_8206920265837739482_n-1.jpg\",\"width\":960,\"height\":479,\"caption\":\"Hospital Pedi\u00e1trico \\\"Pedro Agust\u00edn P\u00e9rez\\\"\"},\"image\":{\"@id\":\"https:\/\/instituciones.gtm.sld.cu\/hppap\/#\/schema\/logo\/image\/\"}},{\"@type\":\"Person\",\"@id\":\"https:\/\/instituciones.gtm.sld.cu\/hppap\/#\/schema\/person\/7605b57472329db26d514bb3a399f602\",\"name\":\"hppap\",\"url\":\"https:\/\/instituciones.gtm.sld.cu\/hppap\/author\/hppap\/\"}]}<\/script>\n<!-- \/ Yoast SEO plugin. -->","yoast_head_json":{"title":"Convocatoria al V Taller de Enfermedades Raras - Hospital Pedi\u00e1trico &quot;Pedro Agust\u00edn P\u00e9rez&quot;","robots":{"index":"index","follow":"follow","max-snippet":"max-snippet:-1","max-image-preview":"max-image-preview:large","max-video-preview":"max-video-preview:-1"},"canonical":"https:\/\/instituciones.gtm.sld.cu\/hppap\/convocatoria-al-v-taller-de-enfermedades-raras\/","og_locale":"es_ES","og_type":"article","og_title":"Convocatoria al V Taller de Enfermedades Raras - Hospital Pedi\u00e1trico &quot;Pedro Agust\u00edn P\u00e9rez&quot;","og_description":"El Cap\u00edtulo de Pediatr\u00eda, el Departamento Provincial de Gen\u00e9tica M\u00e9dica y el Hospital Pedi\u00e1trico Docente \u201cPedro Agust\u00edn P\u00e9rez\u201d de Guant\u00e1namo, convocan a participar en el V Taller de Enfermedades Raras para demostrar el manejo ante este grupo de enfermedades que padecen los ni\u00f1os, ni\u00f1as y adolescentes en el pa\u00eds, una mirada al presente, sus retos y desaf\u00edos","og_url":"https:\/\/instituciones.gtm.sld.cu\/hppap\/convocatoria-al-v-taller-de-enfermedades-raras\/","og_site_name":"Hospital Pedi\u00e1trico &quot;Pedro Agust\u00edn P\u00e9rez&quot;","article_published_time":"2023-02-23T01:49:04+00:00","article_modified_time":"2023-07-04T19:51:31+00:00","og_image":[{"url":"https:\/\/instituciones.gtm.sld.cu\/hppap\/wp-content\/uploads\/sites\/37\/2023\/02\/images-e1677116936483-150x150.jpg"}],"author":"hppap","twitter_card":"summary_large_image","twitter_misc":{"Escrito por":"hppap","Tiempo de lectura":"2 minutos"},"schema":{"@context":"https:\/\/schema.org","@graph":[{"@type":"Article","@id":"https:\/\/instituciones.gtm.sld.cu\/hppap\/convocatoria-al-v-taller-de-enfermedades-raras\/#article","isPartOf":{"@id":"https:\/\/instituciones.gtm.sld.cu\/hppap\/convocatoria-al-v-taller-de-enfermedades-raras\/"},"author":{"name":"hppap","@id":"https:\/\/instituciones.gtm.sld.cu\/hppap\/#\/schema\/person\/7605b57472329db26d514bb3a399f602"},"headline":"Convocatoria al V Taller de Enfermedades Raras","datePublished":"2023-02-23T01:49:04+00:00","dateModified":"2023-07-04T19:51:31+00:00","mainEntityOfPage":{"@id":"https:\/\/instituciones.gtm.sld.cu\/hppap\/convocatoria-al-v-taller-de-enfermedades-raras\/"},"wordCount":488,"commentCount":0,"publisher":{"@id":"https:\/\/instituciones.gtm.sld.cu\/hppap\/#organization"},"articleSection":["Noticias"],"inLanguage":"es","potentialAction":[{"@type":"CommentAction","name":"Comment","target":["https:\/\/instituciones.gtm.sld.cu\/hppap\/convocatoria-al-v-taller-de-enfermedades-raras\/#respond"]}]},{"@type":"WebPage","@id":"https:\/\/instituciones.gtm.sld.cu\/hppap\/convocatoria-al-v-taller-de-enfermedades-raras\/","url":"https:\/\/instituciones.gtm.sld.cu\/hppap\/convocatoria-al-v-taller-de-enfermedades-raras\/","name":"Convocatoria al V Taller de Enfermedades Raras - Hospital Pedi\u00e1trico &quot;Pedro Agust\u00edn P\u00e9rez&quot;","isPartOf":{"@id":"https:\/\/instituciones.gtm.sld.cu\/hppap\/#website"},"datePublished":"2023-02-23T01:49:04+00:00","dateModified":"2023-07-04T19:51:31+00:00","breadcrumb":{"@id":"https:\/\/instituciones.gtm.sld.cu\/hppap\/convocatoria-al-v-taller-de-enfermedades-raras\/#breadcrumb"},"inLanguage":"es","potentialAction":[{"@type":"ReadAction","target":["https:\/\/instituciones.gtm.sld.cu\/hppap\/convocatoria-al-v-taller-de-enfermedades-raras\/"]}]},{"@type":"BreadcrumbList","@id":"https:\/\/instituciones.gtm.sld.cu\/hppap\/convocatoria-al-v-taller-de-enfermedades-raras\/#breadcrumb","itemListElement":[{"@type":"ListItem","position":1,"name":"Inicio","item":"https:\/\/instituciones.gtm.sld.cu\/hppap\/"},{"@type":"ListItem","position":2,"name":"Convocatoria al V Taller de Enfermedades Raras"}]},{"@type":"WebSite","@id":"https:\/\/instituciones.gtm.sld.cu\/hppap\/#website","url":"https:\/\/instituciones.gtm.sld.cu\/hppap\/","name":"Hospital Pedi\u00e1trico \"Pedro Agust\u00edn P\u00e9rez\"","description":"","publisher":{"@id":"https:\/\/instituciones.gtm.sld.cu\/hppap\/#organization"},"potentialAction":[{"@type":"SearchAction","target":{"@type":"EntryPoint","urlTemplate":"https:\/\/instituciones.gtm.sld.cu\/hppap\/?s={search_term_string}"},"query-input":"required name=search_term_string"}],"inLanguage":"es"},{"@type":"Organization","@id":"https:\/\/instituciones.gtm.sld.cu\/hppap\/#organization","name":"Hospital Pedi\u00e1trico \"Pedro Agust\u00edn P\u00e9rez\"","url":"https:\/\/instituciones.gtm.sld.cu\/hppap\/","logo":{"@type":"ImageObject","inLanguage":"es","@id":"https:\/\/instituciones.gtm.sld.cu\/hppap\/#\/schema\/logo\/image\/","url":"https:\/\/instituciones.gtm.sld.cu\/hppap\/wp-content\/uploads\/sites\/37\/2024\/05\/299145640_582996300017682_8206920265837739482_n-1.jpg","contentUrl":"https:\/\/instituciones.gtm.sld.cu\/hppap\/wp-content\/uploads\/sites\/37\/2024\/05\/299145640_582996300017682_8206920265837739482_n-1.jpg","width":960,"height":479,"caption":"Hospital Pedi\u00e1trico \"Pedro Agust\u00edn P\u00e9rez\""},"image":{"@id":"https:\/\/instituciones.gtm.sld.cu\/hppap\/#\/schema\/logo\/image\/"}},{"@type":"Person","@id":"https:\/\/instituciones.gtm.sld.cu\/hppap\/#\/schema\/person\/7605b57472329db26d514bb3a399f602","name":"hppap","url":"https:\/\/instituciones.gtm.sld.cu\/hppap\/author\/hppap\/"}]}},"jetpack_featured_media_url":"","_links":{"self":[{"href":"https:\/\/instituciones.gtm.sld.cu\/hppap\/wp-json\/wp\/v2\/posts\/3344"}],"collection":[{"href":"https:\/\/instituciones.gtm.sld.cu\/hppap\/wp-json\/wp\/v2\/posts"}],"about":[{"href":"https:\/\/instituciones.gtm.sld.cu\/hppap\/wp-json\/wp\/v2\/types\/post"}],"author":[{"embeddable":true,"href":"https:\/\/instituciones.gtm.sld.cu\/hppap\/wp-json\/wp\/v2\/users\/95"}],"replies":[{"embeddable":true,"href":"https:\/\/instituciones.gtm.sld.cu\/hppap\/wp-json\/wp\/v2\/comments?post=3344"}],"version-history":[{"count":3,"href":"https:\/\/instituciones.gtm.sld.cu\/hppap\/wp-json\/wp\/v2\/posts\/3344\/revisions"}],"predecessor-version":[{"id":3592,"href":"https:\/\/instituciones.gtm.sld.cu\/hppap\/wp-json\/wp\/v2\/posts\/3344\/revisions\/3592"}],"wp:attachment":[{"href":"https:\/\/instituciones.gtm.sld.cu\/hppap\/wp-json\/wp\/v2\/media?parent=3344"}],"wp:term":[{"taxonomy":"category","embeddable":true,"href":"https:\/\/instituciones.gtm.sld.cu\/hppap\/wp-json\/wp\/v2\/categories?post=3344"},{"taxonomy":"post_tag","embeddable":true,"href":"https:\/\/instituciones.gtm.sld.cu\/hppap\/wp-json\/wp\/v2\/tags?post=3344"}],"curies":[{"name":"wp","href":"https:\/\/api.w.org\/{rel}","templated":true}]}}