{"id":3350,"date":"2023-03-03T15:35:22","date_gmt":"2023-03-03T15:35:22","guid":{"rendered":"https:\/\/instituciones.gtm.sld.cu\/hppap\/?p=3350"},"modified":"2023-07-04T19:46:22","modified_gmt":"2023-07-04T19:46:22","slug":"cuba-lamenta-el-fallecimiento-del-eminente-dr-rodrigo-alvarez-cambra","status":"publish","type":"post","link":"https:\/\/instituciones.gtm.sld.cu\/hppap\/cuba-lamenta-el-fallecimiento-del-eminente-dr-rodrigo-alvarez-cambra\/","title":{"rendered":"Cuba lamenta el fallecimiento del eminente Dr Rodrigo \u00c1lvarez Cambra"},"content":{"rendered":"<p style=\"text-align: justify\">El eminente ortop\u00e9dico Rodrigo \u00c1lvarez Cambra falleci\u00f3 en la jornada de este 2 de marzo de 2023 en la capital cubana, una lamentable p\u00e9rdida para la medicina cubana y la comunidad m\u00e9dica internacional, inform\u00f3 el Dr Jos\u00e9 \u00c1ngel Portal Miranda, Ministro de Salud P\u00fablica.<\/p>\n<p style=\"text-align: justify\"><!--more--><\/p>\n<p><img decoding=\"async\" class=\"alignnone wp-image-3354 size-thumbnail\" src=\"https:\/\/instituciones.gtm.sld.cu\/hppap\/wp-content\/uploads\/sites\/37\/2023\/03\/alvarez-cambra-150x150.jpg\" alt=\"\" width=\"150\" height=\"150\" \/><\/p>\n<p style=\"text-align: justify\">Nacido el 22 de diciembre de 1934 en Candelaria, Pinar del R\u00edo, \u00c1lvarez Cambra acumulaba una importante hoja de servicio a la Patria y numerosos t\u00edtulos, grados universitarios acad\u00e9micos y cient\u00edficos, entre ellos: Doctor en Medicina, en Ciencias y en Ciencias M\u00e9dicas, Especialista de II Grado en Ortopedia y Traumatolog\u00eda, Decano de la Escuela Iberoamericana de Ortopedia y Traumatolog\u00eda, Investigador de M\u00e9rito del Ministerio de Ciencia, Tecnolog\u00eda y Medio Ambiente y Acad\u00e9mico Titular de la Academia de Ciencias de Cuba.<\/p>\n<p style=\"text-align: justify\">Varias universidades le otorgaron la condici\u00f3n de Doctor Honoris Causa como las de Bolivia y dos de Per\u00fa, la de Karlos en Praga, Checoslovaquia, lo distingui\u00f3 con el t\u00edtulo de Doctor en Ciencias, y se gan\u00f3 la condici\u00f3n de Profesor Honorario del centro de altos estudios de Santo Domingo, Rep\u00fablica Dominicana.<\/p>\n<p style=\"text-align: justify\">Tambi\u00e9n fue asistente extranjero de la Facultad de Medicina de la Universidad de Par\u00eds, Francia y Profesor Consultante del Hospital Ortop\u00e9dico Al-Razi, Kuwait, entre otros reconocimientos.<\/p>\n<p style=\"text-align: justify\">La juventud de \u00c1lvavez Cambra coincidi\u00f3 con los a\u00f1os en que el dictador Fulgencio Batista se adjudic\u00f3 el poder como consecuencias de su golpe de estado en 1952.<\/p>\n<p style=\"text-align: justify\">Eran tiempos de convocatoria a los estudiantes, por lo que no permaneci\u00f3 al margen y particip\u00f3 en manifestaciones, protestas y recibi\u00f3 alguna que otra golpiza de manos de la polic\u00eda que no faltaron en el curriculum del futuro galeno.<\/p>\n<p style=\"text-align: justify\">Luego del triunfo de la Revoluci\u00f3n, el 1 de enero de 1959, consagr\u00f3 su vida al estudio y desarrollo de la ortopedia y la traumatolog\u00eda, la investigaci\u00f3n y la formaci\u00f3n de las nuevas generaciones en esas especialidades en Cuba y el mundo.<\/p>\n<p style=\"text-align: justify\">Su gran obra tambi\u00e9n se vincula estrechamente al deporte cubano, donde atendi\u00f3 y salv\u00f3 las carreras de centenares de deportistas lesionados y varios campeones ol\u00edmpicos.<\/p>\n<p style=\"text-align: justify\">A trav\u00e9s de su cuenta en Twitter el Presidente de la Rep\u00fablica, Miguel Mario D\u00edaz-Canel\u00a0 Berm\u00fadez expres\u00f3 sus condolencias a familiares y amigos y reconoci\u00f3 a \u00c1lvarez Cambra como Padre de la Ortopedia en Cuba.<\/p>\n","protected":false},"excerpt":{"rendered":"<p>El eminente ortop\u00e9dico Rodrigo \u00c1lvarez Cambra falleci\u00f3 en la jornada de este 2 de marzo de 2023 en la capital cubana, una lamentable p\u00e9rdida para la medicina cubana y la comunidad m\u00e9dica internacional, inform\u00f3 el Dr Jos\u00e9 \u00c1ngel Portal Miranda, Ministro de Salud P\u00fablica.<\/p><p><a class=\"more-link btn\" href=\"https:\/\/instituciones.gtm.sld.cu\/hppap\/cuba-lamenta-el-fallecimiento-del-eminente-dr-rodrigo-alvarez-cambra\/\">Seguir leyendo<\/a><\/p>\n","protected":false},"author":95,"featured_media":0,"comment_status":"open","ping_status":"open","sticky":false,"template":"","format":"standard","meta":{"ngg_post_thumbnail":0},"categories":[5],"tags":[],"yoast_head":"<!-- This site is optimized with the Yoast SEO plugin v21.8 - https:\/\/yoast.com\/wordpress\/plugins\/seo\/ -->\n<title>Cuba lamenta el fallecimiento del eminente Dr Rodrigo \u00c1lvarez Cambra - Hospital Pedi\u00e1trico &quot;Pedro Agust\u00edn P\u00e9rez&quot;<\/title>\n<meta name=\"robots\" content=\"index, follow, max-snippet:-1, max-image-preview:large, max-video-preview:-1\" \/>\n<link rel=\"canonical\" href=\"https:\/\/instituciones.gtm.sld.cu\/hppap\/cuba-lamenta-el-fallecimiento-del-eminente-dr-rodrigo-alvarez-cambra\/\" \/>\n<meta property=\"og:locale\" content=\"es_ES\" \/>\n<meta property=\"og:type\" content=\"article\" \/>\n<meta property=\"og:title\" content=\"Cuba lamenta el fallecimiento del eminente Dr Rodrigo \u00c1lvarez Cambra - Hospital Pedi\u00e1trico &quot;Pedro Agust\u00edn P\u00e9rez&quot;\" \/>\n<meta property=\"og:description\" content=\"El eminente ortop\u00e9dico Rodrigo \u00c1lvarez Cambra falleci\u00f3 en la jornada de este 2 de marzo de 2023 en la capital cubana, una lamentable p\u00e9rdida para la medicina cubana y la comunidad m\u00e9dica internacional, inform\u00f3 el Dr Jos\u00e9 \u00c1ngel Portal Miranda, Ministro de Salud P\u00fablica.\" \/>\n<meta property=\"og:url\" content=\"https:\/\/instituciones.gtm.sld.cu\/hppap\/cuba-lamenta-el-fallecimiento-del-eminente-dr-rodrigo-alvarez-cambra\/\" \/>\n<meta property=\"og:site_name\" content=\"Hospital Pedi\u00e1trico &quot;Pedro Agust\u00edn P\u00e9rez&quot;\" \/>\n<meta property=\"article:published_time\" content=\"2023-03-03T15:35:22+00:00\" \/>\n<meta property=\"article:modified_time\" content=\"2023-07-04T19:46:22+00:00\" \/>\n<meta property=\"og:image\" content=\"https:\/\/instituciones.gtm.sld.cu\/hppap\/wp-content\/uploads\/sites\/37\/2023\/03\/alvarez-cambra-150x150.jpg\" \/>\n<meta name=\"author\" content=\"hppap\" \/>\n<meta name=\"twitter:card\" content=\"summary_large_image\" \/>\n<meta name=\"twitter:label1\" content=\"Escrito por\" \/>\n\t<meta name=\"twitter:data1\" content=\"hppap\" \/>\n\t<meta name=\"twitter:label2\" content=\"Tiempo de lectura\" \/>\n\t<meta name=\"twitter:data2\" content=\"2 minutos\" \/>\n<script type=\"application\/ld+json\" class=\"yoast-schema-graph\">{\"@context\":\"https:\/\/schema.org\",\"@graph\":[{\"@type\":\"Article\",\"@id\":\"https:\/\/instituciones.gtm.sld.cu\/hppap\/cuba-lamenta-el-fallecimiento-del-eminente-dr-rodrigo-alvarez-cambra\/#article\",\"isPartOf\":{\"@id\":\"https:\/\/instituciones.gtm.sld.cu\/hppap\/cuba-lamenta-el-fallecimiento-del-eminente-dr-rodrigo-alvarez-cambra\/\"},\"author\":{\"name\":\"hppap\",\"@id\":\"https:\/\/instituciones.gtm.sld.cu\/hppap\/#\/schema\/person\/7605b57472329db26d514bb3a399f602\"},\"headline\":\"Cuba lamenta el fallecimiento del eminente Dr Rodrigo \u00c1lvarez Cambra\",\"datePublished\":\"2023-03-03T15:35:22+00:00\",\"dateModified\":\"2023-07-04T19:46:22+00:00\",\"mainEntityOfPage\":{\"@id\":\"https:\/\/instituciones.gtm.sld.cu\/hppap\/cuba-lamenta-el-fallecimiento-del-eminente-dr-rodrigo-alvarez-cambra\/\"},\"wordCount\":406,\"commentCount\":0,\"publisher\":{\"@id\":\"https:\/\/instituciones.gtm.sld.cu\/hppap\/#organization\"},\"articleSection\":[\"Noticias\"],\"inLanguage\":\"es\",\"potentialAction\":[{\"@type\":\"CommentAction\",\"name\":\"Comment\",\"target\":[\"https:\/\/instituciones.gtm.sld.cu\/hppap\/cuba-lamenta-el-fallecimiento-del-eminente-dr-rodrigo-alvarez-cambra\/#respond\"]}]},{\"@type\":\"WebPage\",\"@id\":\"https:\/\/instituciones.gtm.sld.cu\/hppap\/cuba-lamenta-el-fallecimiento-del-eminente-dr-rodrigo-alvarez-cambra\/\",\"url\":\"https:\/\/instituciones.gtm.sld.cu\/hppap\/cuba-lamenta-el-fallecimiento-del-eminente-dr-rodrigo-alvarez-cambra\/\",\"name\":\"Cuba lamenta el fallecimiento del eminente Dr Rodrigo \u00c1lvarez Cambra - Hospital Pedi\u00e1trico &quot;Pedro Agust\u00edn P\u00e9rez&quot;\",\"isPartOf\":{\"@id\":\"https:\/\/instituciones.gtm.sld.cu\/hppap\/#website\"},\"datePublished\":\"2023-03-03T15:35:22+00:00\",\"dateModified\":\"2023-07-04T19:46:22+00:00\",\"breadcrumb\":{\"@id\":\"https:\/\/instituciones.gtm.sld.cu\/hppap\/cuba-lamenta-el-fallecimiento-del-eminente-dr-rodrigo-alvarez-cambra\/#breadcrumb\"},\"inLanguage\":\"es\",\"potentialAction\":[{\"@type\":\"ReadAction\",\"target\":[\"https:\/\/instituciones.gtm.sld.cu\/hppap\/cuba-lamenta-el-fallecimiento-del-eminente-dr-rodrigo-alvarez-cambra\/\"]}]},{\"@type\":\"BreadcrumbList\",\"@id\":\"https:\/\/instituciones.gtm.sld.cu\/hppap\/cuba-lamenta-el-fallecimiento-del-eminente-dr-rodrigo-alvarez-cambra\/#breadcrumb\",\"itemListElement\":[{\"@type\":\"ListItem\",\"position\":1,\"name\":\"Inicio\",\"item\":\"https:\/\/instituciones.gtm.sld.cu\/hppap\/\"},{\"@type\":\"ListItem\",\"position\":2,\"name\":\"Cuba lamenta el fallecimiento del eminente Dr Rodrigo \u00c1lvarez Cambra\"}]},{\"@type\":\"WebSite\",\"@id\":\"https:\/\/instituciones.gtm.sld.cu\/hppap\/#website\",\"url\":\"https:\/\/instituciones.gtm.sld.cu\/hppap\/\",\"name\":\"Hospital Pedi\u00e1trico \\\"Pedro Agust\u00edn P\u00e9rez\\\"\",\"description\":\"\",\"publisher\":{\"@id\":\"https:\/\/instituciones.gtm.sld.cu\/hppap\/#organization\"},\"potentialAction\":[{\"@type\":\"SearchAction\",\"target\":{\"@type\":\"EntryPoint\",\"urlTemplate\":\"https:\/\/instituciones.gtm.sld.cu\/hppap\/?s={search_term_string}\"},\"query-input\":\"required name=search_term_string\"}],\"inLanguage\":\"es\"},{\"@type\":\"Organization\",\"@id\":\"https:\/\/instituciones.gtm.sld.cu\/hppap\/#organization\",\"name\":\"Hospital Pedi\u00e1trico \\\"Pedro Agust\u00edn P\u00e9rez\\\"\",\"url\":\"https:\/\/instituciones.gtm.sld.cu\/hppap\/\",\"logo\":{\"@type\":\"ImageObject\",\"inLanguage\":\"es\",\"@id\":\"https:\/\/instituciones.gtm.sld.cu\/hppap\/#\/schema\/logo\/image\/\",\"url\":\"https:\/\/instituciones.gtm.sld.cu\/hppap\/wp-content\/uploads\/sites\/37\/2024\/05\/299145640_582996300017682_8206920265837739482_n-1.jpg\",\"contentUrl\":\"https:\/\/instituciones.gtm.sld.cu\/hppap\/wp-content\/uploads\/sites\/37\/2024\/05\/299145640_582996300017682_8206920265837739482_n-1.jpg\",\"width\":960,\"height\":479,\"caption\":\"Hospital Pedi\u00e1trico \\\"Pedro Agust\u00edn P\u00e9rez\\\"\"},\"image\":{\"@id\":\"https:\/\/instituciones.gtm.sld.cu\/hppap\/#\/schema\/logo\/image\/\"}},{\"@type\":\"Person\",\"@id\":\"https:\/\/instituciones.gtm.sld.cu\/hppap\/#\/schema\/person\/7605b57472329db26d514bb3a399f602\",\"name\":\"hppap\",\"url\":\"https:\/\/instituciones.gtm.sld.cu\/hppap\/author\/hppap\/\"}]}<\/script>\n<!-- \/ Yoast SEO plugin. -->","yoast_head_json":{"title":"Cuba lamenta el fallecimiento del eminente Dr Rodrigo \u00c1lvarez Cambra - Hospital Pedi\u00e1trico &quot;Pedro Agust\u00edn P\u00e9rez&quot;","robots":{"index":"index","follow":"follow","max-snippet":"max-snippet:-1","max-image-preview":"max-image-preview:large","max-video-preview":"max-video-preview:-1"},"canonical":"https:\/\/instituciones.gtm.sld.cu\/hppap\/cuba-lamenta-el-fallecimiento-del-eminente-dr-rodrigo-alvarez-cambra\/","og_locale":"es_ES","og_type":"article","og_title":"Cuba lamenta el fallecimiento del eminente Dr Rodrigo \u00c1lvarez Cambra - Hospital Pedi\u00e1trico &quot;Pedro Agust\u00edn P\u00e9rez&quot;","og_description":"El eminente ortop\u00e9dico Rodrigo \u00c1lvarez Cambra falleci\u00f3 en la jornada de este 2 de marzo de 2023 en la capital cubana, una lamentable p\u00e9rdida para la medicina cubana y la comunidad m\u00e9dica internacional, inform\u00f3 el Dr Jos\u00e9 \u00c1ngel Portal Miranda, Ministro de Salud P\u00fablica.","og_url":"https:\/\/instituciones.gtm.sld.cu\/hppap\/cuba-lamenta-el-fallecimiento-del-eminente-dr-rodrigo-alvarez-cambra\/","og_site_name":"Hospital Pedi\u00e1trico &quot;Pedro Agust\u00edn P\u00e9rez&quot;","article_published_time":"2023-03-03T15:35:22+00:00","article_modified_time":"2023-07-04T19:46:22+00:00","og_image":[{"url":"https:\/\/instituciones.gtm.sld.cu\/hppap\/wp-content\/uploads\/sites\/37\/2023\/03\/alvarez-cambra-150x150.jpg"}],"author":"hppap","twitter_card":"summary_large_image","twitter_misc":{"Escrito por":"hppap","Tiempo de lectura":"2 minutos"},"schema":{"@context":"https:\/\/schema.org","@graph":[{"@type":"Article","@id":"https:\/\/instituciones.gtm.sld.cu\/hppap\/cuba-lamenta-el-fallecimiento-del-eminente-dr-rodrigo-alvarez-cambra\/#article","isPartOf":{"@id":"https:\/\/instituciones.gtm.sld.cu\/hppap\/cuba-lamenta-el-fallecimiento-del-eminente-dr-rodrigo-alvarez-cambra\/"},"author":{"name":"hppap","@id":"https:\/\/instituciones.gtm.sld.cu\/hppap\/#\/schema\/person\/7605b57472329db26d514bb3a399f602"},"headline":"Cuba lamenta el fallecimiento del eminente Dr Rodrigo \u00c1lvarez Cambra","datePublished":"2023-03-03T15:35:22+00:00","dateModified":"2023-07-04T19:46:22+00:00","mainEntityOfPage":{"@id":"https:\/\/instituciones.gtm.sld.cu\/hppap\/cuba-lamenta-el-fallecimiento-del-eminente-dr-rodrigo-alvarez-cambra\/"},"wordCount":406,"commentCount":0,"publisher":{"@id":"https:\/\/instituciones.gtm.sld.cu\/hppap\/#organization"},"articleSection":["Noticias"],"inLanguage":"es","potentialAction":[{"@type":"CommentAction","name":"Comment","target":["https:\/\/instituciones.gtm.sld.cu\/hppap\/cuba-lamenta-el-fallecimiento-del-eminente-dr-rodrigo-alvarez-cambra\/#respond"]}]},{"@type":"WebPage","@id":"https:\/\/instituciones.gtm.sld.cu\/hppap\/cuba-lamenta-el-fallecimiento-del-eminente-dr-rodrigo-alvarez-cambra\/","url":"https:\/\/instituciones.gtm.sld.cu\/hppap\/cuba-lamenta-el-fallecimiento-del-eminente-dr-rodrigo-alvarez-cambra\/","name":"Cuba lamenta el fallecimiento del eminente Dr Rodrigo \u00c1lvarez Cambra - Hospital Pedi\u00e1trico &quot;Pedro Agust\u00edn P\u00e9rez&quot;","isPartOf":{"@id":"https:\/\/instituciones.gtm.sld.cu\/hppap\/#website"},"datePublished":"2023-03-03T15:35:22+00:00","dateModified":"2023-07-04T19:46:22+00:00","breadcrumb":{"@id":"https:\/\/instituciones.gtm.sld.cu\/hppap\/cuba-lamenta-el-fallecimiento-del-eminente-dr-rodrigo-alvarez-cambra\/#breadcrumb"},"inLanguage":"es","potentialAction":[{"@type":"ReadAction","target":["https:\/\/instituciones.gtm.sld.cu\/hppap\/cuba-lamenta-el-fallecimiento-del-eminente-dr-rodrigo-alvarez-cambra\/"]}]},{"@type":"BreadcrumbList","@id":"https:\/\/instituciones.gtm.sld.cu\/hppap\/cuba-lamenta-el-fallecimiento-del-eminente-dr-rodrigo-alvarez-cambra\/#breadcrumb","itemListElement":[{"@type":"ListItem","position":1,"name":"Inicio","item":"https:\/\/instituciones.gtm.sld.cu\/hppap\/"},{"@type":"ListItem","position":2,"name":"Cuba lamenta el fallecimiento del eminente Dr Rodrigo \u00c1lvarez Cambra"}]},{"@type":"WebSite","@id":"https:\/\/instituciones.gtm.sld.cu\/hppap\/#website","url":"https:\/\/instituciones.gtm.sld.cu\/hppap\/","name":"Hospital Pedi\u00e1trico \"Pedro Agust\u00edn P\u00e9rez\"","description":"","publisher":{"@id":"https:\/\/instituciones.gtm.sld.cu\/hppap\/#organization"},"potentialAction":[{"@type":"SearchAction","target":{"@type":"EntryPoint","urlTemplate":"https:\/\/instituciones.gtm.sld.cu\/hppap\/?s={search_term_string}"},"query-input":"required name=search_term_string"}],"inLanguage":"es"},{"@type":"Organization","@id":"https:\/\/instituciones.gtm.sld.cu\/hppap\/#organization","name":"Hospital Pedi\u00e1trico \"Pedro Agust\u00edn P\u00e9rez\"","url":"https:\/\/instituciones.gtm.sld.cu\/hppap\/","logo":{"@type":"ImageObject","inLanguage":"es","@id":"https:\/\/instituciones.gtm.sld.cu\/hppap\/#\/schema\/logo\/image\/","url":"https:\/\/instituciones.gtm.sld.cu\/hppap\/wp-content\/uploads\/sites\/37\/2024\/05\/299145640_582996300017682_8206920265837739482_n-1.jpg","contentUrl":"https:\/\/instituciones.gtm.sld.cu\/hppap\/wp-content\/uploads\/sites\/37\/2024\/05\/299145640_582996300017682_8206920265837739482_n-1.jpg","width":960,"height":479,"caption":"Hospital Pedi\u00e1trico \"Pedro Agust\u00edn P\u00e9rez\""},"image":{"@id":"https:\/\/instituciones.gtm.sld.cu\/hppap\/#\/schema\/logo\/image\/"}},{"@type":"Person","@id":"https:\/\/instituciones.gtm.sld.cu\/hppap\/#\/schema\/person\/7605b57472329db26d514bb3a399f602","name":"hppap","url":"https:\/\/instituciones.gtm.sld.cu\/hppap\/author\/hppap\/"}]}},"jetpack_featured_media_url":"","_links":{"self":[{"href":"https:\/\/instituciones.gtm.sld.cu\/hppap\/wp-json\/wp\/v2\/posts\/3350"}],"collection":[{"href":"https:\/\/instituciones.gtm.sld.cu\/hppap\/wp-json\/wp\/v2\/posts"}],"about":[{"href":"https:\/\/instituciones.gtm.sld.cu\/hppap\/wp-json\/wp\/v2\/types\/post"}],"author":[{"embeddable":true,"href":"https:\/\/instituciones.gtm.sld.cu\/hppap\/wp-json\/wp\/v2\/users\/95"}],"replies":[{"embeddable":true,"href":"https:\/\/instituciones.gtm.sld.cu\/hppap\/wp-json\/wp\/v2\/comments?post=3350"}],"version-history":[{"count":5,"href":"https:\/\/instituciones.gtm.sld.cu\/hppap\/wp-json\/wp\/v2\/posts\/3350\/revisions"}],"predecessor-version":[{"id":3591,"href":"https:\/\/instituciones.gtm.sld.cu\/hppap\/wp-json\/wp\/v2\/posts\/3350\/revisions\/3591"}],"wp:attachment":[{"href":"https:\/\/instituciones.gtm.sld.cu\/hppap\/wp-json\/wp\/v2\/media?parent=3350"}],"wp:term":[{"taxonomy":"category","embeddable":true,"href":"https:\/\/instituciones.gtm.sld.cu\/hppap\/wp-json\/wp\/v2\/categories?post=3350"},{"taxonomy":"post_tag","embeddable":true,"href":"https:\/\/instituciones.gtm.sld.cu\/hppap\/wp-json\/wp\/v2\/tags?post=3350"}],"curies":[{"name":"wp","href":"https:\/\/api.w.org\/{rel}","templated":true}]}}